{"id":12438,"date":"2020-09-07T14:05:53","date_gmt":"2020-09-07T12:05:53","guid":{"rendered":"https:\/\/wp.muchomaas.com\/article-christian-paul-il-faut-des-compromis-offensifs-a-gauche\/"},"modified":"2023-06-24T00:01:47","modified_gmt":"2023-06-23T22:01:47","slug":"article-christian-paul-il-faut-des-compromis-offensifs-a-gauche","status":"publish","type":"post","link":"https:\/\/archives.regards.fr\/?p=12438","title":{"rendered":"Christian Paul : \u00ab Il faut des compromis offensifs \u00e0 gauche \u00bb"},"content":{"rendered":"<p class=\"post_excerpt\">D\u00e9but septembre, la deuxi\u00e8me \u00e9dition du Festival des Id\u00e9es se tenait \u00e0 La Charit\u00e9-sur-Loire. Christian Paul, ancien d\u00e9put\u00e9 socialiste et cofondateur du festival, est l\u2019invit\u00e9 de #LaMidinale.<\/p>\n<h2>UNE MIDINALE \u00c0 VOIR&#8230;<\/h2>\n<p><iframe loading=\"lazy\" width=\"490\" height=\"276\" src=\"https:\/\/www.youtube.com\/embed\/167vqKp1Z94\" frameborder=\"0\" allow=\"accelerometer; autoplay; encrypted-media; gyroscope; picture-in-picture\" allowfullscreen><\/iframe><\/p>\n<p>&nbsp;<\/p>\n<p><h2>ET \u00c0 LIRE&#8230;<\/h2>\n<p><em>\u00a0<strong>Sur Lionel Jospin <\/em>\u00a0<\/strong><br \/>\n\u00ab Je suis heureux qu\u2019il y ait des voix publiques qui s\u2019\u00e9l\u00e8vent pour y voir clair. Mais pour y voir clair pour l\u2019avenir il faut aussi exercer le droit d\u2019inventaire. \u00bb<br \/>\n\u00ab Je ne suis pas de ceux qui ont consid\u00e9r\u00e9 que le quinquennat Jospin avait op\u00e9r\u00e9 un sans faute. C\u2019est probablement le dernier moment o\u00f9 la gauche a pu r\u00e9aliser de grandes et belles choses. Mais nous avons sans doute laiss\u00e9 passer la mont\u00e9e de la pr\u00e9carit\u00e9 et sous estim\u00e9 les effets d\u00e9vastateurs de la mondialisation \u00e9conomique, ultra-lib\u00e9rale. \u00bb<br \/>\n\u00ab Je n\u2019approuve pas l\u2019inversion du calendrier \u00e9lectoral qui accentue la pr\u00e9sidentialisation. \u00bb<br \/>\n\u00ab Jospin n\u2019a pas c\u00e9d\u00e9 \u00e0 cette premi\u00e8re \u00e9tape de la d\u00e9rive social-lib\u00e9rale qui avait \u00e9t\u00e9 op\u00e9r\u00e9e par de nombreux autres gouvernements europ\u00e9en. \u00bb<\/p>\n<p><em>\u00a0<strong>Sur le Festival des id\u00e9es<\/em>\u00a0<\/strong><br \/>\n\u00ab Le Festival des id\u00e9es est d\u2019abord une universit\u00e9 citoyenne. Les partis politiques sont invit\u00e9s mais ne sont pas invitants. \u00bb<br \/>\n\u00ab Nous n\u2019avons pas vocation \u00e0 r\u00e9gler tous les probl\u00e8mes des gauches et des \u00e9cologistes dans la construction d\u2019une coalition politique. Nous pouvons y aider si nous aidons \u00e0 ce que la coalition des id\u00e9es pr\u00e9pare la coalition des forces politiques. \u00bb<br \/>\n\u00ab La gauche plurielle de Lionel Jospin ou l\u2019union de la gauche de Fran\u00e7ois Mitterrand sont des concepts politiques tr\u00e8s situ\u00e9s dans l\u2019histoire. Il s\u2019agit de concepts construits autour du Parti socialiste. \u00bb<br \/>\n\u00ab Ce qui aujourd\u2019hui est d\u2019une actualit\u00e9 absolue, est d\u2019une tout autre nature : c\u2019est la construction d\u2019une coalition, d\u2019une maison commune qui permette de pr\u00e9parer l\u2019\u00e9lection pr\u00e9sidentielle de mani\u00e8re rassembl\u00e9e. \u00bb<br \/>\n\u00ab L\u2019unit\u00e9 n\u2019est pas un projet (\u2026) mais il y a suffisamment de communs, qu\u2019on peut indiquer \u00e0 quoi peut servir l\u2019unit\u00e9. \u00bb<\/p>\n<p><em>\u00a0<strong>Sur la tentation h\u00e9g\u00e9monique \u00e0 gauche <\/em>\u00a0<\/strong><br \/>\n\u00ab Chaque fois que j\u2019entends les leaders politiques parler de centralit\u00e9 ou d\u2019h\u00e9g\u00e9monie, je constate qu\u2019aucun n\u2019a aujourd\u2019hui vocation \u00e0 une centralit\u00e9 ou \u00e0 une h\u00e9g\u00e9monie. \u00bb<br \/>\n\u00ab Aussi longtemps qu\u2019il y aura une comp\u00e9tition pour l\u2019h\u00e9g\u00e9monie ou la centralit\u00e9, il y aura une impuissance collective et des blocages qui sont, au fond, assez d\u00e9risoires. \u00bb<\/p>\n<p><em> <strong>Sur la strat\u00e9gie \u00e0 gauche<\/strong> <\/em><br \/>\n\u00ab Il faut enrichir la strat\u00e9gie. Le huit clos des partis politiques est mortif\u00e8re. Les partis politiques, tels qu\u2019ils sont organis\u00e9s, ne sont pas en capacit\u00e9 d\u2019\u00e9couter les citoyens et de les entendre. \u00bb<br \/>\n\u00ab Le travail d\u2019\u00e9coute s\u00e9rieux des citoyens, qui doit \u00eatre le pr\u00e9alable \u00e0 toute politique, doit \u00eatre fait. \u00bb<br \/>\n\u00ab Les partis sont profond\u00e9ment d\u00e9vitalis\u00e9s par rapport \u00e0 ce qu\u2019ils ont \u00e9t\u00e9 dans l\u2019histoire. \u00c7a vaut pour le parti socialiste que je connais de l\u2019int\u00e9rieur. Les \u00e9cologistes sont une force montante mais, ils l\u2019avouent eux-m\u00eames, encore faiblement organis\u00e9e. Et Jean-Luc M\u00e9lenchon, au moins jusqu\u2019\u00e0 ces derniers mois, \u00e9tait plus constitu\u00e9 comme une forteresse assi\u00e9g\u00e9e que comme un grand mouvement tr\u00e8s ouvert. \u00bb<\/p>\n<p><em>\u00a0<strong>Sur Jean-Luc M\u00e9lenchon, candidat commun<\/em>\u00a0<\/strong><br \/>\n\u00ab La question est de savoir si nous d\u00e9cidons collectivement de cr\u00e9er les conditions d\u2019une candidature commune. \u00bb<br \/>\n\u00ab \u00c0 ce stade, ni Jean-Luc M\u00e9lenchon ni d\u2019autres n\u2019ont vocation \u00e0 se proclamer. Qu\u2019ils d\u00e9clarent leurs intentions est l\u00e9gitime. Nous serons tr\u00e8s nombreux qui, dans un cadre \u00e0 cr\u00e9er, puissent examiner ces candidatures. \u00bb<br \/>\n\u00ab Il va falloir trouver une fa\u00e7on d\u2019avancer vers une candidature commune. \u00bb<\/p>\n<p><em>\u00a0<strong>Sur les d\u00e9saccords de fond \u00e0 gauche<\/em>\u00a0<\/strong><br \/>\n\u00ab Les d\u00e9saccords ne sont pas insupportables d\u00e8s lors que l\u2019on fait un patient travail de rapprochement et de construction d\u2019une coalition. \u00bb<br \/>\n\u00ab Si Biden et Sanders ont r\u00e9ussi \u00e0 le faire aux Etats-Unis, \u00e7a doit \u00eatre possible pour les gauches, les \u00e9cologistes et les citoyens organis\u00e9s, de le faire. \u00bb<br \/>\n\u00ab Si j\u2019avais \u00e0 d\u00e9signer trois fa\u00e7ons d\u2019agir dans cette rentr\u00e9e pour fabriquer un programme d\u2019int\u00e9r\u00eat g\u00e9n\u00e9ral et de gouvernement &#8211; le programme d\u2019une belle coalition : des initiatives programmatiques du c\u00f4t\u00e9 des syndicats et des ONG s\u2019acheminent ; des initiatives citoyennes qui ont germ\u00e9 pendant le confinement et qui se consolident ; et puis il faut aussi que depuis les partis politiques, des responsables, des militants, des experts travaillent ensemble sur les cinq ou six grands chantiers. \u00bb<br \/>\n\u00ab Il faut des compromis offensifs \u00e0 gauche. \u00bb<br \/>\n\u00ab Ce qui a tu\u00e9 le quinquennat pr\u00e9c\u00e9dent, c\u2019est l\u2019absence d\u2019ambition de transformation sociale et d\u2019avoir c\u00e9d\u00e9 \u00e0 l\u2019infl\u00e9chissement lib\u00e9ral &#8211; comme le dit Lionel Jospin. \u00bb<\/p>\n<p><em>\u00a0<strong>Sur l\u2019\u00e9dition 2021 du festival<\/em>\u00a0<\/strong><br \/>\n\u00ab Il y aura, si l\u2019\u00e9quipe b\u00e9n\u00e9vole du festival s\u2019en donne les moyens, une troisi\u00e8me \u00e9dition du Festival des id\u00e9es. \u00bb<br \/>\n\u00ab J\u2019aimerais qu\u2019\u00e0 ce moment-l\u00e0 [avant la prochaine \u00e9dition du festival], la question de la candidature commune soit tranch\u00e9e. \u00bb<br \/>\n\u00ab Si nous pouvons d\u2019ici l\u2019\u00e9t\u00e9 prochain avoir un candidat commun, nous aurons rendu service. \u00bb<div id='gallery-1' class='gallery galleryid-12438 gallery-columns-3 gallery-size-thumbnail'><figure class='gallery-item'>\n\t\t\t<div class='gallery-icon landscape'>\n\t\t\t\t<a href='https:\/\/archives.regards.fr\/wp-content\/uploads\/2020\/09\/screenshot_2020-09-07_at_14-1df.54.01.png'><img loading=\"lazy\" decoding=\"async\" width=\"150\" height=\"150\" src=\"https:\/\/archives.regards.fr\/wp-content\/uploads\/2020\/09\/screenshot_2020-09-07_at_14-1df.54.01-150x150.png\" class=\"attachment-thumbnail size-thumbnail\" alt=\"screenshot_2020-09-07_at_14.54.01.png\" \/><\/a>\n\t\t\t<\/div><\/figure>\n\t\t<\/div>\n<\/p>\n","protected":false},"excerpt":{"rendered":"<p>D\u00e9but septembre, la deuxi\u00e8me \u00e9dition du Festival des Id\u00e9es se tenait \u00e0 La Charit\u00e9-sur-Loire. Christian Paul, ancien d\u00e9put\u00e9 socialiste et cofondateur du festival, est l\u2019invit\u00e9 de #LaMidinale.<\/p>\n","protected":false},"author":1039,"featured_media":29685,"comment_status":"open","ping_status":"open","sticky":false,"template":"","format":"standard","meta":{"_themeisle_gutenberg_block_has_review":false,"footnotes":""},"categories":[238],"tags":[293],"class_list":["post-12438","post","type-post","status-publish","format-standard","has-post-thumbnail","hentry","category-la-midinale","tag-entretien"],"_links":{"self":[{"href":"https:\/\/archives.regards.fr\/index.php?rest_route=\/wp\/v2\/posts\/12438","targetHints":{"allow":["GET"]}}],"collection":[{"href":"https:\/\/archives.regards.fr\/index.php?rest_route=\/wp\/v2\/posts"}],"about":[{"href":"https:\/\/archives.regards.fr\/index.php?rest_route=\/wp\/v2\/types\/post"}],"author":[{"embeddable":true,"href":"https:\/\/archives.regards.fr\/index.php?rest_route=\/wp\/v2\/users\/1039"}],"replies":[{"embeddable":true,"href":"https:\/\/archives.regards.fr\/index.php?rest_route=%2Fwp%2Fv2%2Fcomments&post=12438"}],"version-history":[{"count":0,"href":"https:\/\/archives.regards.fr\/index.php?rest_route=\/wp\/v2\/posts\/12438\/revisions"}],"wp:featuredmedia":[{"embeddable":true,"href":"https:\/\/archives.regards.fr\/index.php?rest_route=\/wp\/v2\/media\/29685"}],"wp:attachment":[{"href":"https:\/\/archives.regards.fr\/index.php?rest_route=%2Fwp%2Fv2%2Fmedia&parent=12438"}],"wp:term":[{"taxonomy":"category","embeddable":true,"href":"https:\/\/archives.regards.fr\/index.php?rest_route=%2Fwp%2Fv2%2Fcategories&post=12438"},{"taxonomy":"post_tag","embeddable":true,"href":"https:\/\/archives.regards.fr\/index.php?rest_route=%2Fwp%2Fv2%2Ftags&post=12438"}],"curies":[{"name":"wp","href":"https:\/\/api.w.org\/{rel}","templated":true}]}}