{"id":12435,"date":"2020-09-04T14:22:24","date_gmt":"2020-09-04T12:22:24","guid":{"rendered":"https:\/\/wp.muchomaas.com\/article-fatima-ouassak-on-veut-empecher-les-classes-populaires-de-s-organiser\/"},"modified":"2023-06-24T00:01:45","modified_gmt":"2023-06-23T22:01:45","slug":"article-fatima-ouassak-on-veut-empecher-les-classes-populaires-de-s-organiser","status":"publish","type":"post","link":"https:\/\/archives.regards.fr\/?p=12435","title":{"rendered":"Fatima Ouassak : \u00ab On veut emp\u00eacher les classes populaires de s\u2019organiser politiquement \u00bb"},"content":{"rendered":"<p class=\"post_excerpt\">Les institutions comme les organisations majoritaires, associatives, syndicales ou politiques, m\u00e8nent des guerres larv\u00e9es contre les minorit\u00e9s. Mais, dans les quartiers populaires, les m\u00e8res, nouvelles actrices politiques au fort potentiel strat\u00e9gique, s\u2019organisent. On en parle avec Fatima Ouassak, politologue et autrice de \u00ab La puissance des m\u00e8res \u00bb aux \u00e9ditions La D\u00e9couverte.<\/p>\n<h2>UNE MIDINALE \u00c0 VOIR&#8230;<\/h2>\n<p><iframe loading=\"lazy\" width=\"490\" height=\"276\" src=\"https:\/\/www.youtube.com\/embed\/_-Iwbrh_jJA\" frameborder=\"0\" allow=\"accelerometer; autoplay; encrypted-media; gyroscope; picture-in-picture\" allowfullscreen><\/iframe><\/p>\n<p>&nbsp;<\/p>\n<p><h2>ET \u00c0 LIRE&#8230;<\/h2>\n<p><em>\u00a0<strong>Sur son exp\u00e9rience de m\u00e8re<\/em>\u00a0<\/strong><br \/>\n\u00ab Au regard de mon propre v\u00e9cu de m\u00e8re, je me suis rendue compte \u00e0 quel point notre pouvoir \u00e9tait confisqu\u00e9 et en m\u00eame temps, \u00e0 quel point on avait du pouvoir : il faut se le r\u00e9approprier pour faire levier et devenir les vecteurs d\u2019un changement radical. \u00bb<br \/>\n\u00ab On parle de la d\u00e9sertification politique des quartiers populaires mais il est important de bien comprendre combien il est difficile pour nous de se battre politiquement sur des choses aussi anodines que la cantine. \u00bb<br \/>\n\u00ab Il faut sortir du sentiment d\u2019impuissance que l\u2019on a lorsque l\u2019on doit faire face \u00e0 une institution quelle qu\u2019elle soit. \u00bb<br \/>\n\u00ab A Bagnolet, au d\u00e9part, on \u00e9tait 6 ou 7 personnes \u2013 il se trouve que c\u2019\u00e9tait des femmes, des m\u00e8res. Mais d\u00e9j\u00e0 \u00e0 6 ou 7, on peut faire \u00e9norm\u00e9ment \u00e0 l\u2019\u00e9chelle d\u2019une ville ou d\u2019un quartier. \u00bb<br \/>\n \u00ab J\u2019ai fait l\u2019exp\u00e9rience de l\u2019impossibilit\u00e9 de tenir un propos minoritaire de revendication \u00e9galitaire dans un espace majoritaire. \u00bb<br \/>\n\u00ab On nous renvoie souvent au communautarisme (\u2026). Moi, j\u2019ai voulu montrer comment, en tant que parent lambda \u2013 pas en tant que militante \u2013, il est difficile de porter une question simple\u2026 \u00bb<br \/>\n\u00ab Le fait que \u00e7a ne marche pas ne vient pas des minoritaires. Quand on nous parle de communautarisme ou de s\u00e9paratisme, cela vient des organisations majoritaires qui nous rejettent. \u00bb<\/p>\n<p><em>\u00a0<strong>Sur les organisations majoritaires, associatives, syndicales et politiques<\/em>\u00a0<\/strong><br \/>\n \u00ab Pour moi, il y a un probl\u00e8me des organisations majoritaires avec la classe populaire. \u00bb<br \/>\n\u00ab Je parle surtout de la classe populaire descendante de l\u2019immigration africaine qui vit dans les quartiers populaires mais le probl\u00e8me, c\u2019est le rapport des organisations majoritaires avec les minorit\u00e9s quelle qu\u2019elles soient qui est probl\u00e9matique. \u00bb<br \/>\n\u00ab On met des entraves aux personnes issues de la classe populaire pour les emp\u00eacher de s\u2019organiser politiquement. \u00bb<br \/>\n\u00ab Les organisations majoritaires ne vivent que par la confiscation des causes de la classe populaire \u2013 et \u00e7a marche comme \u00e7a \u00e0 gauche, voire tr\u00e8s \u00e0 gauche. \u00bb<br \/>\n\u00ab Ce n\u2019est pas parce que j\u2019analyse et que je critique les enjeux de pouvoir au sein des grosses organisations que je dis qu\u2019il faut arr\u00eater compl\u00e8tement de travailler avec elles. \u00bb<\/p>\n<p><em>\u00a0<strong>Sur l\u2019auto-organisation<\/em>\u00a0<\/strong><br \/>\n\u00ab Je crois en l\u2019action syndicale et aux modalit\u00e9s que sont la gr\u00e8ve et l\u2019occupation. \u00bb<br \/>\n \u00ab Un syndicat, c\u2019est d\u00e9j\u00e0 tr\u00e8s ambitieux ! J\u2019avais dit d\u00e8s le d\u00e9part qu\u2019on n\u2019allait pas devenir un mouvement de masse en cinq ans. \u00bb<br \/>\n\u00ab Je ne suis pas une gauchiste qui pense qu\u2019il faut rester dans la cave en laissant le syst\u00e8me \u00e9lectoral aux politiciens v\u00e9reux, pourris et corrompus : il faut aller l\u00e0 o\u00f9 il y a du pouvoir. Et en France, le pouvoir politique est concentr\u00e9 dans le syst\u00e8me \u00e9lectoral. Donc il faut y aller. \u00bb<br \/>\n\u00ab Il faut aller aux \u00e9lections mais pas forc\u00e9ment avec une \u00e9tiquette partisane. Je ne dirais pas \u201cau contraire\u201d mais il y a aujourd\u2019hui un gros rejet des partis politiques, notamment dans les quartiers populaires o\u00f9 les taux d\u2019abstention sont \u00e9normes. \u00bb<br \/>\n\u00ab Il faut une autre offre politique \u2013 et l\u2019offre syndicale, dans ce qu\u2019elle permet d\u2019auto-organisation, m\u2019appara\u00eet aujourd\u2019hui plus pertinente. \u00bb<\/p>\n<p><em>\u00a0<strong>Sur la transmission et l\u2019\u00e9ducation<\/em>\u00a0<\/strong><br \/>\n\u00ab Je sais \u00e0 quel point les cultures peuvent \u00eatre fantasm\u00e9es, ne sont pas d\u00e9finitives et peuvent \u00eatre tr\u00e8s b\u00e2tardes. \u00bb<br \/>\n\u00ab L\u2019id\u00e9e, ce n\u2019est pas de transmettre des identit\u00e9s fig\u00e9es. \u00bb<br \/>\n\u00ab Je peux mobiliser des identit\u00e9s tr\u00e8s diff\u00e9rentes sur une m\u00eame journ\u00e9e \u2013 et je veux que mes enfants puissent faire de m\u00eame. \u00bb<br \/>\n\u00ab Nous ne sommes pas ce que nous mangeons, nous ne sommes pas ce que nous achetons, nous ne sommes pas ce que nous portons, nous sommes cette capacit\u00e9 \u00e0 r\u00e9sister. Il faut transmettre sans complexe d\u2019inf\u00e9riorit\u00e9, sans honte et sans trembler. \u00bb<br \/>\n\u00ab Ce qu\u2019il faut transmettre, c\u2019est la capacit\u00e9 de ne jamais se r\u00e9signer face \u00e0 l\u2019injustice, face \u00e0 l\u2019in\u00e9galit\u00e9, c\u2019est-\u00e0-dire transmettre les luttes \u2013 et il se trouve que l\u2019on en a de tr\u00e8s belles, qui ne sont pas connues. \u00bb<br \/>\n\u00ab C\u2019est important de se rappeler que l\u2019on peut inscrire nos luttes d\u2019aujourd\u2019hui dans des luttes africaines, anticoloniales et de l\u2019immigration. \u00bb<br \/>\n\u00ab On n\u2019a pas besoin d\u2019importer le community organising parce qu\u2019on a ce qu\u2019il faut dans les luttes de l\u2019immigration et de lib\u00e9ration. \u00bb<\/p>\n<p><em>\u00a0<strong>Sur les services publics dans les quartiers populaires<\/em>\u00a0<\/strong><br \/>\n\u00ab Il est difficile de d\u00e9fendre les services publics dans les quartiers populaires. \u00bb<br \/>\n\u00ab M\u00eame dans les quartiers populaires, on cherche \u00e0 tout prix \u00e0 faire de l\u2019\u00e9vitement scolaire, c\u2019est-\u00e0-dire un syst\u00e8me de fraude g\u00e9n\u00e9ralis\u00e9 \u00e0 la carte scolaire. \u00bb<br \/>\n\u00ab On me disait toujours d\u2019aller voir dans le priv\u00e9 \u00e0 partir du moment o\u00f9 je critiquais,  d\u2019une mani\u00e8re ou d\u2019une autre, quelque chose de minime dans l\u2019\u00e9cole (\u2026) comme c\u2019est le cas souvent pour les parents noirs ou arabes. \u00bb<br \/>\n\u00ab Mais malgr\u00e9 \u00e7a, je continue \u00e0 d\u00e9fendre l\u2019\u00e9cole publique. \u00bb<br \/>\n\u00ab L\u2019\u00e9cole priv\u00e9e, ce n\u2019est pas mieux pour les enfants des quartiers populaires parce qu\u2019il s\u2019agit d\u2019\u00e9coles priv\u00e9es d\u00e9di\u00e9es, low cost. \u00bb<br \/>\n\u00ab Le syst\u00e8me scolaire fran\u00e7ais est structurellement in\u00e9galitaire et discriminatoire : les classes moyennes et sup\u00e9rieures fuient les classes populaires. \u00bb<br \/>\n\u00ab Aux strat\u00e9gies individuelles, il faut opposer des strat\u00e9gies collectives. \u00bb<br \/>\n\u00ab J\u2019assume de dire que nous avons la responsabilit\u00e9, en tant que parents, de faire r\u00e9ussir nos enfants \u2013 mais pas au prix de leur sant\u00e9 mentale. \u00bb<\/p>\n<p><em>\u00a0<strong>Sur le f\u00e9minisme et l\u2019\u00e9cologie<\/em>\u00a0<\/strong><br \/>\n\u00ab Lorsque j\u2019ai men\u00e9 des luttes f\u00e9ministes ou \u00e9cologistes, ce n\u2019\u00e9tait pas pour d\u00e9fendre les causes f\u00e9ministe ou \u00e9cologiste en tant que telles (\u2026). \u00bb<br \/>\n\u00ab Le f\u00e9minisme et l\u2019\u00e9cologie sont des outils qui \u00e9mergent d\u2019un terrain \u2013 mais je peux aussi, \u00e0 certains moments, m\u2019inscrire dans des luttes, notamment de l\u2019immigration, des classes populaires et ouvri\u00e8res, comme la Commune. \u00bb<br \/>\n\u00ab La m\u00eame lutte, comme celle contre les ascenseurs en panne, peut \u00eatre qualifi\u00e9e de f\u00e9ministe parce que c\u2019est des femmes qui l\u2019ont port\u00e9e, d\u2019\u00e9cologiste, des quartiers populaires, li\u00e9e \u00e0 la question sociale\u2026 \u00bb<\/p>\n<p><strong>\u00a0<em>Sur le projet politique<\/em>\u00a0<\/strong><br \/>\n\u00ab Je ne veux pas, parce que je suis une femme qui vient des quartiers populaires et qui en parle, n\u2019avoir le droit que de m\u2019adresser aux quartiers populaires. \u00bb<br \/>\n\u00ab Je ne veux pas tomber dans le pi\u00e8ge de ceux qui se pr\u00e9sentent comme universalistes et qui ont tout int\u00e9r\u00eat \u00e0 nous laisser dans le quartier. \u00bb<br \/>\n\u00ab Je ne veux pas laisser aux autres l\u2019universel : mon point de vue peut aussi \u00eatre universel. \u00bb<br \/>\n\u00ab Un projet politique, c\u2019est un projet fiscal, le rapport \u00e0 l\u2019Union europ\u00e9enne, l\u2019industrialisation\u2026 et tout \u00e7a, on y travaille. \u00bb<div id='gallery-1' class='gallery galleryid-12435 gallery-columns-3 gallery-size-thumbnail'><figure class='gallery-item'>\n\t\t\t<div class='gallery-icon landscape'>\n\t\t\t\t<a href='https:\/\/archives.regards.fr\/wp-content\/uploads\/2020\/09\/capture_d_e_cran_2020-09-04_a_14-1a4.14.51.png'><img loading=\"lazy\" decoding=\"async\" width=\"150\" height=\"150\" src=\"https:\/\/archives.regards.fr\/wp-content\/uploads\/2020\/09\/capture_d_e_cran_2020-09-04_a_14-1a4.14.51-150x150.png\" class=\"attachment-thumbnail size-thumbnail\" alt=\"capture_d_e_cran_2020-09-04_a_14.14.51.png\" \/><\/a>\n\t\t\t<\/div><\/figure>\n\t\t<\/div>\n<\/p>\n","protected":false},"excerpt":{"rendered":"<p>Les institutions comme les organisations majoritaires, associatives, syndicales ou politiques, m\u00e8nent des guerres larv\u00e9es contre les minorit\u00e9s. Mais, dans les quartiers populaires, les m\u00e8res, nouvelles actrices politiques au fort potentiel strat\u00e9gique, s\u2019organisent. On en parle avec Fatima Ouassak, politologue et autrice de \u00ab La puissance des m\u00e8res \u00bb aux \u00e9ditions La D\u00e9couverte.<\/p>\n","protected":false},"author":1204,"featured_media":29683,"comment_status":"open","ping_status":"open","sticky":false,"template":"","format":"standard","meta":{"_themeisle_gutenberg_block_has_review":false,"footnotes":""},"categories":[238],"tags":[293],"class_list":["post-12435","post","type-post","status-publish","format-standard","has-post-thumbnail","hentry","category-la-midinale","tag-entretien"],"_links":{"self":[{"href":"https:\/\/archives.regards.fr\/index.php?rest_route=\/wp\/v2\/posts\/12435","targetHints":{"allow":["GET"]}}],"collection":[{"href":"https:\/\/archives.regards.fr\/index.php?rest_route=\/wp\/v2\/posts"}],"about":[{"href":"https:\/\/archives.regards.fr\/index.php?rest_route=\/wp\/v2\/types\/post"}],"author":[{"embeddable":true,"href":"https:\/\/archives.regards.fr\/index.php?rest_route=\/wp\/v2\/users\/1204"}],"replies":[{"embeddable":true,"href":"https:\/\/archives.regards.fr\/index.php?rest_route=%2Fwp%2Fv2%2Fcomments&post=12435"}],"version-history":[{"count":0,"href":"https:\/\/archives.regards.fr\/index.php?rest_route=\/wp\/v2\/posts\/12435\/revisions"}],"wp:featuredmedia":[{"embeddable":true,"href":"https:\/\/archives.regards.fr\/index.php?rest_route=\/wp\/v2\/media\/29683"}],"wp:attachment":[{"href":"https:\/\/archives.regards.fr\/index.php?rest_route=%2Fwp%2Fv2%2Fmedia&parent=12435"}],"wp:term":[{"taxonomy":"category","embeddable":true,"href":"https:\/\/archives.regards.fr\/index.php?rest_route=%2Fwp%2Fv2%2Fcategories&post=12435"},{"taxonomy":"post_tag","embeddable":true,"href":"https:\/\/archives.regards.fr\/index.php?rest_route=%2Fwp%2Fv2%2Ftags&post=12435"}],"curies":[{"name":"wp","href":"https:\/\/api.w.org\/{rel}","templated":true}]}}