{"id":12433,"date":"2020-09-03T16:09:02","date_gmt":"2020-09-03T14:09:02","guid":{"rendered":"https:\/\/wp.muchomaas.com\/article-ziad-majed-au-liban-emmanuel-macron-evolue-sur-un-champ-de-mines\/"},"modified":"2023-06-24T00:01:42","modified_gmt":"2023-06-23T22:01:42","slug":"article-ziad-majed-au-liban-emmanuel-macron-evolue-sur-un-champ-de-mines","status":"publish","type":"post","link":"https:\/\/archives.regards.fr\/?p=12433","title":{"rendered":"Ziad Majed : \u00ab Au Liban, Emmanuel Macron \u00e9volue sur un champ de mines \u00bb"},"content":{"rendered":"<p class=\"post_excerpt\">Alors que le pr\u00e9sident de la R\u00e9publique fran\u00e7aise s&#8217;est rendu pour la deuxi\u00e8me fois au Liban en moins d&#8217;un mois apr\u00e8s la gigantesque explosion du 4 ao\u00fbt dernier \u00e0 Beyrouth, on fait le point sur la situation du pays avec Ziad Majed, politologue.<\/p>\n<h2>UNE MIDINALE \u00c0 VOIR&#8230;<\/h2>\n<p><iframe loading=\"lazy\" width=\"490\" height=\"276\" src=\"https:\/\/www.youtube.com\/embed\/jGuIrH-BnN4\" frameborder=\"0\" allow=\"accelerometer; autoplay; encrypted-media; gyroscope; picture-in-picture\" allowfullscreen><\/iframe><\/p>\n<p>&nbsp;<\/p>\n<p><h2>ET \u00c0 LIRE&#8230;<\/h2>\n<p><em> <strong>Sur l\u2019interventionnisme d\u2019Emmanuel Macron dans la politique int\u00e9rieure libanaise<\/em> <\/strong><br \/>\n\u00ab Th\u00e9oriquement, ce n\u2019est pas son r\u00f4le : c\u2019est aux Libanais et aux Libanaises de g\u00e9rer eux-m\u00eames les affaires de leur pays et, du c\u00f4t\u00e9 de la rue libanaise, de faire pression sur la classe politique au pouvoir depuis des d\u00e9cennies et qui a vid\u00e9 les caisses de l\u2019Etat vu sa corruption et son client\u00e9lisme. \u00bb<br \/>\n\u00ab  Le Liban, depuis tr\u00e8s longtemps, n\u2019a plus de souverainet\u00e9 nationale \u2013 les acteurs \u00e9trangers s\u2019y imposent : Isra\u00ebl a occup\u00e9 le sud du pays pendant 22 ans, le r\u00e9gime syrien a occup\u00e9 le pays pendant 29 ans, depuis des ann\u00e9es l\u2019Iran est devenu un acteur tr\u00e8s pr\u00e9sent \u00e0 travers son alli\u00e9 le Hezbollah, arm\u00e9 et surpuissant, et l\u2019Arabie Saoudite a aussi ses int\u00e9r\u00eats et a prot\u00e9g\u00e9 la famille Hariri jusqu\u2019en 2015. A cela, il faut ajouter les nouveaux acteurs qui veulent intervenir comme la Turquie, les Emirats Arabes Unis ou le Qatar. \u00bb<br \/>\n \u00ab La France et Emmanuel Macron jouent un r\u00f4le tr\u00e8s important car si cela se traduit concr\u00e8tement par un changement, cela aidera le Liban \u00e0 sortir de sa terrible crise politique, \u00e9conomique et sociale. \u00bb<\/p>\n<p><em> <strong>Sur les liens entre le Liban et la France<\/em> <\/strong><br \/>\n\u00ab Il n\u2019y a pas qu\u2019une amiti\u00e9 : il y a aussi la francophonie tr\u00e8s pr\u00e9sente au Liban et la relation sp\u00e9ciale historique avec les chr\u00e9tiens du Liban au travers les missions catholiques et la\u00efques. \u00bb<br \/>\n\u00ab Emmanuel Macron est \u00e0 la recherche, \u00e0 travers le Liban, d\u2019un succ\u00e8s diplomatique dans sa lecture de ce qu\u2019il se passe dans la r\u00e9gion \u2013 Paris est le seul acteur qui parle \u00e0 tous les Libanais et \u00e0 leurs sponsors politiques, notamment au Hezbollah qui est boycott\u00e9 par une partie de la communaut\u00e9 europ\u00e9enne et les Etats-Unis. \u00bb<br \/>\n\u00ab Emmanuel Macron ne veut pas s\u2019imposer qu\u2019au Liban, il veut aussi s\u2019imposer en Irak \u2013 o\u00f9 il s\u2019est rendu apr\u00e8s avoir visiter Beyrouth en d\u00e9but de semaine. \u00bb<br \/>\n\u00ab Les Libanais ne voient pas en la volont\u00e9 d\u2019Emmanuel Macron d\u2019\u00e9viter la faillite du pays une ing\u00e9rence, une volont\u00e9 de domination ou un imp\u00e9ralisme car l\u2019Etat libanais n\u2019a de toutes les fa\u00e7ons aucune souverainet\u00e9. \u00bb<br \/>\n\u00ab La souverainet\u00e9 libanaise a \u00e9t\u00e9 pi\u00e9tin\u00e9e et bafou\u00e9e par la classe politique mafieuse qui contr\u00f4le le pays mais aussi par tous les acteurs r\u00e9gionaux. \u00bb<\/p>\n<p><em> <strong>Sur les probl\u00e8mes actuels du Liban<\/em> <\/strong><br \/>\n\u00ab Au Liban, Emmanuel Macron \u00e9volue sur un champ de mines : il doit \u00e0 la fois pr\u00e9server la forme diplomatique en n\u00e9gociant avec un chef d\u2019Etat, en l\u2019esp\u00e8ce le pr\u00e9sident Aoun, tout en sachant que la majorit\u00e9 des Libanais et des Libanaises ne veut surtout pas qu\u2019il lui donne une quelconque l\u00e9gitimit\u00e9. \u00bb<br \/>\n\u00ab La question des \u00e9lections ne se pose pas automatiquement, y compris pour ceux qui veulent un changement dans le pays pour la simple et bonne raison que la loi \u00e9lectorale actuelle que les t\u00e9nors de la classe politique ont mis en place \u00e9carte les jeunes puisque l\u2019\u00e2ge de vote est de 21 ans (alors que la moiti\u00e9 des gens mobilis\u00e9s qui aspirent \u00e0 un autre Liban ont moinsn de 21 ans) et qu\u2019elle favorise la classe politique dirigeante au niveau du d\u00e9coupage des circonscriptions. \u00bb<br \/>\n\u00ab Pour beaucoup de Libanais, les \u00e9lections ne sont pas la priorit\u00e9 : il faut d\u2019abord former un gouvernement de transition. \u00bb<br \/>\n\u00ab Dans l\u2019action d\u2019Emmanuel Macron, on peut critiquer qu\u2019il ait accept\u00e9 le fait accompli de la nomination d\u2019un Premier ministre par la m\u00eame classe politique d\u00e9cri\u00e9e. \u00bb<br \/>\n\u00ab Certains t\u00e9nor de la vie politique libanaise sont au pouvoir depuis les ann\u00e9es 80 : ils se partagent le pouvoir et la rente, avec des mentalit\u00e9s de chefs de milice, en voulant pr\u00e9server le syst\u00e8me confessionnel qui est leur raison d\u2019\u00eatre. \u00bb<br \/>\n\u00ab L\u2019aide internationale ne va pas venir au Liban sans conditions. \u00bb<br \/>\n\u00ab Les conditions sont : une r\u00e9forme du secteur de l\u2019\u00e9lectricit\u00e9, un audit de la Banque Centrale, d\u00e9penses comme revenus et une r\u00e9forme de l\u2019administration. \u00bb<\/p>\n<p><em> <strong>Sur le Hezbollah<\/em> <\/strong><br \/>\n\u00ab On ne peut pas nier que le parti Hezbollah a une l\u00e9gitimit\u00e9 populaire au sein de la population chiite qui repr\u00e9sente environ 29% des Libanais. \u00bb<br \/>\n\u00ab La l\u00e9gitimit\u00e9 du Hezbollah vient surtout de sa r\u00e9sistance \u00e0 l\u2019occupation isra\u00e9lienne, qui avait commenc\u00e9 en 1978, soit 5 ans avant la cr\u00e9ation du Hezbollah. \u00bb<br \/>\n\u00ab L\u2019argent iranien a permis au Hezbollah de construire des institutions, des h\u00f4pitaux, de cr\u00e9er des r\u00e9seaux de charit\u00e9 et de mobiliser des milliers de jeunes en tant que milice. \u00bb<br \/>\n\u00ab Tout cela nuit \u00e0 la dynamique sociale libanaise, \u00e0 la souverainet\u00e9 de l\u2019Etat et menace la pays civile dans le pays. Mais en m\u00eame temps, il n\u2019y a pas de solution sans le Hezbollah. \u00bb<br \/>\n\u00ab Le syst\u00e8me politique libanais a permis aux forces r\u00e9gionales de chercher des alliances au Liban. \u00bb<div id='gallery-1' class='gallery galleryid-12433 gallery-columns-3 gallery-size-thumbnail'><figure class='gallery-item'>\n\t\t\t<div class='gallery-icon landscape'>\n\t\t\t\t<a href='https:\/\/archives.regards.fr\/wp-content\/uploads\/2020\/09\/capture_d_e_cran_2020-09-03_a_15-623.52.07.png'><img loading=\"lazy\" decoding=\"async\" width=\"150\" height=\"150\" src=\"https:\/\/archives.regards.fr\/wp-content\/uploads\/2020\/09\/capture_d_e_cran_2020-09-03_a_15-623.52.07-150x150.png\" class=\"attachment-thumbnail size-thumbnail\" alt=\"capture_d_e_cran_2020-09-03_a_15.52.07.png\" \/><\/a>\n\t\t\t<\/div><\/figure>\n\t\t<\/div>\n<\/p>\n","protected":false},"excerpt":{"rendered":"<p>Alors que le pr\u00e9sident de la R\u00e9publique fran\u00e7aise s&#8217;est rendu pour la deuxi\u00e8me fois au Liban en moins d&#8217;un mois apr\u00e8s la gigantesque explosion du 4 ao\u00fbt dernier \u00e0 Beyrouth, on fait le point sur la situation du pays avec Ziad Majed, politologue.<\/p>\n","protected":false},"author":1204,"featured_media":29679,"comment_status":"open","ping_status":"open","sticky":false,"template":"","format":"standard","meta":{"_themeisle_gutenberg_block_has_review":false,"footnotes":""},"categories":[238],"tags":[],"class_list":["post-12433","post","type-post","status-publish","format-standard","has-post-thumbnail","hentry","category-la-midinale"],"_links":{"self":[{"href":"https:\/\/archives.regards.fr\/index.php?rest_route=\/wp\/v2\/posts\/12433","targetHints":{"allow":["GET"]}}],"collection":[{"href":"https:\/\/archives.regards.fr\/index.php?rest_route=\/wp\/v2\/posts"}],"about":[{"href":"https:\/\/archives.regards.fr\/index.php?rest_route=\/wp\/v2\/types\/post"}],"author":[{"embeddable":true,"href":"https:\/\/archives.regards.fr\/index.php?rest_route=\/wp\/v2\/users\/1204"}],"replies":[{"embeddable":true,"href":"https:\/\/archives.regards.fr\/index.php?rest_route=%2Fwp%2Fv2%2Fcomments&post=12433"}],"version-history":[{"count":0,"href":"https:\/\/archives.regards.fr\/index.php?rest_route=\/wp\/v2\/posts\/12433\/revisions"}],"wp:featuredmedia":[{"embeddable":true,"href":"https:\/\/archives.regards.fr\/index.php?rest_route=\/wp\/v2\/media\/29679"}],"wp:attachment":[{"href":"https:\/\/archives.regards.fr\/index.php?rest_route=%2Fwp%2Fv2%2Fmedia&parent=12433"}],"wp:term":[{"taxonomy":"category","embeddable":true,"href":"https:\/\/archives.regards.fr\/index.php?rest_route=%2Fwp%2Fv2%2Fcategories&post=12433"},{"taxonomy":"post_tag","embeddable":true,"href":"https:\/\/archives.regards.fr\/index.php?rest_route=%2Fwp%2Fv2%2Ftags&post=12433"}],"curies":[{"name":"wp","href":"https:\/\/api.w.org\/{rel}","templated":true}]}}