{"id":12430,"date":"2020-09-02T16:41:12","date_gmt":"2020-09-02T14:41:12","guid":{"rendered":"https:\/\/wp.muchomaas.com\/article-sans-sanctions-financieres-voire-quotas-il-n-y-aura-pas-de-changement-en\/"},"modified":"2023-06-24T00:01:34","modified_gmt":"2023-06-23T22:01:34","slug":"article-sans-sanctions-financieres-voire-quotas-il-n-y-aura-pas-de-changement-en","status":"publish","type":"post","link":"https:\/\/archives.regards.fr\/?p=12430","title":{"rendered":"\u00ab Sans sanctions financi\u00e8res voire quotas, il n\u2019y aura pas de changement en mati\u00e8re d\u2019in\u00e9galit\u00e9s \u00bb"},"content":{"rendered":"<p class=\"post_excerpt\">Les in\u00e9galit\u00e9s, li\u00e9es au travail, \u00e0 l\u2019\u00e9cole, au logement, \u00e0 la sant\u00e9 ou \u00e0 l\u2019alimentation, ne font que se creuser. Qu\u2019est-ce que cela veut dire sur nos quotidiens ? On y r\u00e9pond avec Samuel Chalom, journaliste et co-auteur avec Dominique Vidal de <em>Portraits d\u2019une France \u00e0 deux vitesses<\/em> aux \u00e9ditions de l\u2019Aube.<\/p>\n<h2>UNE MIDINALE \u00c0 VOIR&#8230;<\/h2>\n<p><iframe loading=\"lazy\" width=\"490\" height=\"276\" src=\"https:\/\/www.youtube.com\/embed\/vVDlbCamt9s\" frameborder=\"0\" allow=\"accelerometer; autoplay; encrypted-media; gyroscope; picture-in-picture\" allowfullscreen><\/iframe><\/p>\n<p>&nbsp;<\/p>\n<p><h2>ET \u00c0 LIRE&#8230;<\/h2>\n<p><em> <strong>Sur l\u2019importance de l\u2019\u00e9tude des in\u00e9galit\u00e9s<\/strong> <\/em><br \/>\n\u00ab Les bouquins sur les in\u00e9galit\u00e9s sont presque tout le temps \u00e9crits par des \u00e9conomistes (\u2026). Nous, on voulait m\u00ealer les paroles d\u2019experts et les paroles de concern\u00e9s. \u00bb<br \/>\n\u00ab Les in\u00e9galit\u00e9s ont connu, depuis plusieurs d\u00e9cennies, un accroissement. \u00bb<br \/>\n\u00ab Concr\u00e8tement, les in\u00e9galit\u00e9s se manifestent : dans une bo\u00eete, tu ne connais pas forc\u00e9ment le salaire de ta coll\u00e8gue, mais elle est souvent moins bien pay\u00e9e que toi [si tu es un homme]. \u00bb<\/p>\n<p><em> <strong>Sur les in\u00e9galit\u00e9s en mati\u00e8re de travail<\/strong> <\/em><br \/>\n\u00ab En France, on a l\u2019impression que la plupart des gens sont en CDD : c\u2019est une id\u00e9e fausse. Il y a 85% de CDI. \u00bb<br \/>\n\u00ab Les 15% qui sont en CDD sont de plus en plus oblig\u00e9s d\u2019accepter des contrats d\u2019un mois, d\u2019une semaine voire de quelques jours\u2026 \u00bb<br \/>\n\u00ab Lorsque l\u2019on a un contrat de tr\u00e8s courte dur\u00e9e, ce sont toutes les autres in\u00e9galit\u00e9s qui s\u2019enchev\u00eatrent : on va rogner sur ses d\u00e9penses de logement, de sant\u00e9, sur ses vacances\u2026\u00bb<br \/>\n\u00ab Au d\u00e9but du mandat d\u2019Emmanuel Macron, il y avait cette promesse d\u2019une assurance ch\u00f4mage pour tous : \u00e0 la fois pour les ind\u00e9pendants et les salari\u00e9s mais cela s\u2019est transform\u00e9 en une forme d\u2019allocation pendant 6 mois\u2026 \u00bb<\/p>\n<p><em> <strong>Sur les in\u00e9galit\u00e9s de transports, d\u2019\u00e9ducation et de logement<\/strong> <\/em><br \/>\n\u00ab Il y a une in\u00e9galit\u00e9 selon qu\u2019on habite dans une zone totalement couverte par les transports en commun ou pas. \u00bb<br \/>\n\u00ab Quand on habite dans une zone couverte par des transports en commun, il peut se faire rembourser jusqu\u2019\u00e0 50% de sa carte d\u2019acc\u00e8s \u00e0 ces transports alors qu\u2019une personne qui prend sa voiture tous les jours, il n\u2019a aucun remboursement de l\u2019essence. \u00bb<br \/>\n\u00ab La plupart des \u00e9l\u00e8ves qui viennent de zones d\u2019\u00e9ducation prioritaire ne choisissent pas leur orientation parce que, d\u00e8s la classe de troisi\u00e8me, on choisit pour eux pendant les conseils de classe : en lyc\u00e9e professionnel, en BEP, en CAP\u2026 \u00bb<br \/>\n\u00ab La r\u00e9partition des logements sociaux en France est encore tributaire de l\u2019\u00e9poque o\u00f9 la France \u00e9tait un pays avec plein d\u2019usines : d\u2019anciennes villes ouvri\u00e8res ont encore plein de HLM mais sans les gens qui peuvent ou veulent y vivre. \u00bb<\/p>\n<p><em> <strong>Sur la r\u00e9duction des in\u00e9galit\u00e9s<\/strong> <\/em><br \/>\n\u00ab Le syst\u00e8me actuel n\u2019est pas vraiment r\u00e9ducteur des in\u00e9galit\u00e9s, notamment de salaires. \u00bb \u00ab Il n\u2019y a aujourd\u2019hui aucune raison pour une entreprise de s\u2019obliger \u00e0 r\u00e9duire les \u00e9carts de salaires : dans le dispositif mis en place par le gouvernement actuel pour limiter les \u00e9carts de salaires, il n\u2019y a aucune sanction envisag\u00e9e. \u00bb<br \/>\n\u00ab Tant qu\u2019il n\u2019y aura pas de sanctions financi\u00e8res \u2013 voire des quotas \u2013, il n\u2019y aura pas de r\u00e9els changements en mati\u00e8re d\u2019in\u00e9galit\u00e9s. \u00bb<div id='gallery-1' class='gallery galleryid-12430 gallery-columns-3 gallery-size-thumbnail'><figure class='gallery-item'>\n\t\t\t<div class='gallery-icon landscape'>\n\t\t\t\t<a href='https:\/\/archives.regards.fr\/wp-content\/uploads\/2020\/09\/screenshot_2020-09-02_at_16-94e.40.39.png'><img loading=\"lazy\" decoding=\"async\" width=\"150\" height=\"150\" src=\"https:\/\/archives.regards.fr\/wp-content\/uploads\/2020\/09\/screenshot_2020-09-02_at_16-94e.40.39-150x150.png\" class=\"attachment-thumbnail size-thumbnail\" alt=\"screenshot_2020-09-02_at_16.40.39.png\" \/><\/a>\n\t\t\t<\/div><\/figure>\n\t\t<\/div>\n<\/p>\n","protected":false},"excerpt":{"rendered":"<p>Les in\u00e9galit\u00e9s, li\u00e9es au travail, \u00e0 l\u2019\u00e9cole, au logement, \u00e0 la sant\u00e9 ou \u00e0 l\u2019alimentation, ne font que se creuser. Qu\u2019est-ce que cela veut dire sur nos quotidiens ? On y r\u00e9pond avec Samuel Chalom, journaliste et co-auteur avec Dominique Vidal de <em>Portraits d\u2019une France \u00e0 deux vitesses<\/em> aux \u00e9ditions de l\u2019Aube.<\/p>\n","protected":false},"author":1204,"featured_media":29673,"comment_status":"open","ping_status":"open","sticky":false,"template":"","format":"standard","meta":{"_themeisle_gutenberg_block_has_review":false,"footnotes":""},"categories":[238],"tags":[293],"class_list":["post-12430","post","type-post","status-publish","format-standard","has-post-thumbnail","hentry","category-la-midinale","tag-entretien"],"_links":{"self":[{"href":"https:\/\/archives.regards.fr\/index.php?rest_route=\/wp\/v2\/posts\/12430","targetHints":{"allow":["GET"]}}],"collection":[{"href":"https:\/\/archives.regards.fr\/index.php?rest_route=\/wp\/v2\/posts"}],"about":[{"href":"https:\/\/archives.regards.fr\/index.php?rest_route=\/wp\/v2\/types\/post"}],"author":[{"embeddable":true,"href":"https:\/\/archives.regards.fr\/index.php?rest_route=\/wp\/v2\/users\/1204"}],"replies":[{"embeddable":true,"href":"https:\/\/archives.regards.fr\/index.php?rest_route=%2Fwp%2Fv2%2Fcomments&post=12430"}],"version-history":[{"count":0,"href":"https:\/\/archives.regards.fr\/index.php?rest_route=\/wp\/v2\/posts\/12430\/revisions"}],"wp:featuredmedia":[{"embeddable":true,"href":"https:\/\/archives.regards.fr\/index.php?rest_route=\/wp\/v2\/media\/29673"}],"wp:attachment":[{"href":"https:\/\/archives.regards.fr\/index.php?rest_route=%2Fwp%2Fv2%2Fmedia&parent=12430"}],"wp:term":[{"taxonomy":"category","embeddable":true,"href":"https:\/\/archives.regards.fr\/index.php?rest_route=%2Fwp%2Fv2%2Fcategories&post=12430"},{"taxonomy":"post_tag","embeddable":true,"href":"https:\/\/archives.regards.fr\/index.php?rest_route=%2Fwp%2Fv2%2Ftags&post=12430"}],"curies":[{"name":"wp","href":"https:\/\/api.w.org\/{rel}","templated":true}]}}