{"id":12429,"date":"2020-09-01T12:27:21","date_gmt":"2020-09-01T10:27:21","guid":{"rendered":"https:\/\/wp.muchomaas.com\/article-veronique-decker-le-projet-du-gouvernement-c-est-la-decoupe-de-l-ecole-publique\/"},"modified":"2023-06-24T00:01:33","modified_gmt":"2023-06-23T22:01:33","slug":"article-veronique-decker-le-projet-du-gouvernement-c-est-la-decoupe-de-l-ecole-publique","status":"publish","type":"post","link":"https:\/\/archives.regards.fr\/?p=12429","title":{"rendered":"V\u00e9ronique Decker : \u00ab Le projet du gouvernement, c&#8217;est la d\u00e9coupe de l&#8217;\u00e9cole publique \u00bb"},"content":{"rendered":"<p class=\"post_excerpt\">En cette rentr\u00e9e des classes apr\u00e8s plusieurs mois sans \u00e9cole, crise sanitaire et vacances (apprenantes ?) obligent, que nous r\u00e9serve Jean-Michel Blanquer, ministre de l&#8217;Education nationale ? On en parle avec V\u00e9ronique Decker, ancienne directrice d&#8217;\u00e9cole \u00e0 Bobigny en Seine-Saint-Denis et enseignante.<\/p>\n<h2><strong><em>UNE MIDINALE \u00c0 VOIR&#8230;<\/h2>\n<p>&nbsp;<\/p>\n<p>\n<iframe loading=\"lazy\" width=\"490\" height=\"276\" src=\"https:\/\/www.youtube.com\/embed\/KW3l6Xqa3Q8\" frameborder=\"0\" allow=\"accelerometer; autoplay; encrypted-media; gyroscope; picture-in-picture\" allowfullscreen><\/iframe><\/p>\n<p>&nbsp;<\/p>\n<p><h2>ET \u00c0 LIRE&#8230;<\/h2>\n<p><\/strong><\/em><br \/>\n<em>\u00a0<strong>Sur l\u2019action de Jean-Michel Blanquer, ministre de l\u2019Education nationale<\/em>\u00a0<\/strong><br \/>\n\u00ab Qu\u2019est-ce que le ministre de l\u2019Education nationale a mis en \u0153uvre pour que l\u2019ann\u00e9e \u00e0 venir soit la plus normale possible ? Rien. \u00bb<br \/>\n\u00ab A part affirmer que tout est pr\u00eat et \u00e9crire des protocoles dont une partie ne peut pas \u00eatre mis en place r\u00e9ellement, le ministre de l\u2019Education nationale n\u2019a rien mis en \u0153uvre. \u00bb<br \/>\n\u00ab Il y a des pays qui ont embauch\u00e9 des enseignants vacataires pour pouvoir d\u00e9doubler les classes ; d\u2019autres ont \u00e9quip\u00e9 les \u00e9coliers et \u00e9tudiants d\u2019ordinateur pour restaurer un peu d\u2019\u00e9galit\u00e9 devant le t\u00e9l\u00e9-enseignement. \u00bb<br \/>\n\u00ab Jean-Michel Blanquer n\u2019a mis en place aucune formation \u00e0 l\u2019enseignement \u00e0 distance. \u00bb<br \/>\n\u00ab Le ministre n\u2019a r\u00e9embauch\u00e9 ni m\u00e9decins scolaires ni infirmiers scolaires pour aider \u00e0 mettre en place des protocoles adapt\u00e9s \u00e0 chaque b\u00e2ti ; il n\u2019a m\u00eame pas exig\u00e9 qu\u2019il y ait du savons et de quoi s\u2019essuyer dans toutes les toilettes des \u00e9coles de France ! \u00bb<br \/>\n\u00ab La politique du gouvernement, c\u2019est une politique de l\u2019\u00e9l\u00e9ment de langage : le ministre vient \u00e0 la t\u00e9l\u00e9vision pour donner au bon peuple des \u00e9l\u00e9ments de langage pour le rassurer. Mais le bon peuple commence \u00e0 comprendre que c\u2019est comme la pub : tout le monde sait que c\u2019est des fadaises. \u00bb<\/p>\n<p><em>\u00a0<strong>Sur le Grenelle des professeurs voulu par Jean-Michel Blanquer<\/em>\u00a0<\/strong><br \/>\n\u00ab Si Jean-Michel Blanquer souhaitait vraiment qu\u2019il ne manque pas de professeurs, il aurait d\u00e9j\u00e0 r\u00e9embauch\u00e9 les postes de professeurs rempla\u00e7ants qui ont \u00e9t\u00e9 massivement liquid\u00e9s sous Nicolas Sarkozy, Fran\u00e7ois Hollande et Emmanuel Macron. \u00bb<br \/>\n\u00ab Convoquer un Grenelle des professeurs est une bonne id\u00e9e ; ce qui est \u00e9tonnant, c\u2019est qu\u2019il n\u2019a pas fait un Grenelle des DASEN pour les augmenter, ni des directeurs du minist\u00e8res ou des recteurs d\u2019ailleurs\u2026 \u00bb<br \/>\n\u00ab Tout le monde sait que les enseignants fran\u00e7ais sont parmi les enseignants les moins bien pay\u00e9s d\u2019Europe mais Jean-Michel Blanquer aurait quand m\u00eame besoin d\u2019un Grenelle avec les syndicats ? Comme s\u2019ils \u00e9taient tous tr\u00e8s r\u00e9ticents au fait qu\u2019on augmente les professeurs\u2026 Il y a quelque chose de ridicule \u00e0 r\u00e9p\u00e9ter sans cesse que les n\u00e9gociations sont sur la table mais qu\u2019elles n\u2019en bougent pas. \u00bb<\/p>\n<p><em>\u00a0<strong>Sur le r\u00f4le de l\u2019\u00e9cole par rapport aux fractures sociales de notre soci\u00e9t\u00e9<\/em>\u00a0<\/strong><br \/>\n\u00ab Depuis des ann\u00e9es, tout le monde critique l\u2019\u00e9cole comme n\u2019\u00e9tant pas capable de r\u00e9duire la fracture sociale entre les \u00e9l\u00e8ves. Et c\u2019est certainement vrai car elle manque de beaucoup de choses pour y arriver. \u00bb<br \/>\n\u00ab L\u2019\u00e9cart social entre les familles est bien plus grave que l\u2019\u00e9cart social entre les \u00e9tablissements scolaires. \u00bb<br \/>\n\u00ab La fracture sociale est bien plus aigu\u00eb lorsque l\u2019\u00e9cole est supprim\u00e9e. \u00bb<br \/>\n\u00ab En cette rentr\u00e9e, jamais les \u00e9carts sociaux n\u2019ont \u00e9t\u00e9 aussi grand \u00e0 l\u2019\u00e9cole. \u00bb<br \/>\n\u00ab Un certain nombre d\u2019enfants ont m\u00eame perdu l\u2019habitude de se lever le matin pour aller \u00e0 l\u2019\u00e9cole\u2026 \u00bb<br \/>\n\u00ab Le principal outil de l\u2019\u00e9cole, c\u2019est l\u2019extraordinaire engagement des enseignants : on ne le dit pas assez mais l\u2019immense majorit\u00e9 des enseignants ont r\u00e9ussi \u00e0 affronter la p\u00e9riode de confinement en faisant preuve d\u2019une cr\u00e9ativit\u00e9 et d\u2019une inventivit\u00e9 extraordinaires. \u00bb<br \/>\n\u00ab L\u2019\u00e9cole publique vit de l\u2019engagement des enseignants et des parents membres d\u2019associations de parents d\u2019\u00e9l\u00e8ves qui font des f\u00eates et des lotos pour arriver \u00e0 financer leur \u00e9cole. \u00bb<br \/>\n\u00ab Le minimum que pourrait faire le ministre de l\u2019Education nationale, c\u2019est reconna\u00eetre l\u2019incurie de l\u2019Etat et l\u2019engagement des fonctionnaires de base. \u00bb<br \/>\n\u00ab Le projet du gouvernement, c\u2019est de d\u00e9couper l\u2019\u00e9cole publique, de faire la promotion de l\u2019\u00e9ducation distancielle pour pouvoir vendre du contenu et de la certification. \u00bb<\/p>\n<p><em>\u00a0<strong>Une soci\u00e9t\u00e9 sans \u00e9cole ?<\/em>\u00a0<\/strong><br \/>\n\u00ab Ce serait viable mais les parents sont en difficult\u00e9 pour accompagner leurs enfants au-del\u00e0 de l\u00e0 o\u00f9 eux sont all\u00e9s. \u00bb<br \/>\n\u00ab Ce que permet l\u2019\u00e9cole, c\u2019est l\u2019\u00e9mancipation de l\u2019enfant par rapport \u00e0 sa famille. \u00bb<br \/>\n\u00ab Sans \u00e9cole, la soci\u00e9t\u00e9 serait rapidement fractur\u00e9e et atomis\u00e9e. \u00bb<br \/>\n\u00ab Il y a de plus en plus une fracture entre des \u00e9tablissements scolaires \u00e9litistes payants et une \u00e9cole publique qui se r\u00e9tr\u00e9cit sur les publics scolaires les moins ais\u00e9s financi\u00e8rement et culturellement. \u00bb<br \/>\n\u00ab On est dirig\u00e9 par un ministre de l\u2019Education nationale et un pr\u00e9sident de la R\u00e9publique qui n\u2019ont jamais mis les pieds \u00e0 l\u2019\u00e9cole publique. \u00bb<br \/>\n\u00ab La t\u00e2che de l\u2019\u00e9cole n\u2019est pas uniquement de transmettre des savoirs ; c\u2019est aussi d\u2019apprendre \u00e0 tous \u00e0 vivre ensemble. \u00bb<\/p>\n<p><em>\u00a0<strong>V\u00e9ronique Decker, ministre de l\u2019Education nationale<\/em>\u00a0<\/strong><br \/>\n\u00ab Si demain je devenais ministre, je restaurerais la m\u00e9decine scolaire et les RASED pour avoir une vraie promotion de la sant\u00e9 et de l\u2019hygi\u00e8ne publique. \u00bb<br \/>\n\u00ab J\u2019augmenterais consid\u00e9rablement la formation des enseignants (\u2026). Il faut confier nos enfants \u00e0 des gens extr\u00eamement bien form\u00e9s (\u2026) et les salaires qui vont avec. \u00bb<\/p>\n<p><em>\u00a0<strong>Sur la gauche et l\u2019Education nationale<\/em>\u00a0<\/strong><br \/>\n\u00ab Dans les ann\u00e9es 2000, toute la gauche et toute la droite faisaient la promotion de la r\u00e9ussite scolaire. Mais c\u2019est comme la r\u00e9ussite sociale, c\u2019est une action sur une destin\u00e9e individuelle donc c\u2019est une pens\u00e9e de droite. \u00bb<br \/>\n\u00ab A gauche, on n\u2019est pas pour que quelques uns r\u00e9ussissent : on est pour l\u2019\u00e9mancipation de tous les enfants. \u00bb<br \/>\n\u00ab Quand on voit la une de Lib\u00e9ration et la t\u00eate des gens qui sont sens\u00e9s diriger et unifier la gauche, ca ne donne pas vraiment envie. Il faut absolument arriver \u00e0 faire la promotion d\u2019une nouvelle mani\u00e8re de vivre et d\u2019une nouvelle soci\u00e9t\u00e9 avec de nouvelles t\u00eates. \u00bb<div id='gallery-1' class='gallery galleryid-12429 gallery-columns-3 gallery-size-thumbnail'><figure class='gallery-item'>\n\t\t\t<div class='gallery-icon landscape'>\n\t\t\t\t<a href='https:\/\/archives.regards.fr\/wp-content\/uploads\/2020\/09\/capture_d_e_cran_2020-09-01_a_11-809.38.25.png'><img loading=\"lazy\" decoding=\"async\" width=\"150\" height=\"150\" src=\"https:\/\/archives.regards.fr\/wp-content\/uploads\/2020\/09\/capture_d_e_cran_2020-09-01_a_11-809.38.25-150x150.png\" class=\"attachment-thumbnail size-thumbnail\" alt=\"capture_d_e_cran_2020-09-01_a_11.38.25.png\" \/><\/a>\n\t\t\t<\/div><\/figure>\n\t\t<\/div>\n<\/p>\n","protected":false},"excerpt":{"rendered":"<p>En cette rentr\u00e9e des classes apr\u00e8s plusieurs mois sans \u00e9cole, crise sanitaire et vacances (apprenantes ?) obligent, que nous r\u00e9serve Jean-Michel Blanquer, ministre de l&#8217;Education nationale ? On en parle avec V\u00e9ronique Decker, ancienne directrice d&#8217;\u00e9cole \u00e0 Bobigny en Seine-Saint-Denis et enseignante.<\/p>\n","protected":false},"author":1204,"featured_media":29671,"comment_status":"open","ping_status":"open","sticky":false,"template":"","format":"standard","meta":{"_themeisle_gutenberg_block_has_review":false,"footnotes":""},"categories":[238],"tags":[293],"class_list":["post-12429","post","type-post","status-publish","format-standard","has-post-thumbnail","hentry","category-la-midinale","tag-entretien"],"_links":{"self":[{"href":"https:\/\/archives.regards.fr\/index.php?rest_route=\/wp\/v2\/posts\/12429","targetHints":{"allow":["GET"]}}],"collection":[{"href":"https:\/\/archives.regards.fr\/index.php?rest_route=\/wp\/v2\/posts"}],"about":[{"href":"https:\/\/archives.regards.fr\/index.php?rest_route=\/wp\/v2\/types\/post"}],"author":[{"embeddable":true,"href":"https:\/\/archives.regards.fr\/index.php?rest_route=\/wp\/v2\/users\/1204"}],"replies":[{"embeddable":true,"href":"https:\/\/archives.regards.fr\/index.php?rest_route=%2Fwp%2Fv2%2Fcomments&post=12429"}],"version-history":[{"count":0,"href":"https:\/\/archives.regards.fr\/index.php?rest_route=\/wp\/v2\/posts\/12429\/revisions"}],"wp:featuredmedia":[{"embeddable":true,"href":"https:\/\/archives.regards.fr\/index.php?rest_route=\/wp\/v2\/media\/29671"}],"wp:attachment":[{"href":"https:\/\/archives.regards.fr\/index.php?rest_route=%2Fwp%2Fv2%2Fmedia&parent=12429"}],"wp:term":[{"taxonomy":"category","embeddable":true,"href":"https:\/\/archives.regards.fr\/index.php?rest_route=%2Fwp%2Fv2%2Fcategories&post=12429"},{"taxonomy":"post_tag","embeddable":true,"href":"https:\/\/archives.regards.fr\/index.php?rest_route=%2Fwp%2Fv2%2Ftags&post=12429"}],"curies":[{"name":"wp","href":"https:\/\/api.w.org\/{rel}","templated":true}]}}