{"id":12409,"date":"2020-07-09T13:58:03","date_gmt":"2020-07-09T11:58:03","guid":{"rendered":"https:\/\/wp.muchomaas.com\/article-pierre-mansat-depuis-15-ans-la-gauche-se-refuse-a-ouvrir-le-debat-de-ce-que\/"},"modified":"2020-07-09T13:58:03","modified_gmt":"2020-07-09T11:58:03","slug":"article-pierre-mansat-depuis-15-ans-la-gauche-se-refuse-a-ouvrir-le-debat-de-ce-que","status":"publish","type":"post","link":"https:\/\/archives.regards.fr\/?p=12409","title":{"rendered":"Pierre Mansat : \u00ab Depuis 15 ans, la gauche se refuse \u00e0 ouvrir le d\u00e9bat de ce que doit \u00eatre le Grand Paris de demain \u00bb"},"content":{"rendered":"<p class=\"post_excerpt\">\u00c0 un an des \u00e9lections r\u00e9gionales, coup dur pour la pr\u00e9sidente de la R\u00e9gion Ile-de-France, Val\u00e9rie P\u00e9cresse, et Les R\u00e9publicains. Le candidat dissident \u00e0 Patrick Ollier pour la pr\u00e9sidence de la m\u00e9tropole, Vincent Jeanbrun (LR), a \u00e9t\u00e9 mis en minorit\u00e9 ce matin gr\u00e2ce aux voix de gauche qui appellent \u00e0 voter pour le centriste Philippe Laurent (maire de Sceaux). Pierre Mansat, secr\u00e9taire g\u00e9n\u00e9ral de La Ville en Commun et ancien adjoint au maire de Paris charg\u00e9 de la m\u00e9tropole, nous aide \u00e0 mieux comprendre les enjeux. Il est l\u2019invit\u00e9 de #LaMidinale.<\/p>\n<h2>UNE MIDINALE \u00c0 VOIR&#8230;<\/h2>\n<p><iframe loading=\"lazy\" width=\"490\" height=\"276\" src=\"https:\/\/www.youtube.com\/embed\/nUK2V32gqWM\" frameborder=\"0\" allow=\"accelerometer; autoplay; encrypted-media; gyroscope; picture-in-picture\" allowfullscreen><\/iframe><\/p>\n","protected":false},"excerpt":{"rendered":"<p>\u00c0 un an des \u00e9lections r\u00e9gionales, coup dur pour la pr\u00e9sidente de la R\u00e9gion Ile-de-France, Val\u00e9rie P\u00e9cresse, et Les R\u00e9publicains. Le candidat dissident \u00e0 Patrick Ollier pour la pr\u00e9sidence de la m\u00e9tropole, Vincent Jeanbrun (LR), a \u00e9t\u00e9 mis en minorit\u00e9 ce matin gr\u00e2ce aux voix de gauche qui appellent \u00e0 voter pour le centriste Philippe Laurent (maire de Sceaux). Pierre Mansat, secr\u00e9taire g\u00e9n\u00e9ral de La Ville en Commun et ancien adjoint au maire de Paris charg\u00e9 de la m\u00e9tropole, nous aide \u00e0 mieux comprendre les enjeux. Il est l\u2019invit\u00e9 de #LaMidinale.<\/p>\n","protected":false},"author":1039,"featured_media":0,"comment_status":"open","ping_status":"open","sticky":false,"template":"","format":"standard","meta":{"_themeisle_gutenberg_block_has_review":false,"footnotes":""},"categories":[238],"tags":[293],"class_list":["post-12409","post","type-post","status-publish","format-standard","hentry","category-la-midinale","tag-entretien"],"_links":{"self":[{"href":"https:\/\/archives.regards.fr\/index.php?rest_route=\/wp\/v2\/posts\/12409","targetHints":{"allow":["GET"]}}],"collection":[{"href":"https:\/\/archives.regards.fr\/index.php?rest_route=\/wp\/v2\/posts"}],"about":[{"href":"https:\/\/archives.regards.fr\/index.php?rest_route=\/wp\/v2\/types\/post"}],"author":[{"embeddable":true,"href":"https:\/\/archives.regards.fr\/index.php?rest_route=\/wp\/v2\/users\/1039"}],"replies":[{"embeddable":true,"href":"https:\/\/archives.regards.fr\/index.php?rest_route=%2Fwp%2Fv2%2Fcomments&post=12409"}],"version-history":[{"count":0,"href":"https:\/\/archives.regards.fr\/index.php?rest_route=\/wp\/v2\/posts\/12409\/revisions"}],"wp:attachment":[{"href":"https:\/\/archives.regards.fr\/index.php?rest_route=%2Fwp%2Fv2%2Fmedia&parent=12409"}],"wp:term":[{"taxonomy":"category","embeddable":true,"href":"https:\/\/archives.regards.fr\/index.php?rest_route=%2Fwp%2Fv2%2Fcategories&post=12409"},{"taxonomy":"post_tag","embeddable":true,"href":"https:\/\/archives.regards.fr\/index.php?rest_route=%2Fwp%2Fv2%2Ftags&post=12409"}],"curies":[{"name":"wp","href":"https:\/\/api.w.org\/{rel}","templated":true}]}}