{"id":12403,"date":"2020-07-07T12:19:53","date_gmt":"2020-07-07T10:19:53","guid":{"rendered":"https:\/\/wp.muchomaas.com\/article-noel-mamere-barbara-pompili-n-arrivera-pas-mieux-que-nicolas-hulot-et-tous-ceux\/"},"modified":"2023-06-24T00:00:53","modified_gmt":"2023-06-23T22:00:53","slug":"article-noel-mamere-barbara-pompili-n-arrivera-pas-mieux-que-nicolas-hulot-et-tous-ceux","status":"publish","type":"post","link":"https:\/\/archives.regards.fr\/?p=12403","title":{"rendered":"No\u00ebl Mam\u00e8re : \u00ab Barbara Pompili n\u2019arrivera pas mieux que Nicolas Hulot et tous ceux qui l\u2019on pr\u00e9c\u00e9d\u00e9 \u00bb"},"content":{"rendered":"<p class=\"post_excerpt\">Nouveau gouvernement. Une \u00e9cologiste num\u00e9ro 2 du gouvernement, Barbara Pompili, charg\u00e9e de la transition \u00e9cologique. Un tournant est-il possible ? L\u2019\u00e9cologiste No\u00ebl Mam\u00e8re, auteur de <em>L\u2019\u00e9cologie pour sauver nos vies<\/em> (\u00c9ditions Les Petits Matins), est l\u2019invit\u00e9 de #LaMidinale.<\/p>\n<h2><strong><em>UNE MIDINALE \u00c0 VOIR&#8230;<\/h2>\n<p><iframe loading=\"lazy\" width=\"490\" height=\"276\" src=\"https:\/\/www.youtube.com\/embed\/rb_02xsF7f4\" frameborder=\"0\" allow=\"accelerometer; autoplay; encrypted-media; gyroscope; picture-in-picture\" allowfullscreen><\/iframe><\/p>\n<p>&nbsp;<\/p>\n<p><h2>ET \u00c0 LIRE&#8230;<\/h2>\n<p><\/strong><\/em><\/p>\n<p><strong>Sur Barbara Pompili<\/strong><br \/>\n\u00ab Je fais confiance \u00e0 Barbara Pompili en tant que personne. Elle a \u00e9t\u00e9 mon attach\u00e9e de presse pendant la campagne pr\u00e9sidentielle des verts de 2002. \u00bb<br \/>\n\u00ab Barbara Pompili est une \u00e9cologiste sinc\u00e8re mais je n\u2019ai aucun espoir de voir une vraie transformation \u00e9cologique de notre pays. \u00bb<br \/>\n\u00ab Comme Nicolas Hulot l\u2019a d\u00e9montr\u00e9, et sa personnalit\u00e9 \u00e9tait quand m\u00eame tr\u00e8s forte, un \u00e9cologiste tout seul dans un gouvernement qui ne l\u2019est pas, \u00e7a ne peut pas fonctionner. \u00bb<br \/>\n\u00ab Barbara Pompili n\u2019arrivera pas mieux que Nicolas Hulot et tous ceux qui l\u2019on pr\u00e9c\u00e9d\u00e9. \u00bb<\/p>\n<p><strong>Sur les engagements de Macron sur les 146 propositions de la convention citoyenne<\/strong><br \/>\n\u00ab Emmanuel Macron est un avion renifleur. \u00bb<br \/>\n\u00ab La reprise des 146 dispositions de la convention citoyenne pour le climat sur les 149 dispositions est de l\u2019ordre de l\u2019annonce d\u2019annonces. \u00bb<br \/>\n\u00ab Emmanuel Macron n\u2019a pas retenu les dispositions les plus contraignantes et Bruno Le Maire a d\u00e9j\u00e0 recul\u00e9 sur la question de la publicit\u00e9. \u00bb<\/p>\n<p><strong>Sur le nouveau gouvernement<\/strong><br \/>\n\u00ab C\u2019est la confirmation que le macronisme, c\u2019est la droite. \u00bb<br \/>\n\u00ab Il faut se souvenir de ces alliances contre nature, comme \u00e0 Lyon, o\u00f9 LREM s\u2019est associ\u00e9e \u00e0 la droite, y compris la droite la plus conservatrice pour barrer la route aux \u00e9cologistes. Comme si les \u00e9cologistes \u00e9taient la principale menace pour la France. \u00bb<br \/>\n\u00ab C\u2019est pas des chars qui seraient arriv\u00e9s sur les Champs-Elys\u00e9es si les \u00e9cologistes \u00e9taient arriv\u00e9s au pouvoir, seulement des v\u00e9los. \u00bb<\/p>\n<p><strong>Sur Bachelot et Dupond-Moretti<\/strong><br \/>\n\u00ab \u00c7a ressemble \u00e0 la soci\u00e9t\u00e9 du spectacle. \u00bb<\/p>\n<p><strong>Sur les visionnaires de l\u2019\u00e9cologie<\/strong><br \/>\n\u00ab Bernard Charbonneau et Jacques Ellul font partie des visionnaires de l\u2019\u00e9cologie. \u00bb<br \/>\n\u00ab Bernard Charbonneau et Jacques Ellul sont les deux premiers penseurs de l\u2019\u00e9cologie \u00e0 avoir porter une vision non marxiste de la soci\u00e9t\u00e9 et qui l\u2019ont envisag\u00e9 uniquement sous l\u2019angle de la libert\u00e9. \u00bb<br \/>\n\u00ab On a trop souvent tendance \u00e0 cantonner les \u00e9cologistes dans les questions environnementales mais les \u00e9cologistes interrogent d\u2019abord nos libert\u00e9s. \u00bb<\/p>\n<p><strong>Sur la cr\u00e9dibilit\u00e9 de l\u2019\u00e9cologie et la caricature m\u00e9diatique<\/strong><br \/>\n\u00ab L\u2019\u00e9cologie est tr\u00e8s caricatur\u00e9e dans les m\u00e9dias. Notamment sur la question de l\u2019effondrement et la collapsologie. \u00bb<br \/>\n\u00ab Yves cochet repr\u00e9sente une vision caricaturale et survivaliste de l\u2019effondrement et la collapsologie. \u00bb<br \/>\n\u00ab La collapsologie est une pens\u00e9e beaucoup plus complexe que ce qu\u2019en disent les m\u00e9dias. \u00bb<br \/>\n\u00ab Pablo Servigne a \u00e9crit un livre tr\u00e8s int\u00e9ressant qui s\u2019appelle \u2018L\u2019autre loi de la jungle\u2019 qui explique que contrairement ce qu\u2019on nous a racont\u00e9 pendant longtemps, l\u2019homme n\u2019a pas un ADN de la comp\u00e9tition et de la concurrence mais plut\u00f4t de l\u2019entre-aide et de la solidarit\u00e9. \u00bb<br \/>\n\u00ab On a l\u2019impression que les journalistes ont d\u00e9couvert l\u2019\u00e9cologie hier soir. \u00bb<br \/>\n\u00ab Si l\u2019\u00e9cologie est per\u00e7ue comme une id\u00e9e neuve, c\u2019est quand m\u00eame une id\u00e9e qui vient de loin. \u00bb<\/p>\n<p><strong>Sur les \u2018rebelles\u2019 des marches pour le climat qui ne votent pas<\/strong><br \/>\n\u00ab Ces rebelles n\u2019ont plus le gout des urnes mais ils ont toujours le gout des autres. C\u2019est \u00e0 nous \u00e9cologistes et forces de gauche de formaliser politiquement cette exigence. \u00bb<br \/>\n\u00ab Cette g\u00e9n\u00e9ration qui fait gr\u00e8ve et marche pour le climat \u00e9tait aussi pr\u00e9sente le 2 juin \u00e0 l\u2019appel du collectif Adama. \u00bb<br \/>\n\u00ab Il se r\u00e9alise une jonction tr\u00e8s int\u00e9ressante et significative entre la justice pour le climat et la justice pour tous. \u00bb<br \/>\n\u00ab Cette g\u00e9n\u00e9ration n\u2019adh\u00e9rera pas \u00e0 EELV ou LFI ni quelqu\u2019autre parti que ce soit. \u00c7a doit nous obliger \u00e0 une r\u00e9volution copernicienne dans nos fonctionnements. \u00bb<br \/>\n\u00ab Sur les listes de Pierre Hurmic \u00e0 Bordeaux, il y avait 50% de candidats issus de la soci\u00e9t\u00e9 civile. \u00c0 Toulouse, o\u00f9 nous avons fait un tr\u00e8s bon score, une partie des candidats avaient \u00e9t\u00e9 tir\u00e9s au sort. \u00bb<\/p>\n<p><strong>Sur les le\u00e7ons \u00e0 retenir des municipales<\/strong><br \/>\n\u00ab Les partis ne doivent plus chercher d\u00e9sesp\u00e9r\u00e9ment des accords entre appareils. \u00bb<br \/>\n\u00ab Je recommande \u00e0 mes amis d\u2019EELV et des autres partis de ne pas s\u2019obs\u00e9der sur les pr\u00e9sidentielles. \u00bb<br \/>\n\u00ab La gauche ne se reconstruira qu\u2019autour de l\u2019\u00e9cologie. \u00bb<br \/>\n\u00ab L\u2019\u00e9cologie n\u2019entre pas dans les politiques publiques avec Macron parce qu\u2019il a des comptes \u00e0 rendre \u00e0 ceux qui lui ont permis d\u2019acc\u00e9der au pouvoir. \u00bb<br \/>\n\u00ab Nous devons montrer avec les maires qui dirigent les grandes villes que nous devons montrer notre diff\u00e9rence et notre capacit\u00e9 \u00e0 g\u00e9rer des crises \u00e9conomiques avec les r\u00e9ponses de l\u2019\u00e9cologie mais pas simplement, celles de nos partenaires de la gauche. \u00bb<\/p>\n<p><strong>Sur la qu\u00eate du leadership \u00e0 gauche<\/strong><br \/>\n\u00ab Toutes les forces de gauche qui se sont associ\u00e9es \u00e0 nous aux municipales ont plac\u00e9 en t\u00eate de leurs discours l\u2019\u00e9cologie et le social. \u00bb<br \/>\n\u00ab Les \u00e9cologistes n\u2019ont pas cherch\u00e9 \u00e0 \u00eatre les chefs mais \u00e0 \u00eatre les moteurs du rassemblement d\u2019une gauche \u00e9cologiste et d\u2019une soci\u00e9t\u00e9 mobilis\u00e9e. C\u2019est \u00e7a notre r\u00f4le. \u00bb<br \/>\n\u00ab Jamais nous avons \u00e9t\u00e9 la premi\u00e8re force de la gauche dans ce pays, ce qui est aujourd\u2019hui le cas. \u00bb<br \/>\n\u00ab Nous avons une responsabilit\u00e9 de ne pas transformer l\u2019or politique qui est entre nos mains en plomb. \u00bb<br \/>\n\u00ab Il n\u2019y aura pas d\u2019espoir pour la gauche s\u2019il n\u2019y a pas une candidature unique. \u00bb<br \/>\n\u00ab Il n\u2019y aura de possibilit\u00e9 de gagner en 2022 que si nous sommes capables de mobiliser toute cette frange qui ne se reconnait ni dans LFI, ni dans le PCF, ni dans Place Publique, ni dans EELV mais qui se reconnait dans un projet o\u00f9 l\u2019\u00e9cologie est centrale. Et o\u00f9 \u00e9videmment les questions d\u2019\u00e9galit\u00e9 des droits, de protections des libert\u00e9s, de solidarit\u00e9 et de redistribution sont centrales. \u00bb<\/p>\n<p><strong>Sur l\u2019\u00e9cologie des centres urbains<\/strong><br \/>\n\u00ab C\u2019est un faux proc\u00e8s. On nous regarde avec les yeux du XX\u00e8me si\u00e8cle. L\u2019\u00e9cologie est entr\u00e9e partout. \u00bb<br \/>\n\u00ab Il faut que les observateurs regardent nos r\u00e9sultats : on a gagn\u00e9 \u00e0 Colombes, \u00e0 B\u00e8gles mais aussi dans des petites villes. On n\u2019a pas fait moins de 10 \u00e0 11% y compris dans des villes de moins de 9000 habitants. L\u2019enracinement territorial est \u00e0 l\u2019oeuvre. \u00bb<br \/>\n\u00ab Pierre Hurmic \u00e0 Bordeaux a fait entrer l\u2019\u00e9cologie dans les quartiers populaires et dans des cat\u00e9gories dont on pensait qu\u2019elles y \u00e9taient totalement \u00e9trang\u00e8res. \u00bb<br \/>\n\u00ab L\u2019\u00e9cologie est l\u2019outil de lutte contre les in\u00e9galit\u00e9s sociales. \u00bb<\/p>\n<p><strong>Sur le jour d\u2019apr\u00e8s<\/strong><br \/>\n\u00ab La catastrophe est d\u00e9j\u00e0 l\u00e0. \u00bb<br \/>\n\u00ab Si nous continuons sur ce m\u00eame mod\u00e8le, nous irons dans le mur. Les scientifiques du GIEC, dont les rapports sont de plus en plus alarmistes, le disent. \u00bb<br \/>\n\u00ab Si nous ne mettons maintenant des outils de freinage de ce qui est \u00e0 l\u2019oeuvre &#8211; le d\u00e9r\u00e8glement climatique et ses effets environnementaux, sociaux et humains &#8211; l\u2019esp\u00e8ce humaine aura des soucis \u00e0 se faire pour continuer \u00e0 vivre dans des conditions d\u00e9centes sur cette plan\u00e8te; \u00bb<br \/>\n\u00ab L\u2019une des bonnes nouvelles de ce d\u00e9but de si\u00e8cle c\u2019est que nous sommes en train de comprendre que vivre encore sur ce mod\u00e8le des Lumi\u00e8res selon lequel l\u2019homme serait maitre et possesseur de la nature, c\u2019est fini. Il faut qu\u2019on s\u2019inspire des peuples premiers et des am\u00e9rindiens comme le dit Philippe Descola. \u00bb<br \/>\n\u00ab Nous sommes dans un monde des vivants et non pas dans la nature. Nous ne sommes qu\u2019un vivant parmi d\u2019autres vivants et nous sommes d\u00e9pendants d\u2019eux. \u00bb<div id='gallery-1' class='gallery galleryid-12403 gallery-columns-3 gallery-size-thumbnail'><figure class='gallery-item'>\n\t\t\t<div class='gallery-icon landscape'>\n\t\t\t\t<a href='https:\/\/archives.regards.fr\/wp-content\/uploads\/2020\/07\/capture_d_e_cran_2020-07-07_a_12-fb5.16.40.png'><img loading=\"lazy\" decoding=\"async\" width=\"150\" height=\"150\" src=\"https:\/\/archives.regards.fr\/wp-content\/uploads\/2020\/07\/capture_d_e_cran_2020-07-07_a_12-fb5.16.40-150x150.png\" class=\"attachment-thumbnail size-thumbnail\" alt=\"capture_d_e_cran_2020-07-07_a_12.16.40.png\" \/><\/a>\n\t\t\t<\/div><\/figure>\n\t\t<\/div>\n<\/p>\n","protected":false},"excerpt":{"rendered":"<p>Nouveau gouvernement. Une \u00e9cologiste num\u00e9ro 2 du gouvernement, Barbara Pompili, charg\u00e9e de la transition \u00e9cologique. Un tournant est-il possible ? L\u2019\u00e9cologiste No\u00ebl Mam\u00e8re, auteur de <em>L\u2019\u00e9cologie pour sauver nos vies<\/em> (\u00c9ditions Les Petits Matins), est l\u2019invit\u00e9 de #LaMidinale.<\/p>\n","protected":false},"author":1039,"featured_media":29610,"comment_status":"open","ping_status":"open","sticky":false,"template":"","format":"standard","meta":{"_themeisle_gutenberg_block_has_review":false,"footnotes":""},"categories":[238],"tags":[],"class_list":["post-12403","post","type-post","status-publish","format-standard","has-post-thumbnail","hentry","category-la-midinale"],"_links":{"self":[{"href":"https:\/\/archives.regards.fr\/index.php?rest_route=\/wp\/v2\/posts\/12403","targetHints":{"allow":["GET"]}}],"collection":[{"href":"https:\/\/archives.regards.fr\/index.php?rest_route=\/wp\/v2\/posts"}],"about":[{"href":"https:\/\/archives.regards.fr\/index.php?rest_route=\/wp\/v2\/types\/post"}],"author":[{"embeddable":true,"href":"https:\/\/archives.regards.fr\/index.php?rest_route=\/wp\/v2\/users\/1039"}],"replies":[{"embeddable":true,"href":"https:\/\/archives.regards.fr\/index.php?rest_route=%2Fwp%2Fv2%2Fcomments&post=12403"}],"version-history":[{"count":0,"href":"https:\/\/archives.regards.fr\/index.php?rest_route=\/wp\/v2\/posts\/12403\/revisions"}],"wp:featuredmedia":[{"embeddable":true,"href":"https:\/\/archives.regards.fr\/index.php?rest_route=\/wp\/v2\/media\/29610"}],"wp:attachment":[{"href":"https:\/\/archives.regards.fr\/index.php?rest_route=%2Fwp%2Fv2%2Fmedia&parent=12403"}],"wp:term":[{"taxonomy":"category","embeddable":true,"href":"https:\/\/archives.regards.fr\/index.php?rest_route=%2Fwp%2Fv2%2Fcategories&post=12403"},{"taxonomy":"post_tag","embeddable":true,"href":"https:\/\/archives.regards.fr\/index.php?rest_route=%2Fwp%2Fv2%2Ftags&post=12403"}],"curies":[{"name":"wp","href":"https:\/\/api.w.org\/{rel}","templated":true}]}}