{"id":12400,"date":"2020-07-06T13:15:43","date_gmt":"2020-07-06T11:15:43","guid":{"rendered":"https:\/\/wp.muchomaas.com\/article-isabelle-lorand-a-vitry-sur-seine-une-clique-a-fait-un-putsch-et-pris-le\/"},"modified":"2023-06-24T00:00:46","modified_gmt":"2023-06-23T22:00:46","slug":"article-isabelle-lorand-a-vitry-sur-seine-une-clique-a-fait-un-putsch-et-pris-le","status":"publish","type":"post","link":"https:\/\/archives.regards.fr\/?p=12400","title":{"rendered":"Isabelle Lorand : \u00ab A Vitry-sur-Seine, une clique a fait un putsch et pris le pouvoir de fa\u00e7on antid\u00e9mocratique \u00bb"},"content":{"rendered":"<p class=\"post_excerpt\">A Vitry-sur-Seine, alors que la liste gagnante \u00e9tait emmen\u00e9e par le communiste Jean-Claude Kennedy, c\u2019est son colistier (et camarade !) Pierre Bell-Lloch qui a \u00e9t\u00e9 \u00e9lu lors du conseil d\u2019installation. On en parle avec la conseill\u00e8re municipale Isabelle Lorand, elle aussi membre du PCF. <\/p>\n<h2><strong><em>UNE MIDINALE \u00c0 VOIR&#8230;<\/h2>\n<p><iframe loading=\"lazy\" width=\"490\" height=\"276\" src=\"https:\/\/www.youtube.com\/embed\/yN9kkNUFkt4\" frameborder=\"0\" allow=\"accelerometer; autoplay; encrypted-media; gyroscope; picture-in-picture\" allowfullscreen><\/iframe><\/p>\n<p>&nbsp;<\/p>\n<p><h2>ET \u00c0 LIRE&#8230;<\/h2>\n<p><\/strong><\/em><br \/>\n<em>\u00a0<strong>Sur ce qui s\u2019est pass\u00e9 \u00e0 Vitry-sur-Seine samedi dernier<\/em>\u00a0<\/strong><br \/>\n\u00ab C\u2019est la premi\u00e8re fois que, dans le conseil d\u2019installation, un colistier se pr\u00e9sente contre la t\u00eate de liste. \u00bb<br \/>\n\u00ab Le principe dans les \u00e9lections municipales, c\u2019est que les gens \u00e9lisent leur maire. Mais, dans l\u2019esprit des institutions, ils \u00e9lisent un conseil municipal qui \u00e9lit, en son sein, un maire. \u00bb<br \/>\n\u00ab Le maire reste l\u2019\u00e9lu le plus proche et le plus appr\u00e9ci\u00e9 des Fran\u00e7ais. \u00bb<\/p>\n<p><em>\u00a0<strong>Sur Pierre Bell-Lloch, le nouveau maire de Vitry-sur-Seine, et son \u00e9quipe<\/em>\u00a0<\/strong><br \/>\n\u00ab C\u2019\u00e9tait clairement pr\u00e9m\u00e9dit\u00e9 \u2013 cela fait un moment que j\u2019avais vu le coup devenir mais jusqu\u2019au jeudi qui a pr\u00e9c\u00e9d\u00e9, je ne pensais pas que cela se ferait aussi rapidement, au conseil d\u2019installation. Ca ne s\u2019est jamais fait ! \u00bb<br \/>\n\u00ab Si quelqu\u2019un d\u2019autre que la t\u00eate de liste veut \u00eatre maire, il suffit de se pr\u00e9senter au suffrage universel des habitants. \u00bb<br \/>\n\u00ab Pierre Bell-Lloch est all\u00e9 acheter les voix pour organiser son putsch au m\u00e9pris de toute discussion avec les communistes et de tout respect des r\u00e8gles internes de fonctionnement. \u00bb<br \/>\n\u00ab Le probl\u00e8me n\u2019est pas Jean-Claude Kennedy : quand une femme est viol\u00e9e, on ne peut pas lui reprocher d\u2019avoir une mini-jupe. \u00bb<br \/>\n\u00ab Il y a une clique qui veut le pouvoir et qui a tout fait pour l\u2019avoir. \u00bb<br \/>\n\u00ab Les habitants ne reprochent rien \u00e0 Jean-Claude Kennedy puisqu\u2019ils ont vot\u00e9 pour lui. \u00bb<br \/>\n\u00ab Je ne dis pas que le projet pour Vitry-sur-Seine ou que l\u2019on est irr\u00e9prochable mais il y a un candidat qui a rassembl\u00e9 une liste, un projet et une \u00e9quipe et qui a fait pr\u00e8s de 50% des voix. Tout le reste, c\u2019est de la conjecture. \u00bb<\/p>\n<p><em>\u00a0<strong>Sur les raisons et les condamnations de ce \u00ab putsch \u00bb<\/em>\u00a0<\/strong><br \/>\n\u00ab Ce ne sont pas des histoires internes au Parti communiste fran\u00e7ais. \u00bb<br \/>\n\u00ab Les communistes ont appris hier par une communication d\u2019EELV qu\u2019ils n\u2019auront pas de candidat \u00e0 la l\u00e9gislative partielle dans la 9\u00e8me circonscription du Val-de-Marne\u2026 \u00bb<br \/>\n\u00ab Des gens ont fait main basse sur le groupe EELV \u00e0 Vitry-sur-Seine excluant les \u00e9cologistes identifi\u00e9s comme tels. \u00bb<br \/>\n\u00ab Le Parti communiste et la f\u00e9d\u00e9ration du Val-de-Marne du Parti communiste ont condamn\u00e9 sans ambigu\u00eft\u00e9 ce qui a \u00e9t\u00e9 fait par Pierre Bell-Lloch. \u00bb<br \/>\nNB : le s\u00e9nateur socialiste Luc Carvounas a demand\u00e9 \u00ab \u00e0 [s]es coll\u00e8gues PS \u00e9lus de d\u00e9missionner et de ne pas participer \u00e0 cette mascarade d\u00e9mocratique \u00bb.<\/p>\n<p><em>\u00a0<strong>Sur les dissensions au sein du PCF de Vitry-sur-Seine<\/em>\u00a0<\/strong><br \/>\n\u00ab Dans les ann\u00e9es 1980, j\u2019ai radicalement rompu avec tout ce qui peut avoir \u00e0 voir avec tout ce qui peut avoir de pr\u00e8s ou de loin avec l\u2019histoire du stalinisme, c\u2019est-\u00e0-dire les coups de force, l\u2019autoritarisme, la violence et les affaires. \u00bb<br \/>\n\u00ab Les gens qui sont sur la liste de Pierre Bell-Lloch sont ceux qui se sont vant\u00e9 d\u2019avoir plant\u00e9 le drapeau sovi\u00e9tique sur la mairie de Villejuif le soir du 28 juin. \u00bb<br \/>\n\u00ab Dans la culture communiste, on ne croit pas qu\u2019une telle trahison puisse arriver. \u00bb<\/p>\n<p><em>\u00a0<strong>Sur les voies et moyens qu\u2019il reste aux opposants au maire Pierre Bell-Lloch<\/em>\u00a0<\/strong><br \/>\n\u00ab Je crois \u00e0 la puissance de la d\u00e9mocratie et de la mobilisation. \u00bb<br \/>\n\u00ab S\u2019ils font un putsch, c\u2019est qu\u2019ils savaient tr\u00e8s bien que par les voies d\u00e9mocratiques, ils ne pouvaient pas y arriver. Si Pierre Bell-Llloch pensait qu\u2019il pouvait \u00eatre \u00e9lu tout seul, il aurait fait sa liste. L\u00e0, il a du passer par des manipulations pour pouvoir faire son coup d\u2019Etat. \u00bb<br \/>\n\u00ab Un coup d\u2019Etat, cela veut dire qu\u2019on n\u2019a pas le rapport de force d\u00e9mocratique : Pinochet avait les militaires mais dans les institutions fran\u00e7aises, on ne peut pas installer une garde militaire autour de la mairie de Vitry-sur-Seine. \u00bb<br \/>\n\u00ab On d\u00e9nonce l\u2019\u00e9lection et j\u2019appelle \u00e0 la d\u00e9mission de Pierre Bell-Lloch \u2013 tout comme la f\u00e9d\u00e9ration du Parti communiste du Val-de-Marne. \u00bb<br \/>\n\u00ab Sur le site de la ville, il y a un nombre \u00e9norme de r\u00e9actions d\u2019habitants. \u00bb<br \/>\n\u00ab Quand on est r\u00e9publicain et d\u00e9mocrate, on ne peut pas accepter qu\u2019un homme \u00e9lu par le suffrage universel soit renvers\u00e9 5 jours apr\u00e8s par ses colistiers. \u00bb<br \/>\n\u00ab J\u2019appelle les habitants de Vitry-sur-Seine a se mobiliser pour demander la d\u00e9mission de Pierre Bell-Lloch. Et ils peuvent compter sur notre d\u00e9termination pour \u00eatre avec eux dans cette bataille. \u00bb<div id='gallery-1' class='gallery galleryid-12400 gallery-columns-3 gallery-size-thumbnail'><figure class='gallery-item'>\n\t\t\t<div class='gallery-icon landscape'>\n\t\t\t\t<a href='https:\/\/archives.regards.fr\/wp-content\/uploads\/2020\/07\/capture_d_e_cran_2020-07-06_a_13-998.10.50.png'><img loading=\"lazy\" decoding=\"async\" width=\"150\" height=\"150\" src=\"https:\/\/archives.regards.fr\/wp-content\/uploads\/2020\/07\/capture_d_e_cran_2020-07-06_a_13-998.10.50-150x150.png\" class=\"attachment-thumbnail size-thumbnail\" alt=\"capture_d_e_cran_2020-07-06_a_13.10.50.png\" \/><\/a>\n\t\t\t<\/div><\/figure>\n\t\t<\/div>\n<\/p>\n","protected":false},"excerpt":{"rendered":"<p>A Vitry-sur-Seine, alors que la liste gagnante \u00e9tait emmen\u00e9e par le communiste Jean-Claude Kennedy, c\u2019est son colistier (et camarade !) Pierre Bell-Lloch qui a \u00e9t\u00e9 \u00e9lu lors du conseil d\u2019installation. On en parle avec la conseill\u00e8re municipale Isabelle Lorand, elle aussi membre du PCF. <\/p>\n","protected":false},"author":1204,"featured_media":29588,"comment_status":"open","ping_status":"open","sticky":false,"template":"","format":"standard","meta":{"_themeisle_gutenberg_block_has_review":false,"footnotes":""},"categories":[238],"tags":[293],"class_list":["post-12400","post","type-post","status-publish","format-standard","has-post-thumbnail","hentry","category-la-midinale","tag-entretien"],"_links":{"self":[{"href":"https:\/\/archives.regards.fr\/index.php?rest_route=\/wp\/v2\/posts\/12400","targetHints":{"allow":["GET"]}}],"collection":[{"href":"https:\/\/archives.regards.fr\/index.php?rest_route=\/wp\/v2\/posts"}],"about":[{"href":"https:\/\/archives.regards.fr\/index.php?rest_route=\/wp\/v2\/types\/post"}],"author":[{"embeddable":true,"href":"https:\/\/archives.regards.fr\/index.php?rest_route=\/wp\/v2\/users\/1204"}],"replies":[{"embeddable":true,"href":"https:\/\/archives.regards.fr\/index.php?rest_route=%2Fwp%2Fv2%2Fcomments&post=12400"}],"version-history":[{"count":0,"href":"https:\/\/archives.regards.fr\/index.php?rest_route=\/wp\/v2\/posts\/12400\/revisions"}],"wp:featuredmedia":[{"embeddable":true,"href":"https:\/\/archives.regards.fr\/index.php?rest_route=\/wp\/v2\/media\/29588"}],"wp:attachment":[{"href":"https:\/\/archives.regards.fr\/index.php?rest_route=%2Fwp%2Fv2%2Fmedia&parent=12400"}],"wp:term":[{"taxonomy":"category","embeddable":true,"href":"https:\/\/archives.regards.fr\/index.php?rest_route=%2Fwp%2Fv2%2Fcategories&post=12400"},{"taxonomy":"post_tag","embeddable":true,"href":"https:\/\/archives.regards.fr\/index.php?rest_route=%2Fwp%2Fv2%2Ftags&post=12400"}],"curies":[{"name":"wp","href":"https:\/\/api.w.org\/{rel}","templated":true}]}}