{"id":12398,"date":"2020-07-03T12:06:49","date_gmt":"2020-07-03T10:06:49","guid":{"rendered":"https:\/\/wp.muchomaas.com\/article-bruno-piriou-la-gestion-de-nos-villes-peut-permettre-de-redonner-du-sens-a-la\/"},"modified":"2023-06-24T00:00:41","modified_gmt":"2023-06-23T22:00:41","slug":"article-bruno-piriou-la-gestion-de-nos-villes-peut-permettre-de-redonner-du-sens-a-la","status":"publish","type":"post","link":"https:\/\/archives.regards.fr\/?p=12398","title":{"rendered":"Bruno Piriou : \u00ab La gestion de nos villes peut permettre de redonner du sens \u00e0 la gauche \u00bb"},"content":{"rendered":"<p class=\"post_excerpt\">La ville de Corbeil-Essonnes a \u00e9t\u00e9 marqu\u00e9e par 25 ans de droite, d\u2019affairisme et de corruption. Ville dirig\u00e9e par le milliardaire Serge Dassault &#8211; d\u00e9c\u00e9d\u00e9 en mai 2018 -, elle vient d\u2019\u00eatre regagn\u00e9e par Bruno Piriou [sa 5\u00e8me candidature \u00e0 la mairie] qui a pris la t\u00eate d\u2019une coalition de gauche, citoyenne et \u00e9cologiste. Il est l\u2019invit\u00e9 de #LaMidinale.<\/p>\n<h2><strong><em>UNE MIDINALE \u00c0 VOIR&#8230;<\/h2>\n<p><iframe loading=\"lazy\" width=\"490\" height=\"276\" src=\"https:\/\/www.youtube.com\/embed\/94gE-fI5xVI\" frameborder=\"0\" allow=\"accelerometer; autoplay; encrypted-media; gyroscope; picture-in-picture\" allowfullscreen><\/iframe><\/p>\n<p>&nbsp;<\/p>\n<p><h2>ET \u00c0 LIRE&#8230;<\/h2>\n<p><\/strong><\/em><\/p>\n<p><strong>Sur la victoire de la gauche ou d\u00e9faite de la droite ?<\/strong><br \/>\n\u00ab C\u2019est la d\u00e9faite de la droite et d\u2019un syst\u00e8me. C\u2019est aussi la victoire des citoyens rassembl\u00e9s, de la gauche et des \u00e9cologistes. \u00bb<br \/>\n\u00ab Le d\u00e9bat autour du mot gauche existe et il a du sens. \u00bb<br \/>\n\u00ab La n\u00e9cessit\u00e9 de redonner du sens aux valeurs de la gauche est un long chemin dans lequel je me reconnais et je m\u2019inscris. \u00bb<br \/>\n\u00ab Je suis un homme de la gauche et des \u00e9cologistes. \u00bb<br \/>\n\u00ab La gestion de nos territoires peut permettre de redonner du sens \u00e0 ce mot gauche. \u00bb<\/p>\n<p><strong>Sur les 25 ans d\u2019affaires et de corruption \u00e0 Corbeil-Essonnes<\/strong><br \/>\n\u00ab C\u2019est la 5\u00e8me fois que je me pr\u00e9sente aux \u00e9lections municipales. \u00bb<br \/>\n\u00ab Quand la R\u00e9publique ne fonctionne plus, \u00e7a laisse place \u00e0 tous les syst\u00e8mes. Et nous avions comme maire, la 4\u00e8me fortune de France, la 69\u00e8me fortune mondiale [Serge Dassult], pr\u00e9sent dans la ville et les habitants avaient le sentiment qu\u2019il ne fallait pas se d\u00e9barrasser d\u2019un milliardaire quand la R\u00e9publique ne tient plus ses promesses. \u00bb<br \/>\n\u00ab Si la R\u00e9publique permet d\u2019avoir un toit, d\u2019aller \u00e0 l\u2019\u00e9cole, de s\u2019\u00e9panouir, d\u2019avoir un travail, l\u2019argent d\u2019un milliardaire peut ne pas \u00eatre int\u00e9ressant. C\u2019\u00e9tait l\u2019hypoth\u00e8se de mon livre. \u00bb<br \/>\n\u00ab J\u2019ai toujours eu deux adversaires : Serge Dassault et Manuel Valls &#8211; d\u00e9put\u00e9 de la circonscription. J\u2019avais deux fronts \u00e0 combattre et c\u2019\u00e9tait compliqu\u00e9 de construire une majorit\u00e9 quand l\u2019un de mes partenaires \u00e9tait Manuel Valls. \u00bb<\/p>\n<p><strong>Sur l\u2019abstention \u00e0 Corbeil-Essonnes<\/strong><br \/>\n\u00ab Il y a particuli\u00e8rement un d\u00e9sespoir dans notre ville. Et la d\u00e9sesp\u00e9rance elle enferme. C\u2019est terrible parce qu\u2019on ne croit plus en rien. \u00bb<br \/>\n\u00ab Le combat commence maintenant. \u00bb<br \/>\n\u00ab Si la gauche veut redevenir une perspective, c\u2019est pas la gauche qui doit redevenir une perspective, ce sont les citoyens. \u00bb<\/p>\n<p><strong>Sur les enjeux \u00e0 Corbeil-Essonnes<\/strong><br \/>\n\u00ab Je consid\u00e8re qu\u2019il ne doit pas y avoir d\u2019interm\u00e9diaire entre les \u00e9lus et les citoyens. \u00bb<br \/>\n\u00ab Il y a l\u2019injustice du RER-D : c\u2019est pas possible que les gens se l\u00e8vent \u00e0 l\u2019aube pour traverser la r\u00e9gion parisienne pour un salaire modique. Il va falloir faire de la bataille du RER-D un grand chantier. \u00bb<br \/>\n\u00ab Il faut aussi faire en sorte qu\u2019on puisse travailler \u00e0 Corbeil-Essonnes. \u00bb<br \/>\n\u00ab Il va falloir refaire de la banlieue sud, un territoire o\u00f9 on cr\u00e9e de l\u2019emploi, de la production et des services. \u00bb<br \/>\n\u00ab Il y a un chantier autour de la d\u00e9mocratie et de la jeunesse. \u00bb<br \/>\n\u00ab Il faut poursuivre la r\u00e9novation urbaine dans nos trois quartiers populaires. \u00bb<br \/>\n\u00ab J\u2019interpelle la maire de Paris (\u2026) : elle fait tout pour que sa ville r\u00e9ussisse sa transition \u00e9cologique mais il faut compl\u00e8tement repenser la question du lien entre Paris et la banlieue. \u00bb<\/p>\n<p><strong>Sur la ceinture rouge et le communisme municipal<\/strong><br \/>\n\u00ab Je reste fid\u00e8le aux id\u00e9es communistes, \u00e0 l\u2019int\u00e9r\u00eat g\u00e9n\u00e9ral, aux communs. \u00bb<br \/>\n\u00ab Il faut s\u2019interroger s\u00e9rieusement sur les pertes des villes comme Saint-Denis et Aubervilliers. \u00bb<br \/>\n\u00ab Le chantier du communisme, du commun local, est compl\u00e8tement \u00e0 repenser. Je m\u2019inscris dans cette perspective mais \u00e7a ne peut pas se faire sans les habitants. \u00bb<br \/>\n\u00ab Il faut relire comment Marx parlait du lien entre les individus et le collectif : il faut soigner les individus pour qu\u2019il y ait du collectif. \u00bb<\/p>\n<p><strong>Sur l\u2019\u00e9cologie \u00e0 l\u2019\u00e9chelle communale<\/strong><br \/>\n\u00ab \u00catre \u00e9cologiste c\u2019est r\u00e9fl\u00e9chir \u00e0 nos \u00e9missions carbones dans la fa\u00e7on de g\u00e9rer la ville. \u00bb<br \/>\n\u00ab Il nous faut aussi tirer les le\u00e7ons de la crise du COVID-19 en termes de besoin de proximit\u00e9. \u00bb<br \/>\n\u00ab Il y a des questions espace\/temps \u00e0 repenser pour vivre dans nos villes. \u00bb<br \/>\n\u00ab Il faut repenser la question de l\u2019\u00e9quilibre de l\u2019am\u00e9nagement du territoire \u00e0 l\u2019\u00e9chelle de nos territoires et de notre pays. \u00bb<\/p>\n<p><strong>Sur la construction d\u2019une alternative politique<\/strong><br \/>\n\u00ab Sur les 47 candidats de notre liste, seuls 8 sont membres d\u2019un parti politique. \u00bb<br \/>\n\u00ab Les partis politiques, \u00e0 Corbeil-Essonnes, ont rejoint une dynamique citoyenne. \u00bb<br \/>\n\u00ab L\u2019id\u00e9e neuve en politique c\u2019est que les citoyens n\u2019aient plus d\u2019interm\u00e9diaires. \u00bb<br \/>\n\u00ab Les partis politiques enferment et ils doivent arr\u00eater de travailler pour eux-m\u00eames mais ce pour quoi ils se sont cr\u00e9\u00e9s. C\u2019est vrai de tous les partis y compris des verts pour lesquels j\u2019ai beaucoup d\u2019estime. \u00bb<br \/>\n\u00ab J\u2019ai envie de militer pour que les citoyens et les responsables politiques convergent pour repenser ce que peut \u00eatre une gauche \u00e9cologiste dans ce pays. \u00bb<div id='gallery-1' class='gallery galleryid-12398 gallery-columns-3 gallery-size-thumbnail'><figure class='gallery-item'>\n\t\t\t<div class='gallery-icon landscape'>\n\t\t\t\t<a href='https:\/\/archives.regards.fr\/wp-content\/uploads\/2020\/07\/capture_d_e_cran_2020-07-03_a_12-5e1.05.34.png'><img loading=\"lazy\" decoding=\"async\" width=\"150\" height=\"150\" src=\"https:\/\/archives.regards.fr\/wp-content\/uploads\/2020\/07\/capture_d_e_cran_2020-07-03_a_12-5e1.05.34-150x150.png\" class=\"attachment-thumbnail size-thumbnail\" alt=\"capture_d_e_cran_2020-07-03_a_12.05.34.png\" \/><\/a>\n\t\t\t<\/div><\/figure>\n\t\t<\/div>\n<\/p>\n","protected":false},"excerpt":{"rendered":"<p>La ville de Corbeil-Essonnes a \u00e9t\u00e9 marqu\u00e9e par 25 ans de droite, d\u2019affairisme et de corruption. Ville dirig\u00e9e par le milliardaire Serge Dassault &#8211; d\u00e9c\u00e9d\u00e9 en mai 2018 -, elle vient d\u2019\u00eatre regagn\u00e9e par Bruno Piriou [sa 5\u00e8me candidature \u00e0 la mairie] qui a pris la t\u00eate d\u2019une coalition de gauche, citoyenne et \u00e9cologiste. Il est l\u2019invit\u00e9 de #LaMidinale.<\/p>\n","protected":false},"author":1039,"featured_media":29584,"comment_status":"open","ping_status":"open","sticky":false,"template":"","format":"standard","meta":{"_themeisle_gutenberg_block_has_review":false,"footnotes":""},"categories":[238],"tags":[293],"class_list":["post-12398","post","type-post","status-publish","format-standard","has-post-thumbnail","hentry","category-la-midinale","tag-entretien"],"_links":{"self":[{"href":"https:\/\/archives.regards.fr\/index.php?rest_route=\/wp\/v2\/posts\/12398","targetHints":{"allow":["GET"]}}],"collection":[{"href":"https:\/\/archives.regards.fr\/index.php?rest_route=\/wp\/v2\/posts"}],"about":[{"href":"https:\/\/archives.regards.fr\/index.php?rest_route=\/wp\/v2\/types\/post"}],"author":[{"embeddable":true,"href":"https:\/\/archives.regards.fr\/index.php?rest_route=\/wp\/v2\/users\/1039"}],"replies":[{"embeddable":true,"href":"https:\/\/archives.regards.fr\/index.php?rest_route=%2Fwp%2Fv2%2Fcomments&post=12398"}],"version-history":[{"count":0,"href":"https:\/\/archives.regards.fr\/index.php?rest_route=\/wp\/v2\/posts\/12398\/revisions"}],"wp:featuredmedia":[{"embeddable":true,"href":"https:\/\/archives.regards.fr\/index.php?rest_route=\/wp\/v2\/media\/29584"}],"wp:attachment":[{"href":"https:\/\/archives.regards.fr\/index.php?rest_route=%2Fwp%2Fv2%2Fmedia&parent=12398"}],"wp:term":[{"taxonomy":"category","embeddable":true,"href":"https:\/\/archives.regards.fr\/index.php?rest_route=%2Fwp%2Fv2%2Fcategories&post=12398"},{"taxonomy":"post_tag","embeddable":true,"href":"https:\/\/archives.regards.fr\/index.php?rest_route=%2Fwp%2Fv2%2Ftags&post=12398"}],"curies":[{"name":"wp","href":"https:\/\/api.w.org\/{rel}","templated":true}]}}