{"id":12396,"date":"2020-07-02T14:25:52","date_gmt":"2020-07-02T12:25:52","guid":{"rendered":"https:\/\/wp.muchomaas.com\/article-dominique-vidal-les-israeliens-ont-peur-que-l-annexion-ne-provoque-une-3e\/"},"modified":"2023-06-24T00:00:37","modified_gmt":"2023-06-23T22:00:37","slug":"article-dominique-vidal-les-israeliens-ont-peur-que-l-annexion-ne-provoque-une-3e","status":"publish","type":"post","link":"https:\/\/archives.regards.fr\/?p=12396","title":{"rendered":"Dominique Vidal : \u00ab Les Isra\u00e9liens ont peur que l\u2019annexion ne provoque une 3\u00e8me intifada et une rupture avec le monde arabe \u00bb"},"content":{"rendered":"<p class=\"post_excerpt\">Le projet d&#8217;annexion d&#8217;une partie de la Cisjordanie par le Premier ministre isra\u00e9lien Benjamin Netanyahu est en suspend. Pour quelles raisons ? Et pourquoi cette annexion ? Avec quelles cons\u00e9quences ? Pour en parler, Dominique Vidal, historien et journaliste sp\u00e9cialiste du Proche-Orient, est l&#8217;invit\u00e9 de #LaMidinale.<\/p>\n<h2><strong><em>UNE MIDINALE \u00c0 VOIR&#8230;<\/h2>\n<p><iframe loading=\"lazy\" width=\"490\" height=\"276\" src=\"https:\/\/www.youtube.com\/embed\/cfGDh1wc8gk\" frameborder=\"0\" allow=\"accelerometer; autoplay; encrypted-media; gyroscope; picture-in-picture\" allowfullscreen><\/iframe><\/p>\n<p>&nbsp;<\/p>\n<p><h2>ET \u00c0 LIRE&#8230;<\/h2>\n<p><\/strong><\/em><br \/>\n<em>\u00a0<strong>Sur l\u2019annexion envisag\u00e9e par Isra\u00ebl d\u2019une partie de la Cisjordanie<\/em>\u00a0<\/strong><br \/>\n\u00ab L\u2019annexion d\u2019une partie de la Cisjordanie est un sujet qui tient beaucoup \u00e0 c\u0153ur Benjamin Netanyahu parce que la droite et l\u2019extr\u00eame droite isra\u00e9lienne depuis qu\u2019elles sont au pouvoir en 1977 ne r\u00eavent que du Grand Isra\u00ebl \u2013 qui passe par l\u2019annexion. \u00bb<br \/>\n\u00ab C\u2019est pr\u00e8s de la moiti\u00e9 de la Cisjordanie que Benjamin Netanyahu voudrait annexer. \u00bb<br \/>\n\u00ab La Vall\u00e9e du Jourdain est un territoire pr\u00e9-annex\u00e9 et, d\u2019un point de vue s\u00e9curitaire, d\u00e9j\u00e0 encadr\u00e9. Pour les colonies, c\u2019est plus complexe : si elles sont annex\u00e9es, il faudra envoyer des soldats partout et l\u2019un des responsables du minist\u00e8re des finances a annonc\u00e9 que cela allait co\u00fbter 17 milliards d\u2019euros par an. \u00bb<br \/>\n\u00ab Il y a 250.000 colons \u00e0 J\u00e9rusalem-Est et 450.000 ou plus en Cisjordanie. Mais la colonisation est diff\u00e9rente de l\u2019annexion. Par l\u2019annexion, Isra\u00ebl plante le dernier clou dans le cercueil de la solution \u00e0 2 Etats. \u00bb<br \/>\n\u00ab Benjamin Netanyahu veut un Etat unique. \u00bb<br \/>\n\u00ab Les Isra\u00e9liens ont peur que l\u2019annexion ne provoque une troisi\u00e8me intifada et une rupture avec le monde arabe. \u00bb<br \/>\n\u00ab Une majeure partie de l\u2019appareil militaire et s\u00e9curitaire isra\u00e9lien est contre l\u2019annexion car ca ne peut provoquer que des ennuis. \u00bb<\/p>\n<p><em>\u00a0<strong>Sur les cons\u00e9quences de cette volont\u00e9 d\u2019annexion dans la r\u00e9gion<\/em>\u00a0<\/strong><br \/>\n\u00ab Quand Donald Trump a \u00e9labor\u00e9 son plan pour le Proche-Orient, il n\u2019avait pas encore eu \u00e0 g\u00e9rer de mani\u00e8re catastrophique le Covid-19. \u00bb<br \/>\n\u00ab Le Pr\u00e9sident de l\u2019Autorit\u00e9 palestinienne, Mahmoud Abbas, que certains consid\u00e8rent comme un collabo, a r\u00e9sist\u00e9 et a refus\u00e9 le plan de Donald Trump (\u2026) Et cette position ferme a fait bouger les Arabes, notamment la Ligue arabe par la voix du roi de Jordanie qui a menac\u00e9 de rompre son trait\u00e9 de paix avec Isra\u00ebl et celle des Emirats arabes unis. \u00bb<br \/>\n\u00ab Le fait que les Palestiniens se battent oblige les Arabes \u00e0 en tenir compte. \u00bb<br \/>\n\u00ab Les dirigeants arabes ont le derri\u00e8re entre deux chaises : ils ont besoin de l\u2019aide isra\u00e9lienne et am\u00e9ricaine pour survivre mais ils doivent aussi faire face \u00e0 leurs opinions publiques \u2013 avec une p\u00e9riode de renouveau des r\u00e9volutions arabes, en Alg\u00e9rie, au Soudan, en Irak ou au Liban. \u00bb<\/p>\n<p><em>\u00a0<strong>Sur le risque d\u2019une troisi\u00e8me intifada<\/em>\u00a0<\/strong><br \/>\n\u00ab La potentialit\u00e9 d\u2019une troisi\u00e8me intifada fait peur \u00e0 l\u2019appareil s\u00e9curitaire isra\u00e9lien et \u00e0 un grand nombre d\u2019Isra\u00e9liens. \u00bb<br \/>\n\u00ab Peut-\u00eatre qu\u2019il y aura une troisi\u00e8me intifada mais elle ne ressemblera vraisemblablement pas \u00e0 la deuxi\u00e8me qui a \u00e9t\u00e9 une catastrophe pour les Palestiniens. \u00bb<br \/>\n\u00ab S\u2019il y a un mouvement, je pense qu\u2019il sera diff\u00e9rent, qu\u2019il ne sera pas arm\u00e9 mais plut\u00f4t politique de masse. \u00bb<br \/>\n\u00ab Ce qui frappe aujourd\u2019hui du c\u00f4t\u00e9 palestinien, c\u2019est l\u2019attentisme. \u00bb<\/p>\n<p><em>\u00a0<strong>Sur le rapport entre les Etats-Unis et Isra\u00ebl<\/em>\u00a0<\/strong><br \/>\n\u00ab Il y a une alliance profonde des Etats-Unis avec Isra\u00ebl qui est un relai de puissance comme l\u2019Arabie Saoudite ou l\u2019Iran auparavant. Les Am\u00e9ricains cherchent \u00e0 se retirer et donc \u00e0 avoir des relais. \u00bb<br \/>\n\u00ab Chaque pr\u00e9sident am\u00e9ricain fait \u00e0 sa mani\u00e8re : la mani\u00e8re de Donald Trump, c\u2019est la vulgarit\u00e9, l\u2019incapacit\u00e9 \u00e0 comprendre les rapports de forces et \u00e0 s\u2019int\u00e9resser aux opinions. \u00bb<\/p>\n<p><em>\u00a0<strong>Sur la communaut\u00e9 internationale et le droit international<\/em>\u00a0<\/strong><br \/>\n\u00ab La d\u00e9cision de la Cour europ\u00e9enne des Droits de l\u2019Homme a l\u00e9gitim\u00e9 le boycott comme un droit citoyen, c\u2019est-\u00e0-dire que toute la campagne BDS [Boycott D\u00e9sinvestissement Sanctions, r\u00e9ponse citoyenne et non-violente \u00e0 l&#8217;impunit\u00e9 d&#8217;Isra\u00ebl] contre laquelle Isra\u00ebl et ses alli\u00e9s se sont battus avec beaucoup de force, est valid\u00e9e. Et c\u2019est un \u00e9chec formidable. Il y a donc une peur que l\u2019image d\u2019Isra\u00ebl qui \u00e9tait d\u00e9j\u00e0 tr\u00e8s d\u00e9grad\u00e9e dans le monde en prenne encore un coup. \u00bb<br \/>\n \u00ab L\u2019annexion est un viol absolu du droit international et de toute une s\u00e9rie de r\u00e9solutions du Conseil de S\u00e9curit\u00e9 des Nations Unies \u2013 et notamment la r\u00e9solution 242 qui date de novembre 1967 apr\u00e8s la Guerre des six jours qui exigeait le retrait des territoires occup\u00e9s. \u00bb<br \/>\n\u00ab Il y en a un que \u00e7a amuse beaucoup : Vladimir Poutine. Parce que si les Isra\u00e9liens violent le droit international, dans le silence complice de la plupart des pays, il va vouloir que l\u2019on l\u00e8ve imm\u00e9diatement les sanctions provoqu\u00e9es par l\u2019annexion de la Crim\u00e9e. \u00bb<br \/>\n\u00ab On n\u2019a pas de position commune de l\u2019Union europ\u00e9enne dans la mesure o\u00f9 certains pays de l\u2019UE sont proches d\u2019Isra\u00ebl, notamment les pays dirig\u00e9s par des populistes voire n\u00e9gationnistes antis\u00e9mites. \u00bb<br \/>\n\u00ab Il faut reconna\u00eetre que les d\u00e9clarations de Jean-Yves Le Drian lors de la Commission des Affaires \u00e9trang\u00e8res du S\u00e9nat \u00e9taient assez fermes et amenaient \u00e0 penser qu\u2019on prendrait des mesures de r\u00e9torsion. \u00bb<br \/>\n\u00ab Jean-Yves Le Drian a m\u00eame ajout\u00e9 qu\u2019il n\u2019y aurait pas besoin de l\u2019unanimit\u00e9 des pays de l\u2019UE pour \u00e9carter Isra\u00ebl de toute une s\u00e9rie de programmes commun. \u00bb<\/p>\n<p><em>\u00a0<strong>Sur les solutions envisag\u00e9es<\/em>\u00a0<\/strong><br \/>\n\u00ab La solution des 2 Etats est enterr\u00e9e par Benjamin Netanyahu s\u2019il la confirme. Et pour la solution \u00e0 1 Etat, il faut d\u00e9finir quel Etat\u2026 \u00bb<br \/>\n\u00ab L\u2019Etat unique tel que Benjamin Netanyahu va construire est un Etat d\u2019apartheid \u2013 et ce n\u2019est pas un gros mot pour comparer avec l\u2019Afrique du Sud mais il y aura un peuple qui aura tous les droits et l\u2019autre aucun. \u00bb<br \/>\n\u00ab Il y a un Etat unique que l\u2019on peut tout \u00e0 fait souhaiter :  binational comme les binationalistes juifs des ann\u00e9es 30 l\u2019avaient souhait\u00e9 comme Martin Buber. Les deux peuples y auraient des droits \u00e9gaux et tous les individus soient \u00e9gaux et que les trois religions aient le m\u00eame statut. \u00bb<br \/>\n\u00ab Il faut construire un nouveau rapport de force autour d\u2019une nouvelle strat\u00e9gie. \u00bb<br \/>\n\u00ab Il faut commencer \u00e0 mener une bataille pour l\u2019\u00e9galit\u00e9 des droits entre Isra\u00e9liens et Palestiniens \u2013 on verra ensuite qu\u2019elle en sera ensuite la traduction institutionnelle. \u00bb<div id='gallery-1' class='gallery galleryid-12396 gallery-columns-3 gallery-size-thumbnail'><figure class='gallery-item'>\n\t\t\t<div class='gallery-icon landscape'>\n\t\t\t\t<a href='https:\/\/archives.regards.fr\/wp-content\/uploads\/2020\/07\/capture_d_e_cran_2020-07-02_a_14-509.17.44.png'><img loading=\"lazy\" decoding=\"async\" width=\"150\" height=\"150\" src=\"https:\/\/archives.regards.fr\/wp-content\/uploads\/2020\/07\/capture_d_e_cran_2020-07-02_a_14-509.17.44-150x150.png\" class=\"attachment-thumbnail size-thumbnail\" alt=\"capture_d_e_cran_2020-07-02_a_14.17.44.png\" \/><\/a>\n\t\t\t<\/div><\/figure>\n\t\t<\/div>\n<\/p>\n","protected":false},"excerpt":{"rendered":"<p>Le projet d&#8217;annexion d&#8217;une partie de la Cisjordanie par le Premier ministre isra\u00e9lien Benjamin Netanyahu est en suspend. Pour quelles raisons ? Et pourquoi cette annexion ? Avec quelles cons\u00e9quences ? Pour en parler, Dominique Vidal, historien et journaliste sp\u00e9cialiste du Proche-Orient, est l&#8217;invit\u00e9 de #LaMidinale.<\/p>\n","protected":false},"author":1204,"featured_media":29580,"comment_status":"open","ping_status":"open","sticky":false,"template":"","format":"standard","meta":{"_themeisle_gutenberg_block_has_review":false,"footnotes":""},"categories":[238],"tags":[293],"class_list":["post-12396","post","type-post","status-publish","format-standard","has-post-thumbnail","hentry","category-la-midinale","tag-entretien"],"_links":{"self":[{"href":"https:\/\/archives.regards.fr\/index.php?rest_route=\/wp\/v2\/posts\/12396","targetHints":{"allow":["GET"]}}],"collection":[{"href":"https:\/\/archives.regards.fr\/index.php?rest_route=\/wp\/v2\/posts"}],"about":[{"href":"https:\/\/archives.regards.fr\/index.php?rest_route=\/wp\/v2\/types\/post"}],"author":[{"embeddable":true,"href":"https:\/\/archives.regards.fr\/index.php?rest_route=\/wp\/v2\/users\/1204"}],"replies":[{"embeddable":true,"href":"https:\/\/archives.regards.fr\/index.php?rest_route=%2Fwp%2Fv2%2Fcomments&post=12396"}],"version-history":[{"count":0,"href":"https:\/\/archives.regards.fr\/index.php?rest_route=\/wp\/v2\/posts\/12396\/revisions"}],"wp:featuredmedia":[{"embeddable":true,"href":"https:\/\/archives.regards.fr\/index.php?rest_route=\/wp\/v2\/media\/29580"}],"wp:attachment":[{"href":"https:\/\/archives.regards.fr\/index.php?rest_route=%2Fwp%2Fv2%2Fmedia&parent=12396"}],"wp:term":[{"taxonomy":"category","embeddable":true,"href":"https:\/\/archives.regards.fr\/index.php?rest_route=%2Fwp%2Fv2%2Fcategories&post=12396"},{"taxonomy":"post_tag","embeddable":true,"href":"https:\/\/archives.regards.fr\/index.php?rest_route=%2Fwp%2Fv2%2Ftags&post=12396"}],"curies":[{"name":"wp","href":"https:\/\/api.w.org\/{rel}","templated":true}]}}