{"id":12394,"date":"2020-07-01T13:37:48","date_gmt":"2020-07-01T11:37:48","guid":{"rendered":"https:\/\/wp.muchomaas.com\/article-danielle-simonnet-il-y-a-besoin-d-une-opposition-de-gauche-a-paris\/"},"modified":"2023-06-24T00:00:36","modified_gmt":"2023-06-23T22:00:36","slug":"article-danielle-simonnet-il-y-a-besoin-d-une-opposition-de-gauche-a-paris","status":"publish","type":"post","link":"https:\/\/archives.regards.fr\/?p=12394","title":{"rendered":"Danielle Simonnet : \u00ab Il y a besoin d\u2019une opposition de gauche \u00e0 Paris \u00bb"},"content":{"rendered":"<p class=\"post_excerpt\">Elle vient d\u2019\u00eatre r\u00e9\u00e9lue dans le 20\u00e8me arrondissement et si\u00e8gera seule au Conseil de Paris, dans l\u2019opposition \u00e0 Anne Hidalgo. Quels sont ses d\u00e9saccords avec la majorit\u00e9 municipale (PCF-EELV-PS) et quelle opposition construire \u00e0 Paris ? Danielle Simonnet, conseill\u00e8re de Paris FI, est l\u2019invit\u00e9e de #LaMidinale.<\/p>\n<h2><strong><em>UNE MIDINALE \u00c0 VOIR&#8230;<\/h2>\n<p><iframe loading=\"lazy\" width=\"490\" height=\"276\" src=\"https:\/\/www.youtube.com\/embed\/6mSJFEMik_4\" frameborder=\"0\" allow=\"accelerometer; autoplay; encrypted-media; gyroscope; picture-in-picture\" allowfullscreen><\/iframe><\/p>\n<p>&nbsp;<\/p>\n<p><h2>ET \u00c0 LIRE&#8230;<\/h2>\n<p><\/strong><\/em><br \/>\n<em>\u00a0<strong>Sur la d\u00e9faite de Fr\u00e9d\u00e9rique Calandra, maire sortante du 20\u00e8me<\/em>\u00a0<\/strong><br \/>\n\u00ab Il y avait un ras-le-bol de la population par rapport \u00e0 la mani\u00e8re dont Fr\u00e9d\u00e9rique Calandra g\u00e9rait la municipalit\u00e9. \u00bb<br \/>\n\u00ab Fr\u00e9d\u00e9rique Calandra a beaucoup de mal \u00e0 \u00eatre en empathie et \u00e0 entendre et comprendre ce qui se passe dans son arrondissement. \u00bb<br \/>\n\u00ab Elle est rest\u00e9e coh\u00e9rente quant \u00e0 sa trajectoire. Elle \u00e9tait dans le courant de Dominique Strauss-Kahn, proche de Manuel Valls. C\u2019est assez coh\u00e9rent qu\u2019elle ait rejoint la R\u00e9publique en marche et le Printemps r\u00e9publicain. \u00bb<br \/>\n\u00ab Elle instrumentalise la la\u00efcit\u00e9 &#8211; elle ne d\u00e9fend pas la la\u00efcit\u00e9 &#8211; pour faire croire qu\u2019il y a des islamistes partout et \u00e7a a \u00e9t\u00e9 tr\u00e8s mal per\u00e7u par les quartiers populaires du XX\u00e8 arrondissement. \u00bb<\/p>\n<p><em>\u00a0<strong>Sur l\u2019abstention \u00e0 Paris<\/em>\u00a0<\/strong><br \/>\n\u00ab L\u2019abstention dans toute la France montre qu\u2019on est dans une crise d\u00e9mocratique profonde, celle de la V\u00e8 R\u00e9publique. \u00bb<br \/>\n\u00ab L\u2019abstention est socialement marqu\u00e9e : les classes populaires ne se sentent plus repr\u00e9sent\u00e9es. \u00bb<br \/>\n\u00ab Pendant la campagne \u00e9lectorale, j\u2019ai senti qu\u2019il y avait un sentiment d\u2019abandon de la part des quartiers populaires. \u00bb<br \/>\n\u00ab A Paris comme ailleurs, ce sont les plus dipl\u00f4m\u00e9s et les cadres qui sont all\u00e9s vot\u00e9s. C\u2019est une d\u00e9mocratie qui bascule vers le suffrage censitaire. \u00bb<br \/>\n\u00ab Anne Hidalgo ne se pr\u00e9occupe pas des classes populaires qui ne sont pas all\u00e9s voter. \u00bb<br \/>\n\u00ab Anne Hidalgo est la candidate de l\u2019entre-soi de ceux qui ont les moyens de vivre \u00e0 Paris. \u00bb<\/p>\n<p><em>\u00a0<strong>Sur la solitude de Danielle Simonnet au Conseil de Paris<\/em>\u00a0<\/strong><br \/>\n\u00ab J\u2019ai gagn\u00e9 des batailles dans le mandat pr\u00e9c\u00e9dent. En m\u2019appuyant notamment sur les luttes locales, les associations. \u00bb<br \/>\n\u00ab \u00c0 Paris, j\u2019ai un r\u00f4le de lanceuse d\u2019alerte pour donner de la voix \u00e0 ceux qui n\u2019en ont pas. \u00bb<br \/>\n\u00ab Mon r\u00f4le, c\u2019est d\u2019encourager l\u2019auto-organisation dans les quartiers pour tout un tas de combats. Sur les violences polici\u00e8res ou l\u2019acc\u00e8s au logement. \u00bb<\/p>\n<p><em>\u00a0<strong>Sur les d\u00e9saccords avec Anne Hidalgo<\/em>\u00a0<\/strong><br \/>\n\u00ab Je suis contre l\u2019installation d\u2019une police municipale que d\u00e9fend Anne Hidalgo. \u00bb<br \/>\n\u00ab On a besoin de mettre les moyens dans les associations, pour le travail de terrain, sur la question sociale et l\u2019acc\u00e8s au droit et pas de continuer \u00e0 gravir les \u00e9chelons dans la d\u00e9rive s\u00e9curitaire. C\u2019est tout cela qui, pour moi, va \u00eatre les gros points de vigilance. \u00bb<br \/>\n\u00ab Je vais aussi \u00eatre tr\u00e8s vigilante sur la question des services publics puisque Mme Hidalgo a privatis\u00e9 tous azimuts dans la pr\u00e9c\u00e9dente mandature. \u00bb<br \/>\n\u00ab L\u2019H\u00f4tel-Dieu doit redevenir un h\u00f4pital malgr\u00e9 l\u2019objectif de touristification d\u2019Anne Hidalgo pour le quartier. \u00bb<\/p>\n<p><em>\u00a0<strong>Sur le bilan du scrutin municipal<\/em>\u00a0<\/strong><br \/>\n\u00ab Il n\u2019y a pas une vague \u00e9colo dans tout le pays. Il y a quelques villes qui le sont devenues mais la grande partie des mairies restent PS ou LR. Il y a un effondrement de la macronie et le RN voit son nombre d\u2019\u00e9lus divis\u00e9 par deux et il y a toujours une crise du PCF qui recule. \u00bb<br \/>\n\u00ab Dans un certain nombre de grandes villes, une partie de l\u2019\u00e9lectorat qui avait bascul\u00e9 la R\u00e9publique en marche revient \u00e0 un vote \u00e9colo- sauf \u00e0 Paris o\u00f9 cela se traduit par un vote Anne Hidalgo. \u00bb<\/p>\n<p><em>\u00a0<strong>Sur l\u2019\u00e9cologie \u00e0 Paris <\/em>\u00a0<\/strong><br \/>\n\u00ab Anne Hidalgo a capt\u00e9 le discours d\u2019EELV. Mais on reste sur une \u00e9cologie qui s\u2019attaque aux sympt\u00f4mes et pas aux causes. \u00bb<br \/>\n\u00ab Le premier probl\u00e8me \u00e0 Paris, c\u2019est la sp\u00e9culation. C\u2019est parce qu\u2019il y a un million de personnes qui viennent travailler \u00e0 Paris chaque jour sans pouvoir y vivre, qu\u2019il y a tous ces d\u00e9placements contraints. Les distances domicile\/travail s\u2019\u00e9loignent. \u00bb<br \/>\n\u00ab Pendant le confinement, ceux qui \u00e9taient contraints de venir \u00e0 Paris pour aller bosser \u00e9taient les soignants, les caissiers, les \u00e9boueurs. Les m\u00e9tiers essentiels \u00e9taient occup\u00e9s par des personnes qui n\u2019ont pas les moyens de vivre \u00e0 Paris. \u00bb<br \/>\n\u00ab La bataille, c\u2019est de r\u00e9int\u00e9grer dans Paris ceux qui font la ville. Cette question sociale est toujours occult\u00e9e par EELV et Anne Hidalgo. \u00bb<br \/>\n\u00ab La maire de Paris vend aux int\u00e9r\u00eats priv\u00e9s du foncier pour qu\u2019ils b\u00e9tonnent. Les \u00e9cologistes ont occult\u00e9 tout \u00e7a. \u00bb<\/p>\n<p><em>\u00a0<strong>Sur la chute de LFI depuis la pr\u00e9sidentielle<\/em>\u00a0<\/strong><br \/>\n\u00ab Pour la pr\u00e9sidentielle, il faut une candidature qui soit capable de mobiliser les classes populaires et d\u2019incarner un radicalit\u00e9 qui permettrait de redonner l\u2019espoir de tout changer. \u00bb<br \/>\n\u00ab Nos \u00e9lecteurs ne sont pas perdus. On voit bien que le tournant se fait au moment des perquisitions. \u00c7a a \u00e9t\u00e9 une d\u00e9flagration et c\u2019est pour \u00e7a que le pouvoir l\u2019a mis en place. \u00bb<br \/>\n\u00ab On a une difficult\u00e9 dans les \u00e9lections interm\u00e9diaires \u00e0 gagner une l\u00e9gitimit\u00e9. \u00bb<\/p>\n<p><em>\u00a0<strong>Sur les relations avec le PCF et EELV \u00e0 Paris <\/em>\u00a0<\/strong><br \/>\n\u00ab Les communistes et les \u00e9cologistes sont contre la police municipale. Et ils sont pr\u00eats \u00e0 d\u00e9noncer les violences polici\u00e8res. Donc, par opportunisme \u00e9lectoral, ils ont d\u00e9cid\u00e9 de se mettre un b\u00e2illon mais il va bien falloir qu\u2019ils disent ce qu\u2019ils en pensent. Ils ont \u00e9t\u00e9 tr\u00e8s silencieux sur le sujet. Je ne suis pas dans une opposition \u00e0 eux mais dans une opposition \u00e0 la police municipale. Je veux essayer de travailler de nouveaux axes sur ces sujets-l\u00e0. \u00bb<br \/>\n\u00ab Je demande au PCF et \u00e0 EELV : est-ce que vous allez garder votre libert\u00e9 ? \u00bb<br \/>\n\u00ab Si les communistes et les \u00e9cologistes continuent \u00e0 \u00eatre dans l\u2019ambigu\u00eft\u00e9, ils vont d\u00e9sesp\u00e9rer les luttes. \u00bb<br \/>\n\u00ab Il y a besoin d\u2019une opposition de gauche \u00e0 Paris. Les \u00e9cologistes, les communistes, G\u00e9n\u00e9ration.s, auraient d\u00fb accepter d\u2019\u00eatre dans une d\u00e9marche citoyenne d\u2019opposition. Ce sont les contenus qui doivent dicter notre strat\u00e9gie et pas l\u2018opportunisme du nombre d\u2019\u00e9lus \u00e0 conqu\u00e9rir. \u00bb<\/p>\n<p><em>\u00a0<strong>Sur l\u2019enqu\u00eate pr\u00e9liminaire qui vise la France insoumise<\/em>\u00a0<\/strong><br \/>\n\u00ab C\u2019est de l\u2019acharnement. \u00bb<br \/>\n\u00ab Heureusement que LFI est solidaire vis-\u00e0-vis des siens. \u00bb<br \/>\n\u00ab C\u2019est un \u00e9pisode de plus du parquet pour pouvoir nous salir. C\u2019est grave. \u00bb<br \/>\n\u00ab Il y a une strat\u00e9gie de d\u00e9nigrement par le biais de la justice. \u00bb<br \/>\n\u00ab Le point de d\u00e9part du dossier judiciaire est toujours aussi vide. Il n\u2019y a rien sur le fond du dossier mais on est \u00e0 chaque fois sur des rebondissements de l\u2019affaire de l\u2019affaire dans l\u2019affaire\u2026\u00bb<div id='gallery-1' class='gallery galleryid-12394 gallery-columns-3 gallery-size-thumbnail'><figure class='gallery-item'>\n\t\t\t<div class='gallery-icon landscape'>\n\t\t\t\t<a href='https:\/\/archives.regards.fr\/wp-content\/uploads\/2020\/07\/capture_d_e_cran_2020-07-01_a_13-7cd.08.13.png'><img loading=\"lazy\" decoding=\"async\" width=\"150\" height=\"150\" src=\"https:\/\/archives.regards.fr\/wp-content\/uploads\/2020\/07\/capture_d_e_cran_2020-07-01_a_13-7cd.08.13-150x150.png\" class=\"attachment-thumbnail size-thumbnail\" alt=\"capture_d_e_cran_2020-07-01_a_13.08.13.png\" \/><\/a>\n\t\t\t<\/div><\/figure>\n\t\t<\/div>\n<\/p>\n","protected":false},"excerpt":{"rendered":"<p>Elle vient d\u2019\u00eatre r\u00e9\u00e9lue dans le 20\u00e8me arrondissement et si\u00e8gera seule au Conseil de Paris, dans l\u2019opposition \u00e0 Anne Hidalgo. Quels sont ses d\u00e9saccords avec la majorit\u00e9 municipale (PCF-EELV-PS) et quelle opposition construire \u00e0 Paris ? Danielle Simonnet, conseill\u00e8re de Paris FI, est l\u2019invit\u00e9e de #LaMidinale.<\/p>\n","protected":false},"author":1039,"featured_media":29578,"comment_status":"open","ping_status":"open","sticky":false,"template":"","format":"standard","meta":{"_themeisle_gutenberg_block_has_review":false,"footnotes":""},"categories":[238],"tags":[293],"class_list":["post-12394","post","type-post","status-publish","format-standard","has-post-thumbnail","hentry","category-la-midinale","tag-entretien"],"_links":{"self":[{"href":"https:\/\/archives.regards.fr\/index.php?rest_route=\/wp\/v2\/posts\/12394","targetHints":{"allow":["GET"]}}],"collection":[{"href":"https:\/\/archives.regards.fr\/index.php?rest_route=\/wp\/v2\/posts"}],"about":[{"href":"https:\/\/archives.regards.fr\/index.php?rest_route=\/wp\/v2\/types\/post"}],"author":[{"embeddable":true,"href":"https:\/\/archives.regards.fr\/index.php?rest_route=\/wp\/v2\/users\/1039"}],"replies":[{"embeddable":true,"href":"https:\/\/archives.regards.fr\/index.php?rest_route=%2Fwp%2Fv2%2Fcomments&post=12394"}],"version-history":[{"count":0,"href":"https:\/\/archives.regards.fr\/index.php?rest_route=\/wp\/v2\/posts\/12394\/revisions"}],"wp:featuredmedia":[{"embeddable":true,"href":"https:\/\/archives.regards.fr\/index.php?rest_route=\/wp\/v2\/media\/29578"}],"wp:attachment":[{"href":"https:\/\/archives.regards.fr\/index.php?rest_route=%2Fwp%2Fv2%2Fmedia&parent=12394"}],"wp:term":[{"taxonomy":"category","embeddable":true,"href":"https:\/\/archives.regards.fr\/index.php?rest_route=%2Fwp%2Fv2%2Fcategories&post=12394"},{"taxonomy":"post_tag","embeddable":true,"href":"https:\/\/archives.regards.fr\/index.php?rest_route=%2Fwp%2Fv2%2Ftags&post=12394"}],"curies":[{"name":"wp","href":"https:\/\/api.w.org\/{rel}","templated":true}]}}