{"id":12393,"date":"2020-06-30T12:52:10","date_gmt":"2020-06-30T10:52:10","guid":{"rendered":"https:\/\/wp.muchomaas.com\/article-clement-senechal-il-faut-que-les-150-citoyens-s-engagent-dans-un-travail-d\/"},"modified":"2023-06-24T00:00:35","modified_gmt":"2023-06-23T22:00:35","slug":"article-clement-senechal-il-faut-que-les-150-citoyens-s-engagent-dans-un-travail-d","status":"publish","type":"post","link":"https:\/\/archives.regards.fr\/?p=12393","title":{"rendered":"Cl\u00e9ment S\u00e9n\u00e9chal: \u00ab Il faut que les 150 citoyens s\u2019engagent dans un travail d\u2019opposition politique \u00bb"},"content":{"rendered":"<p class=\"post_excerpt\">Agenda vert : r\u00e9sultats des \u00e9cologistes aux municipales, convention citoyenne pour le climat, fermeture de Fessenheim. On en parle avec Cl\u00e9ment S\u00e9n\u00e9chal, porte-parole des politiques climatiques pour Greenpeace, qui est l\u2019invit\u00e9 de #LaMidinale.<\/p>\n<h2><strong><em>UNE MIDINALE \u00c0 VOIR&#8230;<\/h2>\n<p><iframe loading=\"lazy\" width=\"490\" height=\"276\" src=\"https:\/\/www.youtube.com\/embed\/XR5Y6KLlLjs\" frameborder=\"0\" allow=\"accelerometer; autoplay; encrypted-media; gyroscope; picture-in-picture\" allowfullscreen><\/iframe><\/p>\n<p>&nbsp;<\/p>\n<p><h2>ET \u00c0 LIRE&#8230;<\/h2>\n<p><\/strong><\/em><\/p>\n<p><strong>Sur le r\u00e9sultat des \u00e9cologistes aux municipales<\/strong><br \/>\n\u00ab Les r\u00e9sultats de dimanche sont plut\u00f4t encourageants. \u00bb<br \/>\n\u00ab Avec l\u2019abstention massive on peut d\u00e9plorer le bricolage d\u00e9mocratique auquel a contribu\u00e9 le gouvernement. \u00bb<br \/>\n\u00ab Il va falloir r\u00e9inventer les formes de la participation d\u00e9mocratique. \u00bb<br \/>\n\u00ab Les scores des \u00e9cologistes \u00e9taient assez inattendus \u00e0 ce niveau-l\u00e0. \u00bb<br \/>\n\u00ab L\u2019\u00e9cologie devient le ressort de l\u2019engagement civique. \u00bb<br \/>\n\u00ab Cette \u00e9cologie se construit en opposition avec Emmanuel Macron et la R\u00e9publique en marche. \u00bb<br \/>\n\u00ab Emmanuel Macron sert aujourd\u2019hui de point de pivot \u00e0 une mobilisation autour de l\u2019\u00e9cologie politique : c\u2019est l\u2019\u00e9chec de sa strat\u00e9gie qui trouve des r\u00e9sultats \u00e9lectoraux concrets. \u00bb<\/p>\n<p><strong>Sur la prise de conscience \u00e9cologique<\/strong><br \/>\n\u00ab Il faut que l\u2019\u00e9cologie parvienne \u00e0 rejoindre l\u2019\u00e9lectorat le plus populaire, le plus concern\u00e9 par la pr\u00e9carit\u00e9 \u00e9conomique. \u00bb<br \/>\n\u00ab Greenpeace et l\u2019ensemble des ONG qui travaillent sur les sujets \u00e9cologiques, sont tr\u00e8s soucieux de placer la question sociale au coeur de leurs action. C\u2019est aussi pour \u00e7a que Greenpeace travaille avec la CGT. \u00bb<\/p>\n<p><strong>Sur la convention citoyenne pour le climat<\/strong><br \/>\n\u00ab Il ne faut pas tomber dans les artifices d\u2019Emmanuel Macron. \u00bb<br \/>\n\u00ab Cette convention a bien travaill\u00e9 : il faut le reconnaitre. \u00bb<br \/>\n\u00ab Le mandat qui a \u00e9t\u00e9 fix\u00e9 \u00e0 la convention citoyenne pour le climat est largement obsol\u00e8te. \u00bb<br \/>\n\u00ab Il n\u2019y a pas de fondement institutionnel \u00e0 cette convention ni d\u2019assise juridique donc au final il n\u2019y a pas de garantie politique de reprise des travaux de la convention. \u00bb<br \/>\n\u00ab Il faut que les 150 citoyens s\u2019engagent dans un travail d\u2019opposition politique et qu\u2019ils assument un rapport de force avec le gouvernement. \u00bb<br \/>\n\u00ab Les 150 citoyens ne doivent pas se laisser pi\u00e9ger par les diverses formes de d\u00e9lib\u00e9rations qui ont \u00e9t\u00e9 propos\u00e9es par Emmanuel Macron. \u00bb<br \/>\n\u00ab Il y a une faiblesse d\u00e9mocratique au tirage au sort. \u00bb<\/p>\n<p><strong>Sur les r\u00e9f\u00e9rendums propos\u00e9s par E. Macron<\/strong><br \/>\n\u00ab Pour modifier sa politique, Emmanuel Macron a pr\u00e9f\u00e9r\u00e9 cr\u00e9er une instance de d\u00e9lib\u00e9ration et en r\u00e9alit\u00e9, depuis que cette convention existe, aucune r\u00e9forme sur le climat n\u2019a \u00e9t\u00e9 mise en oeuvre et au contraire, on a m\u00eame plut\u00f4t recul\u00e9 sur certains aspects. \u00bb<br \/>\n\u00ab Cette convention c\u2019est le fait du prince, c\u2019est Emmanuel Macron qui en dispose. \u00bb<\/p>\n<p><strong>Sur les \u00ab jokers \u00bb de Macron<\/strong><br \/>\n\u00ab Emmanuel Macon, dans son discours, a salu\u00e9 le fait qu\u2019on resterait dans un syst\u00e8me productiviste, qu\u2019on resterait dans un sch\u00e9ma macro\u00e9conomique fond\u00e9 sur la croissance et qu\u2019on n\u2019irait pas sur des questions de sobri\u00e9t\u00e9 alors qu\u2019aujourd\u2019hui la transition \u00e9cologique n\u00e9cessite la d\u00e9crue de certaines activit\u00e9s \u00e9conomiques. \u00bb<br \/>\n\u00ab Emmanuel Macron s\u2019est oppos\u00e9 \u00e0 la taxe de 4% sur les dividendes &#8211; ce qui n\u2019est pourtant pas \u00e9norme. \u00c7a veut dire qu\u2019il ne veut pas fixer des r\u00e8gles aux march\u00e9s financiers, \u00e0 la finance et aux investisseurs pour les faire participer \u00e0 la transition \u00e9cologique. \u00bb<br \/>\n\u00ab Emmanuel Macron a refus\u00e9 d&#8217;ent\u00e9riner l\u2019amendement du CETA alors qu\u2019il y a  plus de 80% des Fran\u00e7ais aujourd\u2019hui qui souhaitent mettre un terme aux politiques de libre \u00e9change. \u00bb<\/p>\n<p><strong>Sur le 15 milliards d\u2019\u20ac pour la conversion \u00e9cologique de l\u2019\u00e9conomie<\/strong><br \/>\n\u00ab C\u2019est 15 milliards suspendus en l\u2019air : on ne sait pas tr\u00e8s bien \u00e0 quoi ils sont affect\u00e9s. On a d\u00e9j\u00e0 mis plus de 30 milliards quasiment sur des secteurs polluants dans l\u2019automobile et l\u2019a\u00e9rien au gr\u00e8s des diff\u00e9rents PLFR. Sur la transition \u00e9cologique c\u2019est d\u00e9j\u00e0 moiti\u00e9 moins. \u00bb<br \/>\n\u00ab C\u2019est un effet d\u2019annonce. \u00bb<\/p>\n<p><strong>Sur le changement du pr\u00e9ambule de la Constitution<\/strong><br \/>\n\u00ab Emmanuel Macron a peur de porter un coup de canif \u00e0 la libert\u00e9 d\u2019entreprendre. Ce que proposaient les citoyens de la convention c\u2019\u00e9tait que notre mod\u00e8le productif soit compatible avec la pr\u00e9servation des ressources naturelles c\u2019est \u00e0 dire que nos libert\u00e9s publiques ne puissent pas se faire au d\u00e9triment de notre habitat collectif. \u00bb<br \/>\n\u00ab Macron a fait comme s\u2019il y avait une question de hi\u00e9rarchie alors qu\u2019il s\u2019agissait d\u2019une question de conciliation dans la volont\u00e9 des citoyens. \u00bb<\/p>\n<p><strong>Sur les suites de la convention<\/strong><br \/>\n\u00ab Emmanuel Macron a \u00e9videmment la tentation et la capacit\u00e9 d\u2019instrumentaliser cette convention citoyenne. \u00bb<\/p>\n<p><strong>Sur la fermeture de Fessenheim et les politiques \u00e9nerg\u00e9tiques<\/strong><br \/>\n\u00ab Il serait bien d\u2019avoir plus de coh\u00e9rence sur les politiques \u00e9nerg\u00e9tiques au niveau europ\u00e9en. \u00bb<br \/>\n\u00ab Il ne faut pas se bercer d\u2019illusion : il n\u2019y a pas de volont\u00e9 antinucl\u00e9aire du c\u00f4t\u00e9 d\u2019Emmanuel Macron. \u00bb<br \/>\n\u00ab Au niveau europ\u00e9en, Emmanuel Macron est tr\u00e8s actif pour faire semblant que le nucl\u00e9aire est la solution \u00e0 la question climatique. Il est en train de transformer la crise climatique en argument commercial pour EDF \u00e0 l\u2019international. \u00bb<br \/>\n<div id='gallery-1' class='gallery galleryid-12393 gallery-columns-3 gallery-size-thumbnail'><figure class='gallery-item'>\n\t\t\t<div class='gallery-icon landscape'>\n\t\t\t\t<a href='https:\/\/archives.regards.fr\/wp-content\/uploads\/2020\/06\/capture_d_e_cran_2020-06-30_a_12-c0c.48.30.png'><img loading=\"lazy\" decoding=\"async\" width=\"150\" height=\"150\" src=\"https:\/\/archives.regards.fr\/wp-content\/uploads\/2020\/06\/capture_d_e_cran_2020-06-30_a_12-c0c.48.30-150x150.png\" class=\"attachment-thumbnail size-thumbnail\" alt=\"capture_d_e_cran_2020-06-30_a_12.48.30.png\" \/><\/a>\n\t\t\t<\/div><\/figure>\n\t\t<\/div>\n<\/p>\n","protected":false},"excerpt":{"rendered":"<p>Agenda vert : r\u00e9sultats des \u00e9cologistes aux municipales, convention citoyenne pour le climat, fermeture de Fessenheim. On en parle avec Cl\u00e9ment S\u00e9n\u00e9chal, porte-parole des politiques climatiques pour Greenpeace, qui est l\u2019invit\u00e9 de #LaMidinale.<\/p>\n","protected":false},"author":1039,"featured_media":29576,"comment_status":"open","ping_status":"open","sticky":false,"template":"","format":"standard","meta":{"_themeisle_gutenberg_block_has_review":false,"footnotes":""},"categories":[238],"tags":[293],"class_list":["post-12393","post","type-post","status-publish","format-standard","has-post-thumbnail","hentry","category-la-midinale","tag-entretien"],"_links":{"self":[{"href":"https:\/\/archives.regards.fr\/index.php?rest_route=\/wp\/v2\/posts\/12393","targetHints":{"allow":["GET"]}}],"collection":[{"href":"https:\/\/archives.regards.fr\/index.php?rest_route=\/wp\/v2\/posts"}],"about":[{"href":"https:\/\/archives.regards.fr\/index.php?rest_route=\/wp\/v2\/types\/post"}],"author":[{"embeddable":true,"href":"https:\/\/archives.regards.fr\/index.php?rest_route=\/wp\/v2\/users\/1039"}],"replies":[{"embeddable":true,"href":"https:\/\/archives.regards.fr\/index.php?rest_route=%2Fwp%2Fv2%2Fcomments&post=12393"}],"version-history":[{"count":0,"href":"https:\/\/archives.regards.fr\/index.php?rest_route=\/wp\/v2\/posts\/12393\/revisions"}],"wp:featuredmedia":[{"embeddable":true,"href":"https:\/\/archives.regards.fr\/index.php?rest_route=\/wp\/v2\/media\/29576"}],"wp:attachment":[{"href":"https:\/\/archives.regards.fr\/index.php?rest_route=%2Fwp%2Fv2%2Fmedia&parent=12393"}],"wp:term":[{"taxonomy":"category","embeddable":true,"href":"https:\/\/archives.regards.fr\/index.php?rest_route=%2Fwp%2Fv2%2Fcategories&post=12393"},{"taxonomy":"post_tag","embeddable":true,"href":"https:\/\/archives.regards.fr\/index.php?rest_route=%2Fwp%2Fv2%2Ftags&post=12393"}],"curies":[{"name":"wp","href":"https:\/\/api.w.org\/{rel}","templated":true}]}}