{"id":12390,"date":"2020-06-29T13:25:11","date_gmt":"2020-06-29T11:25:11","guid":{"rendered":"https:\/\/wp.muchomaas.com\/article-david-cormand-on-propose-un-changement-radical-de-societe-au-sens-etymologique\/"},"modified":"2023-06-24T00:00:23","modified_gmt":"2023-06-23T22:00:23","slug":"article-david-cormand-on-propose-un-changement-radical-de-societe-au-sens-etymologique","status":"publish","type":"post","link":"https:\/\/archives.regards.fr\/?p=12390","title":{"rendered":"David Cormand : \u00ab On propose un changement radical de soci\u00e9t\u00e9, au sens \u00e9tymologique du terme \u00bb"},"content":{"rendered":"<p class=\"post_excerpt\">Vague verte sur les grandes villes de France. Qu\u2019est-ce que l\u2019\u00e9cologie municipale ? David Cormand, d\u00e9put\u00e9 europ\u00e9en et ancien patron d\u2019EELV, est l\u2019invit\u00e9 de #LaMidinale.<\/p>\n<h2><strong><em>UNE MIDINALE \u00c0 VOIR&#8230;<\/h2>\n<p><iframe loading=\"lazy\" width=\"490\" height=\"276\" src=\"https:\/\/www.youtube.com\/embed\/Bai9-jo6_GQ\" frameborder=\"0\" allow=\"accelerometer; autoplay; encrypted-media; gyroscope; picture-in-picture\" allowfullscreen><\/iframe><\/p>\n<p>&nbsp;<\/p>\n<p><h2>ET \u00c0 LIRE&#8230;<\/h2>\n<p><\/strong><\/em><br \/>\n<em>\u00a0<strong>Sur la ligne politique de l\u2019\u00e9cologie<\/em>\u00a0<\/strong><br \/>\n\u00ab Il y a une \u00e9volution depuis ces derni\u00e8res ann\u00e9es : la matrice marxiste a pris conscience de la pr\u00e9pond\u00e9rance de la question \u00e9cologiste. \u00bb<br \/>\n\u00ab L\u2019\u00e9cologie n\u2019est pas un appendice id\u00e9ologique qu\u2019on grefferait sur la gauche d\u2019inspiration marxiste. \u00bb<br \/>\n\u00ab Il faut revisiter la question sociale et des solidarit\u00e9s \u00e0 l\u2019aune des limites plan\u00e9taires. \u00bb<br \/>\n\u00ab La question \u00e9cologique n\u2019interroge pas la question du partage de l\u2019abondance mais de la sobri\u00e9t\u00e9 dans la justice. \u00bb<br \/>\n\u00ab La force propulsive en termes d\u2019imaginaire de ces \u00e9lections municipales, \u00e7a a \u00e9t\u00e9 l\u2019imaginaire \u00e9cologique. \u00bb<br \/>\n\u00ab L\u2019accord avec C\u00e9dric Villani \u00e0 Paris ne correspondait pas \u00e0 une r\u00e9elle attente de qui que se soit &#8211; y compris de C\u00e9dric Villani. \u00bb<br \/>\n\u00ab Je n\u2019inscris pas l\u2019\u00e9cologie dans une continuit\u00e9 de la gauche d\u2019inspiration marxiste. Au contraire, l\u2019\u00e9cologie politique marque dans l\u2019histoire de la gauche une rupture avec la filiation d\u2019inspiration marxiste. \u00bb<br \/>\n\u00ab L\u2019\u00e9cologie interroge le rapport \u00e0 la croissance, au productivisme et \u00e0 la consommation. \u00bb<br \/>\n\u00ab L\u2019\u00e9mancipation par la consommation est une promesse intenable. \u00bb<br \/>\n\u00ab Se contenter d\u2019\u00eatre anticapitaliste ne suffit pas. Il faut aussi \u00eatre anti-productiviste. \u00bb<br \/>\n\u00ab L\u2019\u00e9cologie politique est plus fondamentalement anticapitaliste que la gauche traditionnelle d\u2019inspiration marxiste. \u00bb<br \/>\n\u00ab On est plus que de gauche, sans \u00eatre d\u2019extr\u00eame gauche. \u00bb<br \/>\n\u00ab On est dans une radicalit\u00e9 qui remet en question notre mod\u00e8le de croissance, notre rapport au travail : on ne consid\u00e8re pas en soi que le travail soit \u00e9mancipateur. \u00bb <\/p>\n<p><em>\u00a0<strong>Sur le d\u00e9bat de la ligne au sein d\u2019EELV<\/em>\u00a0<\/strong><br \/>\n\u00ab La radicalit\u00e9 sans pragmatisme, c\u2019est l\u2019impuissance. Le pragmatisme sans radicalit\u00e9, c\u2019est le renoncement. Donc il faut les deux. \u00bb<br \/>\n\u00ab On propose un changement radical de soci\u00e9t\u00e9, au sens \u00e9tymologique du terme. \u00bb<br \/>\n\u00ab Ceux et celles qui ont fait ces scores aux municipales [chez les \u00e9cologistes], c\u2019est ceux et celles qui ont su marier \u00e0 la fois une offre politique radicale avec des propositions pragmatiques dans lesquelles les citoyens se sont reconnus. \u00bb<br \/>\n\u00ab \u00c0 EELV, il y a des d\u00e9bats d\u2019id\u00e9es mais \u00e0 la fin, ils doivent aboutir \u00e0 des synth\u00e8ses dynamiques &#8211; par rapport aux synth\u00e8ses molles. \u00bb<\/p>\n<p><em>\u00a0<strong>Sur l\u2019abstention <\/em>\u00a0<\/strong><br \/>\n\u00ab Le vote de dimanche est un crash d\u00e9mocratique. \u00bb<br \/>\n\u00ab L\u2019abstention n\u2019est pas directement li\u00e9e \u00e0 la question du coronavirus. \u00bb<br \/>\n\u00ab L\u2019abstention traduit un malaise d\u00e9mocratique dans notre pays qui date depuis un moment. \u00bb<br \/>\n\u00ab Emmanuel Macron avait fait la promesse de r\u00e9activer la d\u00e9mocratie. \u00bb<br \/>\n\u00ab Tout le monde s\u2019est abstenu, toutes les cat\u00e9gories mais particuli\u00e8rement les jeunes et les classes populaires &#8211; les cat\u00e9gories que le pouvoir actuel qualifie de p\u00e9riph\u00e9rique. \u00bb<br \/>\n\u00ab Il faut retrouver le lien avec les Fran\u00e7ais-es qui consid\u00e8rent que la politique n\u2019est plus leur probl\u00e8me. \u00bb<br \/>\n\u00ab La politisation en cours &#8211; \u00e0 travers les marches pour le climat, Metoo, Black Lives Matter &#8211; ne se traduit pas encore par une sur-mobilisation \u00e9lectorale. \u00bb<br \/>\n\u00ab Le lien entre politique et \u00e9lection est rompu. \u00bb<br \/>\n\u00ab Il y a une perte de confiance en la capacit\u00e9 au politique \u00e0 agir sur le r\u00e9el. \u00bb<\/p>\n<p><em>\u00a0<strong>Sur les nouveaux \u00e9lu-es<\/em>\u00a0<\/strong><br \/>\n\u00ab On a v\u00e9cu une p\u00e9riode difficile chez les verts sous le quinquennat Hollande avec une fuite de nos cadres qui sont all\u00e9s vers d\u2019autres aventures. \u00bb<br \/>\n\u00ab Je suis tr\u00e8s heureux de voir cette nouvelle g\u00e9n\u00e9ration d\u2019\u00e9cologistes. Il s\u2019agit en partie de la g\u00e9n\u00e9ration climat. \u00bb<br \/>\n\u00ab Les nouveaux \u00e9lus ont deux particularit\u00e9s : ils assument leur rapport au pouvoir et ils ont une conception de ce pouvoir tr\u00e8s collectif. \u00bb<br \/>\n\u00ab L\u2019absence de personnes racis\u00e9es est un vrai sujet. Il y a quelques \u00e9lus mais \u00e7a n\u2019est pas des maires. Il y a un travail \u00e0 mener. \u00bb<\/p>\n<p><em>\u00a0<strong>Sur la pr\u00e9sidentielle <\/em>\u00a0<\/strong><br \/>\n\u00ab Il ne faudrait pas qu\u2019on ait l\u2019illusion &#8211; parce qu\u2019on a eu les victoires dimanche avec une abstention records &#8211; qu\u2019il y a une sorte de voie royale qui conduit \u00e0 la victoire. \u00bb<br \/>\n\u00ab La pr\u00e9sidentielle doit se construire autour de l\u2019\u00e9cologie. \u00bb<br \/>\n\u00ab S\u2019il y a une possibilit\u00e9 d\u2019alternance en 2022, \u00e7a sera autour d\u2019un nouveau r\u00e9cit qui est celui de l\u2019\u00e9cologie politique. \u00bb<br \/>\n\u00ab Nos scores ne nous donnent aucun droits et nous donnent que des devoirs. Ils ne donnent plus de responsabilit\u00e9s. \u00bb<br \/>\n\u00ab Il va nous falloir \u00eatre \u00e0 la hauteur des enjeux. \u00bb<div id='gallery-1' class='gallery galleryid-12390 gallery-columns-3 gallery-size-thumbnail'><figure class='gallery-item'>\n\t\t\t<div class='gallery-icon landscape'>\n\t\t\t\t<a href='https:\/\/archives.regards.fr\/wp-content\/uploads\/2020\/06\/capture_d_e_cran_2020-06-29_a_13-a53.00.11.png'><img loading=\"lazy\" decoding=\"async\" width=\"150\" height=\"150\" src=\"https:\/\/archives.regards.fr\/wp-content\/uploads\/2020\/06\/capture_d_e_cran_2020-06-29_a_13-a53.00.11-150x150.png\" class=\"attachment-thumbnail size-thumbnail\" alt=\"capture_d_e_cran_2020-06-29_a_13.00.11.png\" \/><\/a>\n\t\t\t<\/div><\/figure>\n\t\t<\/div>\n<\/p>\n","protected":false},"excerpt":{"rendered":"<p>Vague verte sur les grandes villes de France. Qu\u2019est-ce que l\u2019\u00e9cologie municipale ? David Cormand, d\u00e9put\u00e9 europ\u00e9en et ancien patron d\u2019EELV, est l\u2019invit\u00e9 de #LaMidinale.<\/p>\n","protected":false},"author":1204,"featured_media":29541,"comment_status":"open","ping_status":"open","sticky":false,"template":"","format":"standard","meta":{"_themeisle_gutenberg_block_has_review":false,"footnotes":""},"categories":[238],"tags":[293,515],"class_list":["post-12390","post","type-post","status-publish","format-standard","has-post-thumbnail","hentry","category-la-midinale","tag-entretien","tag-presidentielle-2022"],"_links":{"self":[{"href":"https:\/\/archives.regards.fr\/index.php?rest_route=\/wp\/v2\/posts\/12390","targetHints":{"allow":["GET"]}}],"collection":[{"href":"https:\/\/archives.regards.fr\/index.php?rest_route=\/wp\/v2\/posts"}],"about":[{"href":"https:\/\/archives.regards.fr\/index.php?rest_route=\/wp\/v2\/types\/post"}],"author":[{"embeddable":true,"href":"https:\/\/archives.regards.fr\/index.php?rest_route=\/wp\/v2\/users\/1204"}],"replies":[{"embeddable":true,"href":"https:\/\/archives.regards.fr\/index.php?rest_route=%2Fwp%2Fv2%2Fcomments&post=12390"}],"version-history":[{"count":0,"href":"https:\/\/archives.regards.fr\/index.php?rest_route=\/wp\/v2\/posts\/12390\/revisions"}],"wp:featuredmedia":[{"embeddable":true,"href":"https:\/\/archives.regards.fr\/index.php?rest_route=\/wp\/v2\/media\/29541"}],"wp:attachment":[{"href":"https:\/\/archives.regards.fr\/index.php?rest_route=%2Fwp%2Fv2%2Fmedia&parent=12390"}],"wp:term":[{"taxonomy":"category","embeddable":true,"href":"https:\/\/archives.regards.fr\/index.php?rest_route=%2Fwp%2Fv2%2Fcategories&post=12390"},{"taxonomy":"post_tag","embeddable":true,"href":"https:\/\/archives.regards.fr\/index.php?rest_route=%2Fwp%2Fv2%2Ftags&post=12390"}],"curies":[{"name":"wp","href":"https:\/\/api.w.org\/{rel}","templated":true}]}}