{"id":12386,"date":"2020-06-25T12:20:24","date_gmt":"2020-06-25T10:20:24","guid":{"rendered":"https:\/\/wp.muchomaas.com\/article-quentin-parrinello-entre-2009-et-2018-les-versements-aux-actionnaires-du-cac-40\/"},"modified":"2023-06-24T00:00:17","modified_gmt":"2023-06-23T22:00:17","slug":"article-quentin-parrinello-entre-2009-et-2018-les-versements-aux-actionnaires-du-cac-40","status":"publish","type":"post","link":"https:\/\/archives.regards.fr\/?p=12386","title":{"rendered":"Quentin Parrinello : \u00ab Entre 2009 et 2018, les versements aux actionnaires du CAC 40 ont augment\u00e9 de 70% \u00bb"},"content":{"rendered":"<p class=\"post_excerpt\">Oxfam France vient de publier son rapport sur les profits du CAC40. Une analyse d\u00e9taill\u00e9e avec des donn\u00e9es in\u00e9dites et deux enseignements majeurs : les profits ont \u00e9t\u00e9 in\u00e9galement r\u00e9partis et la richesse g\u00e9n\u00e9r\u00e9e n\u2019a pas profit\u00e9 \u00e0 l\u2019investissement dans la transition \u00e9nerg\u00e9tique. Quentin Parrinello, porte-parole d\u2019Oxfam France, est l\u2019invit\u00e9 de #LaMidinale.<\/p>\n<h2><strong><em>UNE MIDINALE \u00c0 VOIR&#8230;<\/h2>\n<p><iframe loading=\"lazy\" width=\"490\" height=\"276\" src=\"https:\/\/www.youtube.com\/embed\/CG5a51_Ng_k\" frameborder=\"0\" allow=\"accelerometer; autoplay; encrypted-media; gyroscope; picture-in-picture\" allowfullscreen><\/iframe><\/p>\n<p>&nbsp;<\/p>\n<p><h2>ET \u00c0 LIRE&#8230;<\/h2>\n<p><\/strong><\/em><br \/>\n<em>\u00a0<strong>Sur la m\u00e9thode utilis\u00e9e pour l\u2019enqu\u00eate<\/em>\u00a0<\/strong><br \/>\n\u00ab C\u2019est un long travail qu\u2019on a commenc\u00e9 il y a neuf mois avec un comit\u00e9 d\u2019experts parmi lesquels des syndicats, des \u00e9conomistes &#8211; y compris des \u00e9conomistes qui ne sont pas d\u2019accord avec nous -, des chercheurs et des associations. \u00bb<br \/>\n\u00ab On se base sur les donn\u00e9es issues des entreprises, entreprise par entreprise, sur les \u00e9carts de salaires, la part des b\u00e9n\u00e9fices redistribu\u00e9es aux actionnaires ou encore la part des femmes dans les instances dirigeantes. \u00bb<br \/>\n\u00ab On a aussi travaill\u00e9 sur des donn\u00e9es qui ne sont pas publiques et qui sont transmises aux entreprises par les chambres de commerce. Il s\u2019agit de donn\u00e9es qu\u2019on donne secteur par secteur parce qu\u2019on n\u2019a pas le droit de les donner entreprise par entreprise. \u00bb <\/p>\n<p><em>\u00a0<strong>Sur le profil type de l\u2019actionnaire du CAC40<\/em>\u00a0<\/strong><br \/>\n\u00ab On a \u00e9tudi\u00e9 le profil type des actionnaires et son \u00e9volution dans le temps. \u00bb<br \/>\n\u00ab Le profil type de l\u2019actionnaire c\u2019est un homme, plut\u00f4t \u00e2g\u00e9, et tr\u00e8s ais\u00e9. \u00bb<br \/>\n\u00ab Les 2\/3 des actionnaires fran\u00e7ais ont un portefeuille sup\u00e9rieur \u00e0 75000 euros ce qui est assez loin du salaire moyen fran\u00e7ais. \u00bb<br \/>\n\u00ab Il y a une part de plus en plus importante des grandes familles : \u00e0 la veille de la crise on avait quatre grandes familles qui poss\u00e9daient l\u2019\u00e9quivalent de 10% du CAC40 soit une augmentation de 50% depuis 5 ans. \u00bb<\/p>\n<p><em>\u00a0<strong>Sur l\u2019\u00e9volution de la richesse produite <\/em>\u00a0<\/strong><br \/>\n\u00ab Les entreprises du CAC40 ont cr\u00e9\u00e9 beaucoup de richesse depuis 2009. Le chiffre d\u2019affaire a augment\u00e9 de 25%, la valeur ajout\u00e9e de 30%. C\u2019est une croissance solide mais qui est d\u00e9corr\u00e9l\u00e9e des augmentations des versements aux actionnaires. \u00bb<br \/>\n\u00ab Les entreprises ont cr\u00e9\u00e9 de la richesse et ce qui nous int\u00e9resse dans le rapport, c\u2019est les choix strat\u00e9giques des entreprises. \u00bb<br \/>\n\u00ab Les entreprises du CAC40 ont fait le choix de verser une part de plus en plus importante des richesses \u00e0 leurs actionnaires au d\u00e9triment d\u2019une politique de r\u00e9duction des in\u00e9galit\u00e9s salariales &#8211; les \u00e9carts de salaires augmentent &#8211; et aussi au d\u00e9triment d\u2019un investissement \u00e0 la hauteur des besoins dans la transition \u00e9nerg\u00e9tique. \u00bb <\/p>\n<p><em>\u00a0<strong>Sur la strat\u00e9gie des entreprises du CAC40<\/em>\u00a0<\/strong><br \/>\n\u00ab Les choix strat\u00e9giques des entreprises ne sont pas dus au hasard et sont li\u00e9s au fonctionnement m\u00eame du mod\u00e8le \u00e9conomique du CAC40. \u00bb<br \/>\n\u00ab Les PDG sont incit\u00e9s financi\u00e8rement \u00e0 mettre en place des politiques favorables \u00e0 leurs actionnaires. \u00bb<br \/>\n\u00ab Les actionnaires ont une part de plus importante de leur r\u00e9mun\u00e9ration qui est index\u00e9e sur des crit\u00e8res de satisfaction de la bourse. \u00bb<br \/>\n\u00ab Quand un PDG met en place un choix strat\u00e9gique d\u00e9favorable aux actionnaires, il s\u2019expose \u00e0 une sanction financi\u00e8re. \u00bb<br \/>\n\u00ab Au-del\u00e0 de l\u2019indexation des PDG sur les int\u00e9r\u00eats des actionnaires, il y a aussi la voix disproportionn\u00e9e des actionnaires dans les instances de gouvernance. \u00bb<br \/>\n\u00ab En France, au sein du CAC40, les repr\u00e9sentants des salari\u00e9s sont environ 12% des conseils d\u2019administration contre 33% en Europe. \u00bb<\/p>\n<p><em>\u00a0<strong>Sur les in\u00e9galit\u00e9s femmes\/hommes dans le CAC40<\/em>\u00a0<\/strong><br \/>\n\u00ab Sur la question des in\u00e9galit\u00e9s hommes\/femmes, on s\u2019aper\u00e7oit que lorsqu\u2019on met en place une loi, \u00e7a marche. \u00bb<br \/>\n\u00ab Depuis la loi Cop\u00e9-Zimmermann d\u00e8s ann\u00e9es 2010, la impose 40% de femmes dans les conseils d\u2019administration et la France est championne du monde en termes de femmes dans les CA alors qu\u2019elle \u00e9tait plut\u00f4t en queue de classement au d\u00e9but des ann\u00e9es 2010. \u00bb<br \/>\n\u00ab Lorsqu\u2019on laisse le choix aux entreprises, \u00e7a va beaucoup plus lentement. L\u2019enjeu d\u2019une loi est donc d\u2019autant plus important que tout le monde joue les m\u00eames r\u00e8gles du jeu. \u00bb <\/p>\n<p><em>\u00a0<strong>Sur l\u2019absence d\u2019investissement des entreprises du CAC40<\/em>\u00a0<\/strong><br \/>\n\u00ab Les entreprises nous expliquent que s\u2019il conduisent des politiques favorables aux actionnaires, c\u2019est pour qu\u2019ils r\u00e9investissent dans l\u2019\u00e9conomie r\u00e9elle. Or aujourd\u2019hui, on n\u2019a pas de donn\u00e9es pour le v\u00e9rifier. \u00bb<\/p>\n<p><em>\u00a0<strong>Sur le poids des actionnaires dans les choix strat\u00e9giques<\/em>\u00a0<\/strong><br \/>\n\u00ab On a un mod\u00e8le \u00e9conomique qui donne la part belle aux actionnaires et des actionnaires qui mettent la pression sur les choix strat\u00e9giques des entreprises. \u00bb<br \/>\n\u00ab Si un actionnaire n\u2019est pas content, il peut forcer la main de son entreprise a verser davantage de dividendes que l\u2019entreprise ne le pr\u00e9voyait &#8211; \u00e7a s\u2019est d\u00e9j\u00e0 vu chez vivendi il y a quelques ann\u00e9es par exemple &#8211; mais il peut aussi quitter l\u2019entreprise. Un mouvement massif des actionnaires peut faire baisser les cours de la bourse et c\u2019est un risque pour la viabilit\u00e9 de l\u2019entreprise qui peut se faire racheter par des entreprises concurrentes. \u00bb<br \/>\n\u00ab Si les entreprises avaient fait le choix de plafonner la part des b\u00e9n\u00e9fices aux actionnaires et d\u2019investir dans la transition \u00e9cologique et sociale, elles auraient pu largement contribuer \u00e0 cet investissement : on a calcul\u00e9 qu\u2019en 2018, un plafond \u00e0 30% aurait permis de couvrir 98% des besoins en investissement. \u00bb<\/p>\n<p><em>\u00a0<strong>Sur les propositions d\u2019Oxfam<\/em>\u00a0<\/strong><br \/>\n\u00ab Il faut plus de repr\u00e9sentants de salari\u00e9s dans les instances de gouvernance. \u00bb<br \/>\n\u00ab Une fois que l\u2019impact de la loi PACTE sera effectif on devrait passer de 12 \u00e0 14%. C\u2019est une \u00e9volution symbolique. \u00bb<br \/>\n\u00ab Plus il y a de salari\u00e9s dans les instances de gouvernance, plus on est capable d\u2019avoir une vision de long terme. \u00bb<br \/>\n\u00ab Il faut une taxe sur les transactions financi\u00e8re au niveau europ\u00e9en &#8211; cette taxe existe d\u00e9j\u00e0 en France. \u00bb<br \/>\n\u00ab On dialogue avec le gouvernement mais aussi des d\u00e9put\u00e9s europ\u00e9ens et fran\u00e7ais. On a un plan de relance qui devrait arriver \u00e0 l\u2019automne et on ne peut pas repartir comme en 2008. \u00bb<br \/>\n\u00ab En 2008, on a fait repartir un mod\u00e8le qui cr\u00e9\u00e9 des in\u00e9galit\u00e9s ph\u00e9nom\u00e9nales en temps de croissance et qui expose les plus vuln\u00e9rables en pleine crise. \u00bb<br \/>\n\u00ab Aujourd\u2019hui l\u2019enjeu c\u2019est d\u2019avoir un mod\u00e8le qui r\u00e9partisse mieux les richesses mais qui soit aussi plus solide. La crise que l\u2019on traverse ne sera sans doute pas la derni\u00e8re. \u00bb<br \/>\n\u00ab Aujourd\u2019hui plus que jamais il est temps de passer des discours aux discours. \u00bb<\/p>\n<p><em>\u00a0<strong>Sur le conditionnement des aides publiques <\/em>\u00a0<\/strong><br \/>\n\u00ab L\u2019enjeu, au-del\u00e0 de conditionner les aides publiques, c\u2019est vraiment de penser le long terme. \u00bb<br \/>\n\u00ab Il y a eu des efforts fait par certaines entreprises pendant la crise : il devait y avoir 60 milliards de versements aux actionnaires et au final \u00e7a sera entre 35 et 40 milliards, donc 60 \u00e0 70% du pr\u00e9visionnel. \u00bb<div id='gallery-1' class='gallery galleryid-12386 gallery-columns-3 gallery-size-thumbnail'><figure class='gallery-item'>\n\t\t\t<div class='gallery-icon landscape'>\n\t\t\t\t<a href='https:\/\/archives.regards.fr\/wp-content\/uploads\/2020\/06\/capture_d_e_cran_2020-06-25_a_11-45b.14.02.png'><img loading=\"lazy\" decoding=\"async\" width=\"150\" height=\"150\" src=\"https:\/\/archives.regards.fr\/wp-content\/uploads\/2020\/06\/capture_d_e_cran_2020-06-25_a_11-45b.14.02-150x150.png\" class=\"attachment-thumbnail size-thumbnail\" alt=\"capture_d_e_cran_2020-06-25_a_11.14.02.png\" \/><\/a>\n\t\t\t<\/div><\/figure>\n\t\t<\/div>\n<\/p>\n","protected":false},"excerpt":{"rendered":"<p>Oxfam France vient de publier son rapport sur les profits du CAC40. Une analyse d\u00e9taill\u00e9e avec des donn\u00e9es in\u00e9dites et deux enseignements majeurs : les profits ont \u00e9t\u00e9 in\u00e9galement r\u00e9partis et la richesse g\u00e9n\u00e9r\u00e9e n\u2019a pas profit\u00e9 \u00e0 l\u2019investissement dans la transition \u00e9nerg\u00e9tique. Quentin Parrinello, porte-parole d\u2019Oxfam France, est l\u2019invit\u00e9 de #LaMidinale.<\/p>\n","protected":false},"author":1039,"featured_media":29533,"comment_status":"open","ping_status":"open","sticky":false,"template":"","format":"standard","meta":{"_themeisle_gutenberg_block_has_review":false,"footnotes":""},"categories":[238],"tags":[293],"class_list":["post-12386","post","type-post","status-publish","format-standard","has-post-thumbnail","hentry","category-la-midinale","tag-entretien"],"_links":{"self":[{"href":"https:\/\/archives.regards.fr\/index.php?rest_route=\/wp\/v2\/posts\/12386","targetHints":{"allow":["GET"]}}],"collection":[{"href":"https:\/\/archives.regards.fr\/index.php?rest_route=\/wp\/v2\/posts"}],"about":[{"href":"https:\/\/archives.regards.fr\/index.php?rest_route=\/wp\/v2\/types\/post"}],"author":[{"embeddable":true,"href":"https:\/\/archives.regards.fr\/index.php?rest_route=\/wp\/v2\/users\/1039"}],"replies":[{"embeddable":true,"href":"https:\/\/archives.regards.fr\/index.php?rest_route=%2Fwp%2Fv2%2Fcomments&post=12386"}],"version-history":[{"count":0,"href":"https:\/\/archives.regards.fr\/index.php?rest_route=\/wp\/v2\/posts\/12386\/revisions"}],"wp:featuredmedia":[{"embeddable":true,"href":"https:\/\/archives.regards.fr\/index.php?rest_route=\/wp\/v2\/media\/29533"}],"wp:attachment":[{"href":"https:\/\/archives.regards.fr\/index.php?rest_route=%2Fwp%2Fv2%2Fmedia&parent=12386"}],"wp:term":[{"taxonomy":"category","embeddable":true,"href":"https:\/\/archives.regards.fr\/index.php?rest_route=%2Fwp%2Fv2%2Fcategories&post=12386"},{"taxonomy":"post_tag","embeddable":true,"href":"https:\/\/archives.regards.fr\/index.php?rest_route=%2Fwp%2Fv2%2Ftags&post=12386"}],"curies":[{"name":"wp","href":"https:\/\/api.w.org\/{rel}","templated":true}]}}