{"id":12384,"date":"2020-06-24T14:55:31","date_gmt":"2020-06-24T12:55:31","guid":{"rendered":"https:\/\/wp.muchomaas.com\/article-sandra-laugier-il-y-a-en-france-cette-idee-que-la-republique-n-appartient-pas-a\/"},"modified":"2023-06-24T00:00:15","modified_gmt":"2023-06-23T22:00:15","slug":"article-sandra-laugier-il-y-a-en-france-cette-idee-que-la-republique-n-appartient-pas-a","status":"publish","type":"post","link":"https:\/\/archives.regards.fr\/?p=12384","title":{"rendered":"Sandra Laugier : \u00ab Il y a en France cette id\u00e9e que la R\u00e9publique n\u2019appartient pas \u00e0 tout le monde \u00bb"},"content":{"rendered":"<p class=\"post_excerpt\">Dans son discours, le pr\u00e9sident de la R\u00e9publique a davantage mis en cause les militants de la cause antiraciste que les racistes eux-m\u00eames. Sandra Laugier, philosophe et co-autrice d\u2019une tribune dans Le Monde pour d\u00e9noncer le discours d\u2019Emmanuel Macron, est l\u2019invit\u00e9 de #LaMidinale.<\/p>\n<h2><strong><em>UNE MIDINALE \u00c0 VOIR&#8230;<\/h2>\n<p><iframe loading=\"lazy\" width=\"490\" height=\"276\" src=\"https:\/\/www.youtube.com\/embed\/rSaRkZGe4Nw\" frameborder=\"0\" allow=\"accelerometer; autoplay; encrypted-media; gyroscope; picture-in-picture\" allowfullscreen><\/iframe><\/p>\n<p>&nbsp;<\/p>\n<p><h2>ET \u00c0 LIRE&#8230;<\/h2>\n<p><\/strong><\/em><br \/>\n<em>\u00a0<strong>Sur la tribune qui d\u00e9nonce le combat de Macron contre l\u2019antiracisme<\/em>\u00a0<\/strong><br \/>\n\u00ab On a fait tr\u00e8s attention \u00e0 choisir des signataires de la tribune de diff\u00e9rentes origines, avec la parit\u00e9. \u00bb<br \/>\n\u00ab On n\u2019est pas tous sp\u00e9cialistes des questions de race mais il nous fallait r\u00e9agir au discours d\u2019Emmanuel Macron &#8211; notamment celui contre les universitaires. \u00bb<br \/>\n\u00ab Il y a quelque chose de doublement choquant dans le discours de Macron : il n\u2019y a eu aucune mention des probl\u00e8mes r\u00e9cents de racisme qui sont apparus aux Etats-Unis, ensuite avec le mouvement important en France autour du Comit\u00e9 Adama. Et puis il y a eu cette accusation qui visait les universitaires et les intellectuels qui nous a paru extr\u00eamement grave. \u00bb <\/p>\n<p><em>\u00a0<strong>Sur les propos d\u2019Emmanuel Macron sur l\u2019ethnicisation ou le s\u00e9paratisme<\/em>\u00a0<\/strong><br \/>\n\u00ab Il y a une forme de d\u00e9ni chez Emmanuel Macron. \u00bb<br \/>\n\u00ab Emmanuel Macron a eu un positionnement explicite et tr\u00e8s agressif : il a une violence et une hostilit\u00e9 par rapport au mouvement qui avait lieu en France. \u00bb<br \/>\n\u00ab Ces groupes, ces foules, ces jeunes indiff\u00e8rent Emmanuel Macron. \u00c7a n\u2019est pas sa cible. Il pense qu\u2019il n\u2019a pas d\u2019avenir du cot\u00e9 de ces nouvelles g\u00e9n\u00e9rations. \u00bb<br \/>\n\u00ab Ce qui est inqui\u00e9tant, c\u2019est de faire comme si le racisme n\u2019existait pas et c\u2019est ce qui nous a choqu\u00e9s. \u00bb<br \/>\n\u00ab Dans tout le discours d\u2019Emmanuel Macron, il ne s\u2019en prend qu\u2019aux antiracistes. C\u2019est eux les m\u00e9chants. Il n\u2019a pas eu un mot contre les racistes. D\u2019ailleurs, il en fr\u00e9quente sans probl\u00e8me. \u00bb<br \/>\n\u00ab Le monde entier ne parle de George Floyd, nous en France on parle aussi d\u2019Adama et Emmanuel Macron n\u2019a pas eu un seul mot de compassion pour les victimes \u00bb<br \/>\n\u00ab Emmanuel Macron attaque des concepts intellectuels et c\u2019est tr\u00e8s grave. \u00bb<\/p>\n<p><em>\u00a0<strong>Sur la R\u00e9publique <\/em>\u00a0<\/strong><br \/>\n\u00ab Le concept de la R\u00e9publique est central pour toute la g\u00e9n\u00e9ration qui se mobilise. \u00bb<br \/>\n\u00ab Il y a cette id\u00e9e en France qu\u2019une partie de la population ne fait pas partie de la R\u00e9publique. \u00bb<br \/>\n\u00ab Parmi les mots d\u2019ordre des manifestants, il y a celui de R\u00e9publique mais il y a aussi celui de justice, d\u2019\u00e9galit\u00e9 des droits. On a aussi beaucoup entendu parler de d\u00e9mocratie. \u00bb<br \/>\n\u00ab Il est en train de revenir, sur le plan intellectuel, une opposition voire une distinction st\u00e9rile entre R\u00e9publique et d\u00e9mocratie avec l\u2019id\u00e9e qu\u2019on ne peut pas avoir de vraie R\u00e9publique si elle n\u2019est pas int\u00e9gralement d\u00e9mocratique &#8211; avec une voix \u00e9gale pour tous. \u00bb<br \/>\n\u00ab La R\u00e9publique, \u00e7a n\u2019est pas des valeurs. Elle ne se m\u00e9rite pas. La R\u00e9publique, c\u2019est la d\u00e9mocratie. \u00bb<br \/>\n\u00ab La jeunesse qui se mobilise ne veut pas laisser la R\u00e9publique \u00e0 ces penseurs et politiques r\u00e9actionnaires qui utilisent la R\u00e9publique pour exclure. \u00bb<br \/>\n\u00ab Il y a une situation d\u2019injustice et d\u2019in\u00e9galit\u00e9 qui est en train d\u2019\u00eatre comprise tr\u00e8s massivement, notamment pas les personnes racistes mais plus g\u00e9n\u00e9ralement par l\u2019ensemble d\u2019une g\u00e9n\u00e9ration. \u00bb<\/p>\n<p><em>\u00a0<strong>Sur la gauche et l\u2019accusation d\u2019antir\u00e9publicanisme<\/em>\u00a0<\/strong><br \/>\n\u00ab Il y a toujours cette critique d\u2019antir\u00e9publicanisme qui vise la gauche. C\u2019est souvent une accusation qui est associ\u00e9e \u00e0 celle de communautarisme et de s\u00e9paratisme &#8211; au sens de se s\u00e9parer de la R\u00e9publique. \u00bb<br \/>\n\u00ab Il y a une volont\u00e9 de s\u2019approprier la R\u00e9publique de la part de quelques-uns. Les valeurs dites universelles sont les valeurs d\u2019un groupe de personnes en position dominante qui repr\u00e9sente en effet des hommes blancs, m\u00eame s\u2019il y a une petite progression de ce c\u00f4t\u00e9-l\u00e0. \u00bb<br \/>\n\u00ab Il y a en France cette id\u00e9e que la R\u00e9publique n\u2019appartient pas \u00e0 tout le monde. \u00bb<br \/>\n\u00ab Ce que revendiquent les jeunes et les penseurs qui ont sign\u00e9 la tribune, c\u2019est un universalisme. L\u2019universel, c\u2019est quelque chose qu\u2019on vise mais que l\u2019on n\u2019a pas : il n\u2019y a pas la justice pour tout le monde ou l\u2019\u00e9galit\u00e9 pout tout le monde. \u00bb<br \/>\n\u00ab Il faut constamment aspirer \u00e0 l\u2019universel. \u00bb<br \/>\n\u00ab On veut se r\u00e9approprier les concepts de R\u00e9publique et d\u2019universel. \u00bb<br \/>\n\u00ab La R\u00e9publique, \u00e7a n\u2019est pas seulement un ensemble d\u2019institutions, c\u2019est aussi l\u2019aspiration \u00e0 donner la parole \u00e9gale \u00e0 chacun. \u00bb<\/p>\n<p><em>\u00a0<strong>Sur la d\u00e9mocratie et le care<\/em>\u00a0<\/strong><br \/>\n\u00ab Ce qui bloque, c\u2019est cette id\u00e9e qu\u2019il y a des experts, c\u2019est-\u00e0-dire des gens qui savent mieux. \u00bb<br \/>\n\u00ab Pendant la crise, a \u00e9merg\u00e9 une sorte d\u2019expertise des travailleurs soignants de bases, qui savent comment intervenir. \u00bb<br \/>\n\u00ab Ceux qui \u00e9taient en premi\u00e8re ligne pendant la crise devraient avoir beaucoup plus la parole. Ce qui bloque, c\u2019est la soci\u00e9t\u00e9 et les in\u00e9galit\u00e9s qu\u2019elle g\u00e9n\u00e8re. \u00bb<br \/>\n\u00ab Les personnes les plus importantes ont \u00e9t\u00e9 les moins consid\u00e9r\u00e9es. C\u2019est apparu aux yeux de tous. \u00bb<br \/>\n\u00ab Le care devrait \u00eatre pour les personnes les plus vuln\u00e9rables et on a une soci\u00e9t\u00e9 qui exerce un care \u00e9norme pour les personnes les plus privil\u00e9gi\u00e9es. \u00bb<br \/>\n\u00ab Les personnes qui exercent le care sont invisibles et d\u00e9valoris\u00e9es. \u00bb<br \/>\n\u00ab Il faut esp\u00e9rer que les partis de gauche sont en train d\u2019\u00e9voluer et qu\u2019ils vont donner davantage la parole \u00e0 ces personnes-l\u00e0 &#8211; et notamment les femmes parce qu\u2019elles sont les plus repr\u00e9sent\u00e9es dans ces professions [soignants]. \u00bb<br \/>\n\u00ab \u00c7a n\u2019est que du c\u00f4t\u00e9 de la France insoumise et du Parti communiste que, par tradition, on va avoir un personnel politique un peu plus diff\u00e9renci\u00e9. \u00bb<br \/>\n\u00ab La R\u00e9publique devrait aussi \u00eatre un monde o\u00f9 tout le monde a une expertise et doit \u00eatre prise en consid\u00e9ration, y compris pour prendre des d\u00e9cisions politique sur l\u2019avenir. \u00bb <div id='gallery-1' class='gallery galleryid-12384 gallery-columns-3 gallery-size-thumbnail'><figure class='gallery-item'>\n\t\t\t<div class='gallery-icon landscape'>\n\t\t\t\t<a href='https:\/\/archives.regards.fr\/wp-content\/uploads\/2020\/06\/capture_d_e_cran_2020-06-24_a_14-9aa.38.15.png'><img loading=\"lazy\" decoding=\"async\" width=\"150\" height=\"150\" src=\"https:\/\/archives.regards.fr\/wp-content\/uploads\/2020\/06\/capture_d_e_cran_2020-06-24_a_14-9aa.38.15-150x150.png\" class=\"attachment-thumbnail size-thumbnail\" alt=\"capture_d_e_cran_2020-06-24_a_14.38.15.png\" \/><\/a>\n\t\t\t<\/div><\/figure>\n\t\t<\/div>\n<\/p>\n","protected":false},"excerpt":{"rendered":"<p>Dans son discours, le pr\u00e9sident de la R\u00e9publique a davantage mis en cause les militants de la cause antiraciste que les racistes eux-m\u00eames. Sandra Laugier, philosophe et co-autrice d\u2019une tribune dans Le Monde pour d\u00e9noncer le discours d\u2019Emmanuel Macron, est l\u2019invit\u00e9 de #LaMidinale.<\/p>\n","protected":false},"author":1204,"featured_media":29517,"comment_status":"open","ping_status":"open","sticky":false,"template":"","format":"standard","meta":{"_themeisle_gutenberg_block_has_review":false,"footnotes":""},"categories":[238],"tags":[293],"class_list":["post-12384","post","type-post","status-publish","format-standard","has-post-thumbnail","hentry","category-la-midinale","tag-entretien"],"_links":{"self":[{"href":"https:\/\/archives.regards.fr\/index.php?rest_route=\/wp\/v2\/posts\/12384","targetHints":{"allow":["GET"]}}],"collection":[{"href":"https:\/\/archives.regards.fr\/index.php?rest_route=\/wp\/v2\/posts"}],"about":[{"href":"https:\/\/archives.regards.fr\/index.php?rest_route=\/wp\/v2\/types\/post"}],"author":[{"embeddable":true,"href":"https:\/\/archives.regards.fr\/index.php?rest_route=\/wp\/v2\/users\/1204"}],"replies":[{"embeddable":true,"href":"https:\/\/archives.regards.fr\/index.php?rest_route=%2Fwp%2Fv2%2Fcomments&post=12384"}],"version-history":[{"count":0,"href":"https:\/\/archives.regards.fr\/index.php?rest_route=\/wp\/v2\/posts\/12384\/revisions"}],"wp:featuredmedia":[{"embeddable":true,"href":"https:\/\/archives.regards.fr\/index.php?rest_route=\/wp\/v2\/media\/29517"}],"wp:attachment":[{"href":"https:\/\/archives.regards.fr\/index.php?rest_route=%2Fwp%2Fv2%2Fmedia&parent=12384"}],"wp:term":[{"taxonomy":"category","embeddable":true,"href":"https:\/\/archives.regards.fr\/index.php?rest_route=%2Fwp%2Fv2%2Fcategories&post=12384"},{"taxonomy":"post_tag","embeddable":true,"href":"https:\/\/archives.regards.fr\/index.php?rest_route=%2Fwp%2Fv2%2Ftags&post=12384"}],"curies":[{"name":"wp","href":"https:\/\/api.w.org\/{rel}","templated":true}]}}