{"id":12380,"date":"2020-06-23T14:56:19","date_gmt":"2020-06-23T12:56:19","guid":{"rendered":"https:\/\/wp.muchomaas.com\/article-eric-coquerel-c-est-faire-insulte-a-adrien-quatennens-de-penser-qu-il-est-pour\/"},"modified":"2023-06-24T00:00:14","modified_gmt":"2023-06-23T22:00:14","slug":"article-eric-coquerel-c-est-faire-insulte-a-adrien-quatennens-de-penser-qu-il-est-pour","status":"publish","type":"post","link":"https:\/\/archives.regards.fr\/?p=12380","title":{"rendered":"Eric Coquerel : \u00ab C\u2019est faire insulte \u00e0 Adrien Quatennens de penser qu\u2019il est pour la double peine \u00bb"},"content":{"rendered":"<p class=\"post_excerpt\">Apr\u00e8s les propos d&#8217;H\u00e9lo\u00efse Mary, la pr\u00e9sidente du BAAM, qui assimilait LFI et RN suite \u00e0 une d\u00e9claration d&#8217;Adrien Quatennens sur les demandeurs d&#8217;asile, le d\u00e9put\u00e9 LFI Eric Coquerel est l&#8217;invit\u00e9 de la Midinale pour remettre les points sur les i.<\/p>\n<h2><strong><em>UNE MIDINALE \u00c0 VOIR&#8230;<\/h2>\n<p><iframe loading=\"lazy\" width=\"490\" height=\"276\" src=\"https:\/\/www.youtube.com\/embed\/lufpKdJ5h3Q\" frameborder=\"0\" allow=\"accelerometer; autoplay; encrypted-media; gyroscope; picture-in-picture\" allowfullscreen><\/iframe><\/p>\n<p>&nbsp;<\/p>\n<p><h2>ET \u00c0 LIRE&#8230;<\/h2>\n<p><\/strong><\/em><br \/>\n<em>\u00a0<strong>Sur les propos d\u2019H\u00e9lo\u00efse Mary, pr\u00e9sidente du BAAM, assimilant LFI au RN<\/em>\u00a0<\/strong><br \/>\n\u00ab J\u2019ai r\u00e9agi sur le fait que dans Regards, sans qu\u2019il y ait eu suffisamment de r\u00e9action de Regards, on puisse comparer RN et LFI sur la question du droit d\u2019asile. \u00bb<br \/>\n\u00ab C\u2019est le genre de comparaison qui brouille tous les messages. \u00bb<br \/>\n\u00ab C\u2019est un proc\u00e8s qui ne tient pas la route deux secondes. \u00bb<br \/>\n\u00ab Nous ne sommes pas pour la double peine. \u00bb<\/p>\n<p><em>\u00a0<strong>Sur les propos d\u2019Adrien Quatennens sur les demandeurs d\u2019asile apr\u00e8s les \u00e9v\u00e9nements de Dijon<\/em>\u00a0<\/strong><br \/>\n\u00ab Pour \u00eatre tr\u00e8s clair, sur la question de la double peine, c\u2019est-\u00e0-dire un d\u00e9lit qui se transformerait en plus en d\u00e9cision administrative, nous y sommes oppos\u00e9s. \u00bb<br \/>\n\u00ab Je suis s\u00fbr que du c\u00f4t\u00e9 d\u2019Adrien, et on en a parl\u00e9, il ne pensait pas la phrase qu\u2019il a dite. \u00bb<br \/>\n\u00ab Ma position et la position de LFI, c\u2019est qu\u2019on ne confond pas les deux choses. \u00bb<br \/>\n\u00ab Quelqu\u2019un qui commet un d\u00e9lit dans notre pays doit \u00eatre jug\u00e9 dans notre pays. \u00bb<br \/>\n\u00ab C\u2019est \u00e0 l\u2019OFPRA de d\u00e9cider de l\u2019obtention ou non du droit d\u2019asile. \u00c7a a toujours \u00e9t\u00e9 notre position et il n\u2019y a pas de double peine. \u00bb<br \/>\n\u00ab Je connais bien Adrien et on est sur la m\u00eame position. \u00c7a serait lui faire insulte de penser qu\u2019il est pour la double peine, ce qui n\u2019est pas le cas. \u00bb<\/p>\n<p><em>\u00a0<strong>Sur la question migratoire<\/em>\u00a0<\/strong><br \/>\n\u00ab Il n\u2019y a pas de malaise et on a toujours eu une position tr\u00e8s claire. \u00bb<br \/>\n\u00ab On n\u2019est pas pour l\u2019ouverture des fronti\u00e8res et on le d\u00e9fend. \u00bb<br \/>\n\u00ab On d\u00e9fend aussi la r\u00e9gularisation des sans-papiers. \u00bb<br \/>\n\u00ab On veut cr\u00e9er un statut de droit d\u2019asile pour d\u00e9tresse humanitaire et \u00e9cologique. On veut faire en sorte que les personnes qui sont dans le pays en ce moment, puissent y rester. Ils participent tr\u00e8s largement \u00e0 la richesse de notre pays. \u00bb<br \/>\n\u00ab Il n\u2019y a pas de malaise et on essaie d\u2019avoir une position juste, humaine et r\u00e9aliste et qu\u2019on pense acceptable par l\u2019opinion. \u00bb<\/p>\n<p><em>\u00a0<strong>Sur le privil\u00e8ge blanc<\/em>\u00a0<\/strong><br \/>\n\u00ab Je n\u2019ai pas entendu que le Comit\u00e9 Adama utilise le terme de privil\u00e8ge blanc. \u00bb<br \/>\n\u00ab Je n\u2019utilise pas cette expression parce que d\u2019abord elle est connot\u00e9e par rapport \u00e0 ce qui se passe aux Etats-Unis avec des lois s\u00e9gr\u00e9gatives. Ce n\u2019est pas la situation en France. \u00bb<br \/>\n\u00ab L\u2019expression laisserait supposer que la situation normale serait d\u2019\u00eatre discrimin\u00e9e. Un peu comme quand on dit que les fonctionnaires sont des privil\u00e9gi\u00e9s. \u00bb<br \/>\n\u00ab On appelle privil\u00e8ge blanc la situation que tout le monde devrait vivre. \u00bb<\/p>\n<p><em>\u00a0<strong>Sur Saint-Denis et l\u2019absence d\u2019accord LFI\/PCF<\/em>\u00a0<\/strong><br \/>\n\u00ab Je n\u2019ai pas soutenu Laurent Russier et sa liste sur ce qui s\u2019est fait en terme d\u2019exclusion de Madjid Messaoudene. Je n\u2019\u00e9tais pas d\u2019accord avec \u00e7a. \u00bb<br \/>\n\u00ab Je n\u2019ai rien vu qui n\u00e9cessite une telle opprobre et une telle exclusion. \u00bb<br \/>\n\u00ab Il y a deux listes en comp\u00e9tition \u00e0 Saint-Denis : celle d\u2019un social-lib\u00e9ral [Mathieu Hanotin pour le PS] (\u2026) et celle qui incarne un p\u00f4le de r\u00e9sistance. Et c\u2019est pour \u00e7a que j\u2019ai appel\u00e9 \u00e0 voter pour cette liste [Laurent Russier]\u00bb<\/p>\n<p><em>\u00a0<strong>Sur le Front Populaire de Michel Onfray<\/em>\u00a0<\/strong><br \/>\n\u00ab  On n\u2019est pas ambigu sur ce qu\u2019est devenu Michel Onfray.\u00bb<br \/>\n\u00ab La d\u00e9rive de Michel Onfray est \u00e9vidente. Il a expliqu\u00e9 qu\u2019on \u00e9tait dans un pays d\u2019apartheid vis-\u00e0-vis des blancs. Il va bient\u00f4t prendre \u00e0 droite Marine Le Pen. \u00bb<br \/>\n\u00ab Nous n\u2019avons aucun rapport avec le mal-nomm\u00e9 \u2018front populaire\u2019. \u00bb<\/p>\n<p><em>\u00a0<strong>Sur le sondage IFOP de la pr\u00e9sidentielle<\/em>\u00a0<\/strong><br \/>\n\u00ab Un sondage qui met cinq points de plus pour Emmanuel Macron alors qu\u2019il d\u00e9gringole dans toutes les enqu\u00eates d\u2019opinion me laisse sceptique. \u00bb<br \/>\n\u00ab Je n\u2019accorde pas plus de r\u00e9alit\u00e9 \u00e0 ce sondage qu\u2019\u00e0 un horoscope, \u00e0 deux ans de l\u2019\u00e9ch\u00e9ance. \u00bb<br \/>\n\u00ab Le seul qui s\u2019en sort tr\u00e8s nettement par rapport aux autres candidatures de la gauche, c\u2019est Jean-Luc M\u00e9lenchon. Le PS est \u00e0 3%. Lui est \u00e0 12% sachant que le PCF est cr\u00e9dit\u00e9 \u00e0 2% alors qu\u2019il \u00e9tait avec nous en 2017 donc \u00e7a fait pas loin de 14%. \u00bb<br \/>\n\u00ab Je pr\u00e9dis pour Macron un avenir \u00e0 la Hollande. \u00bb<\/p>\n<p><em>\u00a0<strong>Sur le climat \u00e0 gauche<\/em>\u00a0<\/strong><br \/>\n\u00ab On rencontre en ce moment les diff\u00e9rentes formations de gauche, en tout cas celles qui s\u2019inscrivent dans l\u2019id\u00e9e de transformation pour voir ce qu\u2019on peut faire dans les ann\u00e9es \u00e0 venir. \u00bb<br \/>\n\u00ab Je n\u2019ai pas une vision de d\u00e9sunion de la gauche. Ce n\u2019est pas ce que je ressens en ce moment. On le voit m\u00eame dans le cadre des municipales avec des choses int\u00e9ressantes qui se passent. \u00bb<br \/>\n\u00ab L\u2019avenir en commun est un patrimoine commun &#8211; ce qui ne veut pas dire qu\u2019il ne doit pas \u00eatre toilett\u00e9. \u00bb<div id='gallery-1' class='gallery galleryid-12380 gallery-columns-3 gallery-size-thumbnail'><figure class='gallery-item'>\n\t\t\t<div class='gallery-icon landscape'>\n\t\t\t\t<a href='https:\/\/archives.regards.fr\/wp-content\/uploads\/2020\/06\/capture_d_e_cran_2020-06-23_a_14-875.36.11.png'><img loading=\"lazy\" decoding=\"async\" width=\"150\" height=\"150\" src=\"https:\/\/archives.regards.fr\/wp-content\/uploads\/2020\/06\/capture_d_e_cran_2020-06-23_a_14-875.36.11-150x150.png\" class=\"attachment-thumbnail size-thumbnail\" alt=\"capture_d_e_cran_2020-06-23_a_14.36.11.png\" \/><\/a>\n\t\t\t<\/div><\/figure>\n\t\t<\/div>\n<\/p>\n","protected":false},"excerpt":{"rendered":"<p>Apr\u00e8s les propos d&#8217;H\u00e9lo\u00efse Mary, la pr\u00e9sidente du BAAM, qui assimilait LFI et RN suite \u00e0 une d\u00e9claration d&#8217;Adrien Quatennens sur les demandeurs d&#8217;asile, le d\u00e9put\u00e9 LFI Eric Coquerel est l&#8217;invit\u00e9 de la Midinale pour remettre les points sur les i.<\/p>\n","protected":false},"author":1204,"featured_media":29509,"comment_status":"open","ping_status":"open","sticky":false,"template":"","format":"standard","meta":{"_themeisle_gutenberg_block_has_review":false,"footnotes":""},"categories":[238],"tags":[293],"class_list":["post-12380","post","type-post","status-publish","format-standard","has-post-thumbnail","hentry","category-la-midinale","tag-entretien"],"_links":{"self":[{"href":"https:\/\/archives.regards.fr\/index.php?rest_route=\/wp\/v2\/posts\/12380","targetHints":{"allow":["GET"]}}],"collection":[{"href":"https:\/\/archives.regards.fr\/index.php?rest_route=\/wp\/v2\/posts"}],"about":[{"href":"https:\/\/archives.regards.fr\/index.php?rest_route=\/wp\/v2\/types\/post"}],"author":[{"embeddable":true,"href":"https:\/\/archives.regards.fr\/index.php?rest_route=\/wp\/v2\/users\/1204"}],"replies":[{"embeddable":true,"href":"https:\/\/archives.regards.fr\/index.php?rest_route=%2Fwp%2Fv2%2Fcomments&post=12380"}],"version-history":[{"count":0,"href":"https:\/\/archives.regards.fr\/index.php?rest_route=\/wp\/v2\/posts\/12380\/revisions"}],"wp:featuredmedia":[{"embeddable":true,"href":"https:\/\/archives.regards.fr\/index.php?rest_route=\/wp\/v2\/media\/29509"}],"wp:attachment":[{"href":"https:\/\/archives.regards.fr\/index.php?rest_route=%2Fwp%2Fv2%2Fmedia&parent=12380"}],"wp:term":[{"taxonomy":"category","embeddable":true,"href":"https:\/\/archives.regards.fr\/index.php?rest_route=%2Fwp%2Fv2%2Fcategories&post=12380"},{"taxonomy":"post_tag","embeddable":true,"href":"https:\/\/archives.regards.fr\/index.php?rest_route=%2Fwp%2Fv2%2Ftags&post=12380"}],"curies":[{"name":"wp","href":"https:\/\/api.w.org\/{rel}","templated":true}]}}