{"id":12377,"date":"2020-06-22T13:03:03","date_gmt":"2020-06-22T11:03:03","guid":{"rendered":"https:\/\/wp.muchomaas.com\/article-sandra-regol-en-9-mois-150-citoyens-ont-fait-plus-que-la-majorite\/"},"modified":"2023-06-24T00:00:05","modified_gmt":"2023-06-23T22:00:05","slug":"article-sandra-regol-en-9-mois-150-citoyens-ont-fait-plus-que-la-majorite","status":"publish","type":"post","link":"https:\/\/archives.regards.fr\/?p=12377","title":{"rendered":"Sandra Regol : \u00ab En 9 mois, 150 citoyens ont fait plus que la majorit\u00e9 pr\u00e9sidentielle en 3 ans \u00bb"},"content":{"rendered":"<p class=\"post_excerpt\">Les 150 citoyens de la Convention nationale pour le climat ont rendu leurs 150 propositions. Pour quelle issue ? Sandra Regol, secr\u00e9taire nationale adjointe d\u2019EELV, est l\u2019invit\u00e9e de #LaMidinale.<\/p>\n<h2><strong><em>UNE MIDINALE \u00c0 VOIR&#8230;<\/h2>\n<p><iframe loading=\"lazy\" width=\"490\" height=\"276\" src=\"https:\/\/www.youtube.com\/embed\/yJiLIHyEaEE\" frameborder=\"0\" allow=\"accelerometer; autoplay; encrypted-media; gyroscope; picture-in-picture\" allowfullscreen><\/iframe><\/p>\n<p>&nbsp;<\/p>\n<p><h2>ET \u00c0 LIRE&#8230;<\/h2>\n<p><\/strong><\/em><br \/>\n<em>\u00a0<strong>Sur la marche pour Steve<\/em>\u00a0<\/strong><br \/>\n\u00ab Steve n\u2019est pas le seul symbole. Il y en a d\u2019autres comme Adama Traore qui sont morts dans des conditions li\u00e9es \u00e0 des arrestations ou des poursuites de police. \u00bb<br \/>\n\u00ab On n\u2019a pas de chiffres mais la recension de Basta parle de 600 morts depuis les ann\u00e9es 1970. \u00bb<br \/>\n\u00ab L\u00e0 o\u00f9 il y a eu le plus de morts, \u00e7a n\u2019est pas sur les quais de Nantes mais plut\u00f4t dans les quartiers populaires. \u00bb<\/p>\n<p><em>\u00a0<strong>Sur le d\u00e9ni de la gauche<\/em>\u00a0<\/strong><br \/>\n\u00ab Il y a beaucoup de gens qui ont \u00e9t\u00e9 autour de [la famille Traor\u00e9] depuis le d\u00e9but. \u00bb<br \/>\n\u00ab Quand on soutient les familles dans ces affaires-l\u00e0, l\u2019enjeu est aussi de rappeler que c\u2019est la soci\u00e9t\u00e9 enti\u00e8re qui est touch\u00e9e. \u00bb<br \/>\n\u00ab Je trouve \u00e7a inqui\u00e9tant que la France se r\u00e9veille quand George Floyd meurt mais ne se r\u00e9veille pas autant pour Adama Traor\u00e9 et les 600 autres morts. Il y a une forme de d\u00e9ni de l\u2019ensemble de la soci\u00e9t\u00e9. \u00bb<\/p>\n<p><em>\u00a0<strong>Sur la police<\/em>\u00a0<\/strong><br \/>\n\u00ab On n\u2019a pas besoin d\u2019une police qui ne soit pas celle de l\u2019affichage de la s\u00e9curit\u00e9 mais qui soit celle de la suret\u00e9. \u00bb<br \/>\n\u00ab Ce que l\u2019on d\u00e9fend, c\u2019est une police et une gendarmerie qui assure la suret\u00e9 de chaque personne sur l\u2019ensemble du territoire. Et \u00e7a n\u2019est pas du tout le cas aujourd\u2019hui en France. \u00bb<\/p>\n<p><em>\u00a0<strong>Sur la Convention citoyenne pour le climat<\/em>\u00a0<\/strong><br \/>\n\u00ab C\u2019est un vrai programme politique. \u00bb<br \/>\n\u00ab En neuf mois, les 150 citoyens &#8211; qui n\u2019avaient rien demand\u00e9 et qui n\u2019\u00e9taient pas form\u00e9s aux enjeux politiques, \u00e9conomiques, climatiques &#8211; font plus que ce qu\u2019a fait la majorit\u00e9 pr\u00e9sidentielle en trois ans avec l\u2019ensemble des pouvoirs. \u00bb<br \/>\n\u00ab C\u2019est la premi\u00e8re fois depuis tr\u00e8s longtemps en France qu\u2019on a une vraie exp\u00e9rience d\u00e9mocratique. \u00bb<\/p>\n<p><em>\u00a0<strong>Sur la l\u00e9gitimit\u00e9 de la Convention citoyenne<\/em>\u00a0<\/strong><br \/>\n\u00ab La Convention a \u00e9t\u00e9 tir\u00e9e au sort mais avec des crit\u00e8res repr\u00e9sentatifs de la soci\u00e9t\u00e9. \u00bb<br \/>\n\u00ab Les 150 personnes repr\u00e9sentent la soci\u00e9t\u00e9 fran\u00e7aise dans sa diversit\u00e9. \u00bb<br \/>\n\u00ab On est dans une reprise de pouvoir par la population. \u00bb<br \/>\n\u00ab Je suis ravie, en tant qu\u2019\u00e9cologiste, que le programme des 150 citoyens tir\u00e9s au sort, apr\u00e8s neuf mois de travail, ressorte avec un programme qui est quasiment celui des \u00e9cologistes. \u00bb<\/p>\n<p><em>\u00a0<strong>Sur l\u2019hypoth\u00e8se d\u2019un r\u00e9f\u00e9rendum<\/em>\u00a0<\/strong><br \/>\n\u00ab Emmanuel Macron s\u2019\u00e9tait engag\u00e9 devant les citoyens \u00e0 la Convention \u00e0 pr\u00e9senter, \u00ab sans filtre \u00bb, &#8211; et la citation est de lui &#8211; leurs propositions aux Fran\u00e7ais-es. \u00bb<br \/>\n\u00ab Si Emmanuel Macron voulait donner une suite \u00e0 cette convention, il passerait ces 150 propositions directement dans le d\u00e9bat parlementaire. \u00c7a n\u2019est pas le choix qu\u2019il fait. Il envisage un r\u00e9f\u00e9rendum alors qu\u2019il nous reste neuf ans pour r\u00e9agir face au d\u00e9r\u00e8glement climatique. \u00bb<br \/>\n\u00ab Un r\u00e9f\u00e9rendum, c\u2019est six mois \u00e0 un an pour informer la population. Emmanuel Macron a fait un choix strat\u00e9gique, tr\u00e8s clair : celui de gagner du temps. \u00bb<\/p>\n<p><em>\u00a0<strong>Sur la une de Lib\u00e9ration<\/em>\u00a0<\/strong><br \/>\n\u00ab On en discute beaucoup avec les journalistes de Lib\u00e9ration qui ont un peu tendance \u00e0 tout ramener \u00e0 la gauche alors que les choses sont en train de s\u2019\u00e9crire autrement. \u00bb<br \/>\n\u00ab On a beaucoup de candidates femmes qui sont en passe de gagner de grandes villes. \u00bb<br \/>\n\u00ab Il n\u2019y a que des personnes blanches [sur la une de Lib\u00e9ration] alors qu\u2019il y a pl\u00e9thores de candidates et de candidats non-blancs. \u00bb<\/p>\n<p><em>\u00a0<strong>Sur les municipales<\/em>\u00a0<\/strong><br \/>\n\u00ab J\u2019esp\u00e8re qu\u2019on sera les grands gagnants de ce second tour des municipales. \u00bb<br \/>\n\u00ab Chaque fois qu\u2019on gagne un petit peu, \u00e7a nous donne un peu plus de responsabilit\u00e9s. \u00bb<br \/>\n\u00ab On a d\u00e9j\u00e0 prouv\u00e9 \u00e0 Grenoble ou \u00e0 Schiltigheim que ce que l\u2019on faisait avait une v\u00e9ritable action sur la vie des personnes. \u00bb<br \/>\n\u00ab On esp\u00e8re qu\u2019\u00e0 partir du 29 juin, on aura plus de leviers pour prouver que notre action est b\u00e9n\u00e9fique pour tout le monde. \u00bb<\/p>\n<p><em>\u00a0<strong>Sur Yannick Jadot, vrai patron de EELV ?<\/em>\u00a0<\/strong><br \/>\n\u00ab C\u2019est une lecture m\u00e9diatique. \u00bb<br \/>\n\u00ab Il est celui qui a \u00e9t\u00e9 notre candidat \u00e0 la pr\u00e9sidentielle un temps. Il a \u00e9t\u00e9 deux fois la t\u00eate de liste EELV aux \u00e9lections europ\u00e9ennes. Il a engrang\u00e9 des succ\u00e8s avec le reste du parti. Donc forc\u00e9ment, dans la V\u00e8 R\u00e9publique &#8211; o\u00f9 l\u2019homme providentiel est toujours attendu -, il y a toujours une personne qui est d\u00e9sign\u00e9e. \u00bb<br \/>\n\u00ab Il n\u2019y a aujourd\u2019hui pas d\u2019autres grandes figures qui \u00e9mergent m\u00eame si on parle beaucoup d\u2019Eric Piolle &#8211; qui sera peut-\u00eatre la prochaine figure qui \u00e9mergera. \u00bb`<br \/>\n\u00ab \u00c0 l\u2019instant T, Yannick Jadot est le candidat le plus l\u00e9gitime. Apr\u00e8s, la politique, \u00e7a va tr\u00e8s vite. On a encore du temps. \u00bb<div id='gallery-1' class='gallery galleryid-12377 gallery-columns-3 gallery-size-thumbnail'><figure class='gallery-item'>\n\t\t\t<div class='gallery-icon landscape'>\n\t\t\t\t<a href='https:\/\/archives.regards.fr\/wp-content\/uploads\/2020\/06\/capture_d_e_cran_2020-06-22_a_12-2d5.47.07.png'><img loading=\"lazy\" decoding=\"async\" width=\"150\" height=\"150\" src=\"https:\/\/archives.regards.fr\/wp-content\/uploads\/2020\/06\/capture_d_e_cran_2020-06-22_a_12-2d5.47.07-150x150.png\" class=\"attachment-thumbnail size-thumbnail\" alt=\"capture_d_e_cran_2020-06-22_a_12.47.07.png\" \/><\/a>\n\t\t\t<\/div><\/figure>\n\t\t<\/div>\n<\/p>\n","protected":false},"excerpt":{"rendered":"<p>Les 150 citoyens de la Convention nationale pour le climat ont rendu leurs 150 propositions. Pour quelle issue ? Sandra Regol, secr\u00e9taire nationale adjointe d\u2019EELV, est l\u2019invit\u00e9e de #LaMidinale.<\/p>\n","protected":false},"author":1039,"featured_media":29503,"comment_status":"open","ping_status":"open","sticky":false,"template":"","format":"standard","meta":{"_themeisle_gutenberg_block_has_review":false,"footnotes":""},"categories":[238],"tags":[293],"class_list":["post-12377","post","type-post","status-publish","format-standard","has-post-thumbnail","hentry","category-la-midinale","tag-entretien"],"_links":{"self":[{"href":"https:\/\/archives.regards.fr\/index.php?rest_route=\/wp\/v2\/posts\/12377","targetHints":{"allow":["GET"]}}],"collection":[{"href":"https:\/\/archives.regards.fr\/index.php?rest_route=\/wp\/v2\/posts"}],"about":[{"href":"https:\/\/archives.regards.fr\/index.php?rest_route=\/wp\/v2\/types\/post"}],"author":[{"embeddable":true,"href":"https:\/\/archives.regards.fr\/index.php?rest_route=\/wp\/v2\/users\/1039"}],"replies":[{"embeddable":true,"href":"https:\/\/archives.regards.fr\/index.php?rest_route=%2Fwp%2Fv2%2Fcomments&post=12377"}],"version-history":[{"count":0,"href":"https:\/\/archives.regards.fr\/index.php?rest_route=\/wp\/v2\/posts\/12377\/revisions"}],"wp:featuredmedia":[{"embeddable":true,"href":"https:\/\/archives.regards.fr\/index.php?rest_route=\/wp\/v2\/media\/29503"}],"wp:attachment":[{"href":"https:\/\/archives.regards.fr\/index.php?rest_route=%2Fwp%2Fv2%2Fmedia&parent=12377"}],"wp:term":[{"taxonomy":"category","embeddable":true,"href":"https:\/\/archives.regards.fr\/index.php?rest_route=%2Fwp%2Fv2%2Fcategories&post=12377"},{"taxonomy":"post_tag","embeddable":true,"href":"https:\/\/archives.regards.fr\/index.php?rest_route=%2Fwp%2Fv2%2Ftags&post=12377"}],"curies":[{"name":"wp","href":"https:\/\/api.w.org\/{rel}","templated":true}]}}