{"id":12371,"date":"2020-06-19T12:00:00","date_gmt":"2020-06-19T10:00:00","guid":{"rendered":"https:\/\/wp.muchomaas.com\/article-heloise-mary-on-fait-des-migrants-les-boucs-emissaires-de-la-crise-y-compris-a\/"},"modified":"2023-06-23T23:59:44","modified_gmt":"2023-06-23T21:59:44","slug":"article-heloise-mary-on-fait-des-migrants-les-boucs-emissaires-de-la-crise-y-compris-a","status":"publish","type":"post","link":"https:\/\/archives.regards.fr\/?p=12371","title":{"rendered":"H\u00e9lo\u00efse Mary : \u00ab On fait des migrants les boucs \u00e9missaires de la crise \u2013 y compris \u00e0 gauche \u00bb"},"content":{"rendered":"<p class=\"post_excerpt\">Demain, samedi 20 juin, c\u2019est la journ\u00e9e mondiale des r\u00e9fugi\u00e9s. H\u00e9lo\u00efse Mary, pr\u00e9sidente du BAAM (Bureau d\u2019Accueil et d\u2019Accompagnement des Migrants) est l\u2019invit\u00e9e de #LaMidinale.<\/p>\n<h2><strong><em>UNE MIDINALE \u00c0 VOIR&#8230;<\/h2>\n<p><iframe loading=\"lazy\" width=\"490\" height=\"276\" src=\"https:\/\/www.youtube.com\/embed\/5mVVY5xix0w\" frameborder=\"0\" allow=\"accelerometer; autoplay; encrypted-media; gyroscope; picture-in-picture\" allowfullscreen><\/iframe><\/p>\n<p>&nbsp;<\/p>\n<p><h2>ET \u00c0 LIRE&#8230;<\/h2>\n<p><\/strong><\/em><br \/>\n<em>\u00a0<strong>Sur les migrants pendant le confinement<\/em>\u00a0<\/strong><br \/>\n\u00ab Les migrants malades ou d\u00e9c\u00e9d\u00e9s ne sont jamais enregistr\u00e9s ou alors ils le sont sous X. \u00bb<br \/>\n\u00ab On s\u2019est rendu compte que les travailleurs sociaux n\u2019avaient pas fait le n\u00e9cessaire dans les centres en termes de gestes de pr\u00e9vention, de gels hydrolacooliques ou de masques. C\u2019est arriv\u00e9 tr\u00e8s tard &#8211; quand c\u2019est venu. \u00bb<br \/>\n\u00ab La police a profit\u00e9 de ce temps de Covid-19 pour faire la chasse aux migrants. \u00bb<br \/>\n\u00ab C\u2019est une p\u00e9riode o\u00f9 les expulsions ont repris en catimini. \u00bb<br \/>\n\u00ab Les centres de r\u00e9tention administrative n\u2019ont pas ferm\u00e9 et les migrants y ont \u00e9t\u00e9 laiss\u00e9s \u00e0 l\u2019abandon, sans suivi m\u00e9dical avec parfois des cas de Covid-19 av\u00e9r\u00e9s. \u00bb<\/p>\n<p><em>\u00a0<strong>Sur la journ\u00e9e mondiale des r\u00e9fugi\u00e9s <\/em>\u00a0<\/strong><br \/>\n\u00ab On rejoint l\u2019appel de la marche des solidarit\u00e9s. On est assez inquiets qu\u2019il y ait des arrestations pendant les manifestations. \u00bb<br \/>\n\u00ab Il faut lier la question des r\u00e9fugi\u00e9s, des demandeurs d\u2019asile et des sans-papiers. \u00bb<br \/>\n\u00ab La demande d\u2019asile est devenue plus difficile en France. Les demandeurs d\u2019asile ont du mal \u00e0 y acc\u00e9der et se retrouvent sans papier. \u00bb<\/p>\n<p><em>\u00a0<strong>Sur les migrations \u00e0 travers le monde<\/em>\u00a0<\/strong><br \/>\n\u00ab Tant que la France et les autres Etats europ\u00e9ens ne prendront pas la question climatique en main, on va se retrouver avec de plus en plus des personnes d\u00e9plac\u00e9es. \u00bb<br \/>\n\u00ab On va vers un milliard de r\u00e9fugi\u00e9s climatiques \u00e0 travers le monde dans les estimations les plus extr\u00eames. \u00bb<br \/>\n\u00ab Il faut un statut pour les r\u00e9fugi\u00e9s climatiques. \u00bb<br \/>\n\u00ab Chaque fois que la France intervient dans un conflit, \u00e7a a des r\u00e9percussions. Il faut que la France arr\u00eate de jouer les gendarmes dans le monde. \u00bb<br \/>\n\u00ab Les crises politiques et \u00e9conomiques entrainent des d\u00e9placements de populations : personne n\u2019a envie de voir sa familles crever de faim ou crever sous les bombes. \u00bb<br \/>\n\u00ab Les gens ont toujours boug\u00e9. La migration n\u2019est pas un fait nouveau. La plupart des migrations se font intra-continentale. 80% des migrations se font \u00e0 l\u2019int\u00e9rieur d\u2019un m\u00eame continent. \u00bb<br \/>\n\u00ab Les migrants vont \u00eatre les victimes de la crise \u00e9conomique. On fait des migrants les boucs \u00e9missaires de la crise &#8211; y compris \u00e0 gauche. \u00bb<br \/>\n\u00ab <\/p>\n<p><em>\u00a0<strong>Sur l\u2019Union europ\u00e9enne et les politiques migratoires <\/em>\u00a0<\/strong><br \/>\n\u00ab Certains Etats europ\u00e9ens se sont saisis de la r\u00e9gularisation par le travail parce que souvent le prisme migratoire est pris sous l\u2019angle de la main d\u2019oeuvre \u00e9trang\u00e8re. \u00bb<br \/>\n\u00ab On s\u2019est rendu compte que cette main d\u2019oeuvre sous pay\u00e9e, sans protections, manquait terriblement. \u00bb<br \/>\n\u00ab Je suis tr\u00e8s inqui\u00e8te quand j\u2019entends des organisations de gauche ne parler que de r\u00e9gularisation par le travail. \u00bb<br \/>\n\u00ab Nous on veut la r\u00e9gularisation de tous les sans-papiers. Il faut que cessent les freins \u00e0 la demande d\u2019asile. \u00bb<br \/>\n\u00ab Dans les pays o\u00f9 il y a eu des r\u00e9gularisations massives, le PIB a augment\u00e9 fortement. Donc m\u00eame dans une approche lib\u00e9rale que je ne partage pas, on sait que la r\u00e9gularisation de toutes et tous est un bienfait \u00e9conomique. \u00bb<\/p>\n<p><em>\u00a0<strong>Sur le droit d\u2019asile en France<\/em>\u00a0<\/strong><br \/>\n\u00ab Souvent les migrants consid\u00e8rent la France comme une terre d\u2019accueil. \u00bb<br \/>\n\u00ab La France reste un pays attractif parce qu\u2019on reste un pays o\u00f9 il reste encore quelques droits sociaux, des offres d\u2019emplois suffisantes. Les migrants croient dans la France. \u00bb<br \/>\n\u00ab Il suffit d\u2019une seule journ\u00e9e \u00e0 la Pr\u00e9fecture de Clignancourt pour s\u2019apercevoir que la France n\u2019est pas une terre d\u2019accueil. \u00bb<br \/>\n\u00ab En France, on en arrive \u00e0 dormir devant les pr\u00e9fectures pour avoir des rendez-vous. \u00bb<\/p>\n<p><em>\u00a0<strong>Sur les propos d\u2019Adrien Quatennens sur les demandeurs d\u2019asile<\/em>\u00a0<\/strong><br \/>\n\u00ab La France insoumise devrait se taire et ne pas parler de sujets qu\u2019elle ne maitrise pas. \u00bb<br \/>\n\u00ab \u00c7a fait tr\u00e8s longtemps que les soutiens aux migrants ont abandonn\u00e9 l\u2019id\u00e9e que la France insoumise \u00e9tait porteuse d\u2019un projet d\u2019avenir sur les questions migratoires. Franchement, c\u2019est blanc bonnet et bonnet blanc entre le FN et LFI. \u00bb<br \/>\n\u00ab Je ne vois pas de diff\u00e9rences entre le discours de Marine Le Pen et les dires d\u2019Adrien Quatennens. \u00bb<br \/>\n\u00ab Je ne mets pas tout le monde dans le m\u00eame sac mais ce que je dis, c\u2019est qu\u2019Adrien Quatennens peut prendre sa carte au RN demain. \u00bb<br \/>\n\u00ab J\u2019aurais bien aim\u00e9 qu\u2019Adrien Quatennens parle de Kadyrov [le pr\u00e9sident tch\u00e9tch\u00e8ne] qui poursuit ses opposants politiques en les enfermant dans des cellules o\u00f9 on ne les retrouve jamais ; j\u2019aurais bien aim\u00e9 qu\u2019il parle de la chasses aux gays en Tch\u00e9tch\u00e9nie ; j\u2019aimerais bien qu\u2019il prenne position contre un pouvoir pro-russe ; j\u2019aimerais bien qu\u2019il dise que les r\u00e9fugi\u00e9s et les d\u00e9plac\u00e9s tch\u00e9tch\u00e8nes sont parqu\u00e9s en Pologne, souvent dublin\u00e9s \u00e0 leur arriv\u00e9e en France. C\u2019est des choses que j\u2019aurais aim\u00e9 entendre de la part de quelqu\u2019un de gauche. \u00bb<br \/>\n\u00ab Adrien Quatennens a fait du fait divers pour gratter des voix alors que les voix populaires ne sont pas forc\u00e9ment hostiles aux migrants. \u00bb<br \/>\n\u00ab Le c\u00f4t\u00e9 \u2018on veut satisfaire le populo\u2019 en tenant des discours d\u2019extr\u00eame droite, \u00e7a donne l\u2019extr\u00eame droite. \u00bb<div id='gallery-1' class='gallery galleryid-12371 gallery-columns-3 gallery-size-thumbnail'><figure class='gallery-item'>\n\t\t\t<div class='gallery-icon landscape'>\n\t\t\t\t<a href='https:\/\/archives.regards.fr\/wp-content\/uploads\/2020\/06\/capture_d_e_cran_2020-06-18_a_21-12b.43.29.png'><img loading=\"lazy\" decoding=\"async\" width=\"150\" height=\"150\" src=\"https:\/\/archives.regards.fr\/wp-content\/uploads\/2020\/06\/capture_d_e_cran_2020-06-18_a_21-12b.43.29-150x150.png\" class=\"attachment-thumbnail size-thumbnail\" alt=\"capture_d_e_cran_2020-06-18_a_21.43.29.png\" \/><\/a>\n\t\t\t<\/div><\/figure>\n\t\t<\/div>\n<\/p>\n","protected":false},"excerpt":{"rendered":"<p>Demain, samedi 20 juin, c\u2019est la journ\u00e9e mondiale des r\u00e9fugi\u00e9s. H\u00e9lo\u00efse Mary, pr\u00e9sidente du BAAM (Bureau d\u2019Accueil et d\u2019Accompagnement des Migrants) est l\u2019invit\u00e9e de #LaMidinale.<\/p>\n","protected":false},"author":1204,"featured_media":29483,"comment_status":"open","ping_status":"open","sticky":false,"template":"","format":"standard","meta":{"_themeisle_gutenberg_block_has_review":false,"footnotes":""},"categories":[238],"tags":[293],"class_list":["post-12371","post","type-post","status-publish","format-standard","has-post-thumbnail","hentry","category-la-midinale","tag-entretien"],"_links":{"self":[{"href":"https:\/\/archives.regards.fr\/index.php?rest_route=\/wp\/v2\/posts\/12371","targetHints":{"allow":["GET"]}}],"collection":[{"href":"https:\/\/archives.regards.fr\/index.php?rest_route=\/wp\/v2\/posts"}],"about":[{"href":"https:\/\/archives.regards.fr\/index.php?rest_route=\/wp\/v2\/types\/post"}],"author":[{"embeddable":true,"href":"https:\/\/archives.regards.fr\/index.php?rest_route=\/wp\/v2\/users\/1204"}],"replies":[{"embeddable":true,"href":"https:\/\/archives.regards.fr\/index.php?rest_route=%2Fwp%2Fv2%2Fcomments&post=12371"}],"version-history":[{"count":0,"href":"https:\/\/archives.regards.fr\/index.php?rest_route=\/wp\/v2\/posts\/12371\/revisions"}],"wp:featuredmedia":[{"embeddable":true,"href":"https:\/\/archives.regards.fr\/index.php?rest_route=\/wp\/v2\/media\/29483"}],"wp:attachment":[{"href":"https:\/\/archives.regards.fr\/index.php?rest_route=%2Fwp%2Fv2%2Fmedia&parent=12371"}],"wp:term":[{"taxonomy":"category","embeddable":true,"href":"https:\/\/archives.regards.fr\/index.php?rest_route=%2Fwp%2Fv2%2Fcategories&post=12371"},{"taxonomy":"post_tag","embeddable":true,"href":"https:\/\/archives.regards.fr\/index.php?rest_route=%2Fwp%2Fv2%2Ftags&post=12371"}],"curies":[{"name":"wp","href":"https:\/\/api.w.org\/{rel}","templated":true}]}}