{"id":12368,"date":"2020-06-17T13:45:04","date_gmt":"2020-06-17T11:45:04","guid":{"rendered":"https:\/\/wp.muchomaas.com\/article-pierre-dharreville-le-pr-salomon-n-a-pas-parle-de-penurie-alors-qu-elle-etait\/"},"modified":"2023-06-23T23:59:42","modified_gmt":"2023-06-23T21:59:42","slug":"article-pierre-dharreville-le-pr-salomon-n-a-pas-parle-de-penurie-alors-qu-elle-etait","status":"publish","type":"post","link":"https:\/\/archives.regards.fr\/?p=12368","title":{"rendered":"Pierre Dharr\u00e9ville : \u00ab Le Pr. Salomon n\u2019a pas parl\u00e9 de p\u00e9nurie alors qu\u2019elle \u00e9tait manifeste \u00bb"},"content":{"rendered":"<p class=\"post_excerpt\">Hier, la commission d\u2019enqu\u00eate parlementaire sur la gestion du Covid-19 lan\u00e7ait ses travaux avec pour premi\u00e8re audition celle du Pr. Salomon, directeur g\u00e9n\u00e9ral de la sant\u00e9. Le d\u00e9put\u00e9 communiste Pierre Dharr\u00e9ville, membre de cette commission, est l\u2019invit\u00e9 de #LaMidinale.<\/p>\n<h2><strong><em>UNE MIDINALE \u00c0 VOIR&#8230;<\/h2>\n<p><iframe loading=\"lazy\" width=\"490\" height=\"276\" src=\"https:\/\/www.youtube.com\/embed\/UCEhlDJ2jmI\" frameborder=\"0\" allow=\"accelerometer; autoplay; encrypted-media; gyroscope; picture-in-picture\" allowfullscreen><\/iframe><\/p>\n<p>&nbsp;<\/p>\n<p><h2>ET \u00c0 LIRE&#8230;<\/h2>\n<p><\/strong><\/em><br \/>\n<em>\u00a0<strong>Sur les propos d\u2019Adrien Quatennens sur les demandeurs d\u2019asile et r\u00e9fugi\u00e9s \u00e0 expulser apr\u00e8s les affrontements \u00e0 Dijon<\/em>\u00a0<\/strong><br \/>\n\u00ab Je n\u2019\u00e9tablis pas de lien entre les deux probl\u00e9matiques (\u2026). Leur statut de bandit n\u2019est pas li\u00e9 \u00e0 leur nationalit\u00e9 ou \u00e0 leur origine. Il faut \u00eatre clair l\u00e0-dessus. \u00bb<br \/>\n\u00ab J\u2019ai plut\u00f4t \u00e9t\u00e9 choqu\u00e9 par les propos de Christian Estrosi qui consistent \u00e0 stigmatiser toute une communaut\u00e9. \u00bb<br \/>\n\u00ab Il y a un d\u00e9bat confus qui se m\u00e8ne autour de ce qui se passe \u00e0 Dijon. \u00bb<br \/>\n\u00ab Quand il y a des bandits et des criminels, il faut que la justice et la police puissent faire leur travail. \u00bb<\/p>\n<p><em>\u00a0<strong>Sur la manifestation des soignants <\/em>\u00a0<\/strong><br \/>\n\u00ab Il y avait du monde partout en France. Dans une p\u00e9riode o\u00f9 on n\u2019est pas tout \u00e0 fait d\u00e9confin\u00e9s, j\u2019ai trouv\u00e9 que les mobilisations \u00e9taient tr\u00e8s fortes, ce qui t\u00e9moigne de la continuation de ce qui se passait avant la crise, avec la lutte des soignants, mais aussi d\u2019une prise de conscience de plus en plus large dans la soci\u00e9t\u00e9. \u00bb<br \/>\n\u00ab Il y a un soutien massif de l\u2019opinion \u00e0 ce mouvement. \u00bb<br \/>\n\u00ab Je ne vois pas comment le pouvoir va pouvoir ignorer ce qui se passe dans le pays. \u00bb<\/p>\n<p><em>\u00a0<strong>Sur les violences polici\u00e8res <\/em>\u00a0<\/strong><br \/>\n\u00ab Les mobilisations sociales durant la derni\u00e8re p\u00e9riode, on l\u2019a vu avec les gilets jaunes mais pas seulement, ont \u00e9t\u00e9 trait\u00e9es par une forme de duret\u00e9. \u00bb<br \/>\n\u00ab Quand je manifeste, je rencontre une majorit\u00e9 de gens qui veut faire entendre ses revendications de mani\u00e8re pacifique. \u00bb<br \/>\n\u00ab Il y a une fa\u00e7on de d\u00e9tourner l\u2019attention de ce qui \u00e9tait le c\u0153ur de la mobilisation hier. \u00bb<\/p>\n<p><em>\u00a0<strong>Sur la commission parlementaire Covid-19<\/em>\u00a0<\/strong><br \/>\n\u00ab Le Pr. Salomon a eu le temps de se roder avec ses points presses quotidiens. Les r\u00e9ponses \u00e0 nos questions n\u2019\u00e9taient pas au rendez-vous. \u00bb<br \/>\n\u00ab Le Pr. Salomon a \u00e9t\u00e9 au cabinet de Marisol Touraine (\u2026). En 2016, il a aussi \u00e9crit une note \u00e0 Emmanuel Macron [alors candidat \u00e0 l\u2019\u00e9lection pr\u00e9sidentielle] pour dire qu\u2019\u00e0 ses yeux, la France n\u2019\u00e9tait pas pr\u00eate \u00e0 faire face \u00e0 une crise sanitaire. On s\u2019interroge sur ce qui a \u00e9t\u00e9 fait de cette note. \u00bb<br \/>\n\u00ab Il n\u2019est pas certain que le regroupement des agences r\u00e9gionales de sant\u00e9 ait eu un effet positif sur l\u2019exercice de leurs missions. \u00bb<br \/>\n\u00ab Il y a des questions qui se posent sur la continuation des politiques lib\u00e9rales qui ont \u00e9t\u00e9 men\u00e9es pr\u00e9c\u00e9demment. \u00bb<br \/>\n\u00ab L\u2019objectif de la commission d\u2019enqu\u00eate c\u2019est de savoir. Parce que nous ne savons pas. Sur les masques et les commandes par exemple. \u00bb<br \/>\n\u00ab On veut comprendre pourquoi une telle p\u00e9nurie qui a dur\u00e9 dans le temps et on veut aussi pouvoir tirer les le\u00e7ons pour la suite. \u00bb<br \/>\n\u00ab Cette commission d\u2019enqu\u00eate va nous conduire \u00e0 \u00e9tablir un certain nombre de responsabilit\u00e9s (\u2026). Elle aura aussi un pouvoir de transmettre \u00e0 la justice un certain nombre de choses. \u00bb<br \/>\n\u00ab La commission d\u2019enqu\u00eate a six mois pour rendre son rapport. Il va y avoir beaucoup d\u2019auditions. On va remonter dans le temps parce que les responsabilit\u00e9s n\u2019incombent pas seulement \u00e0 ce gouvernement. \u00bb<\/p>\n<p><em>\u00a0<strong>Sur la p\u00e9nurie<\/em>\u00a0<\/strong><br \/>\n\u00ab La p\u00e9nurie \u00e9tait manifeste : les masques, les tests, les sur blouses, les charlottes, les m\u00e9dicaments, les respirateurs. \u00bb<br \/>\n\u00ab Le Pr. Salomon n\u2019a pas prononc\u00e9 le mot de \u2018p\u00e9nurie\u2019. Le mot dit tout et peut-\u00eatre que le choix qui est le sien est de d\u00e9fendre la politique qui a \u00e9t\u00e9 men\u00e9e pendant la p\u00e9riode. Le discours est rod\u00e9. \u00bb<\/p>\n<p><em>\u00a0<strong>Sur la municipale \u00e0 Marseille<\/em>\u00a0<\/strong><br \/>\n\u00ab Je soutiens Mich\u00e8le Rubirola [la candidate du printemps marseillais] depuis le d\u00e9but. \u00bb<br \/>\n\u00ab Il y a un espoir dans cette ville qui s\u2019est construit. \u00bb<br \/>\n\u00ab Il y a un mouvement citoyen qui s\u2019est lev\u00e9 avec des forces de gauche et \u00e9cologistes qui ont voulu \u00eatre au rendez-vous. \u00bb<br \/>\n\u00ab On a le sentiment qu\u2019il peut se passer quelque chose \u00e0 Marseille : c\u2019est une n\u00e9cessit\u00e9 pour les marseillais. \u00bb<br \/>\n\u00ab On ne peut pas rester dans une situation o\u00f9 la seule alternative \u00e0 Emmanuel Macron, c\u2019est Marine Le Pen. C\u2019est cauchemardesque. \u00bb<div id='gallery-1' class='gallery galleryid-12368 gallery-columns-3 gallery-size-thumbnail'><figure class='gallery-item'>\n\t\t\t<div class='gallery-icon landscape'>\n\t\t\t\t<a href='https:\/\/archives.regards.fr\/wp-content\/uploads\/2020\/06\/capture_d_e_cran_2020-06-17_a_13-08c.32.45.png'><img loading=\"lazy\" decoding=\"async\" width=\"150\" height=\"150\" src=\"https:\/\/archives.regards.fr\/wp-content\/uploads\/2020\/06\/capture_d_e_cran_2020-06-17_a_13-08c.32.45-150x150.png\" class=\"attachment-thumbnail size-thumbnail\" alt=\"capture_d_e_cran_2020-06-17_a_13.32.45.png\" \/><\/a>\n\t\t\t<\/div><\/figure>\n\t\t<\/div>\n<\/p>\n","protected":false},"excerpt":{"rendered":"<p>Hier, la commission d\u2019enqu\u00eate parlementaire sur la gestion du Covid-19 lan\u00e7ait ses travaux avec pour premi\u00e8re audition celle du Pr. Salomon, directeur g\u00e9n\u00e9ral de la sant\u00e9. Le d\u00e9put\u00e9 communiste Pierre Dharr\u00e9ville, membre de cette commission, est l\u2019invit\u00e9 de #LaMidinale.<\/p>\n","protected":false},"author":1204,"featured_media":29477,"comment_status":"open","ping_status":"open","sticky":false,"template":"","format":"standard","meta":{"_themeisle_gutenberg_block_has_review":false,"footnotes":""},"categories":[238],"tags":[293],"class_list":["post-12368","post","type-post","status-publish","format-standard","has-post-thumbnail","hentry","category-la-midinale","tag-entretien"],"_links":{"self":[{"href":"https:\/\/archives.regards.fr\/index.php?rest_route=\/wp\/v2\/posts\/12368","targetHints":{"allow":["GET"]}}],"collection":[{"href":"https:\/\/archives.regards.fr\/index.php?rest_route=\/wp\/v2\/posts"}],"about":[{"href":"https:\/\/archives.regards.fr\/index.php?rest_route=\/wp\/v2\/types\/post"}],"author":[{"embeddable":true,"href":"https:\/\/archives.regards.fr\/index.php?rest_route=\/wp\/v2\/users\/1204"}],"replies":[{"embeddable":true,"href":"https:\/\/archives.regards.fr\/index.php?rest_route=%2Fwp%2Fv2%2Fcomments&post=12368"}],"version-history":[{"count":0,"href":"https:\/\/archives.regards.fr\/index.php?rest_route=\/wp\/v2\/posts\/12368\/revisions"}],"wp:featuredmedia":[{"embeddable":true,"href":"https:\/\/archives.regards.fr\/index.php?rest_route=\/wp\/v2\/media\/29477"}],"wp:attachment":[{"href":"https:\/\/archives.regards.fr\/index.php?rest_route=%2Fwp%2Fv2%2Fmedia&parent=12368"}],"wp:term":[{"taxonomy":"category","embeddable":true,"href":"https:\/\/archives.regards.fr\/index.php?rest_route=%2Fwp%2Fv2%2Fcategories&post=12368"},{"taxonomy":"post_tag","embeddable":true,"href":"https:\/\/archives.regards.fr\/index.php?rest_route=%2Fwp%2Fv2%2Ftags&post=12368"}],"curies":[{"name":"wp","href":"https:\/\/api.w.org\/{rel}","templated":true}]}}