{"id":12364,"date":"2020-06-16T12:16:41","date_gmt":"2020-06-16T10:16:41","guid":{"rendered":"https:\/\/wp.muchomaas.com\/article-sabrina-ali-benali-la-sante-des-gens-ne-peut-etre-prise-en-otage-pour-des\/"},"modified":"2023-06-23T23:59:33","modified_gmt":"2023-06-23T21:59:33","slug":"article-sabrina-ali-benali-la-sante-des-gens-ne-peut-etre-prise-en-otage-pour-des","status":"publish","type":"post","link":"https:\/\/archives.regards.fr\/?p=12364","title":{"rendered":"Sabrina Ali Benali : \u00ab La sant\u00e9 des gens ne peut \u00eatre prise en otage pour des histoires de profits \u00bb"},"content":{"rendered":"<p class=\"post_excerpt\">Des fen\u00eatres o\u00f9 les Fran\u00e7ais ont applaudi chaque soir de leur confinement \u00e0 la mobilisation de rue, il n&#8217;y a qu&#8217;un pas ? Aujourd&#8217;hui, partout en France, les soignants manifestent. Sabrina Ali Benali, m\u00e9decin aux urgences m\u00e9dicales de Paris, auteur de &#8220;La r\u00e9volte d&#8217;une interne &#8211; Sant\u00e9, h\u00f4pital : \u00e9tat d&#8217;urgence&#8221; (Le Cherche Midi), est l&#8217;invit\u00e9e de #LaMidinale.<\/p>\n<h2><strong><em>UNE MIDINALE \u00c0 VOIR&#8230;<\/h2>\n<p><iframe loading=\"lazy\" width=\"490\" height=\"276\" src=\"https:\/\/www.youtube.com\/embed\/EwUAYjECUWM\" frameborder=\"0\" allow=\"accelerometer; autoplay; encrypted-media; gyroscope; picture-in-picture\" allowfullscreen><\/iframe><\/p>\n<p>&nbsp;<\/p>\n<p><h2>ET \u00c0 LIRE&#8230;<\/h2>\n<p><\/strong><\/em><br \/>\n<em>\u00a0<strong>Sur l\u2019h\u00f4pital public pendant la crise<\/em>\u00a0<\/strong><br \/>\n\u00ab Pendant la crise, l\u2019h\u00f4pital public n\u2019a pas tenu bon. \u00bb<br \/>\n\u00ab Quand j\u2019ai \u00e9crit mon livre, il y a deux ans, on avait d\u00e9j\u00e0 la sensation qu\u2019il y avait une urgence. \u00bb<br \/>\n\u00ab Ce qui a tenu, c\u2019est d\u2019arriver \u00e0 s\u2019occuper d\u2019un maximum de patients Covid-19 en oubliant tout le reste. Et en envoyant des patients dans d\u2019autres pays. \u00bb<br \/>\n\u00ab On aurait pu sauver des vies. On aurait pu \u00e9viter des morts. \u00bb<\/p>\n<p><em>\u00a0<strong>Sur la possibilit\u00e9 d\u2019une nouvelle vague<\/em>\u00a0<\/strong><br \/>\n\u00ab On fera tout le temps notre travail. C\u2019est notre travail et c\u2019est d\u2019ailleurs pour \u00e7a qu\u2019on dit qu\u2019on n\u2019est pas des h\u00e9ros et qu\u2019on n\u2019a pas besoin de m\u00e9dailles. \u00bb<br \/>\n\u00ab On fait notre travail tous les jours avec des moyens insuffisants. \u00bb<br \/>\n\u00ab Selon que vous \u00eates dans le XVIe ou le XIXe arrondissement de Paris, vous n\u2019avez pas la m\u00eame chance de survie \u00e0 un infarctus. \u00bb<\/p>\n<p><em>\u00a0<strong>Sur la commission d\u2019enqu\u00eate parlementaire <\/em>\u00a0<\/strong><br \/>\n\u00ab J\u2019ai vraiment perdu toute confiance dans nos dirigeants. \u00bb<br \/>\n\u00ab Je croyais qu\u2019il y avait des limites qu\u2019ils ne franchiraient pas : nous laisser aller \u00e0 l\u2019h\u00f4pital sans \u00e9quipement tout en racontant qu\u2019on recevait des \u00e9quipements. M\u00eame avec eux, j\u2019imaginais que des camions militaires allaient arriver avec des cartons de masques. \u00bb<br \/>\n\u00ab Pour \u00eatre honn\u00eate, je n\u2019attends plus rien de ces gens-l\u00e0. \u00bb<br \/>\n\u00ab La seule chose que je veux, c\u2019est qu\u2019ils s\u2019en aillent. \u00bb<br \/>\n\u00ab Dans les Ehpad, on ne s\u2019est donn\u00e9 aucun moyen d\u2019\u00eatre humains. \u00bb<br \/>\n\u00ab Ce n\u2019est pas de la m\u00e9diocrit\u00e9 parce qu\u2019ils ne sont pas m\u00e9diocres avec tout le monde. C\u2019est du m\u00e9pris. Leurs seuls copains, c\u2019est le monde des riches, le monde de l\u2019argent et de la finance, le monde de cette caste qui marche sur tous les autres. \u00bb<\/p>\n<p><em>\u00a0<strong>Sur la manifestation des soignants <\/em>\u00a0<\/strong><br \/>\n\u00ab La seule raison pour laquelle je vais aller dans la rue cette apr\u00e8s midi c\u2019est pour leur dire qu\u2019on ne les l\u00e2chera pas d\u2019une semelle, jusqu\u2019\u00e0 ce qu\u2019ils d\u00e9gagent. \u00bb<br \/>\n\u00ab Il va y avoir beaucoup de monde. \u00bb<br \/>\n\u00ab Il y a beaucoup d\u2019appels \u00e0 mettre des draps blancs aux fen\u00eatres pour ceux qui ne pourraient pas venir manifester. \u00bb<br \/>\n\u00ab Des gens sont dans une position de sid\u00e9ration avec tout ce qui leur tombe dessus : les profs apprennent qu\u2019ils ne foutent rien. Les r\u00e9formes continuent d\u2019arriver. C\u2019est comme si on prenait une baffe chaque jour. \u00bb<br \/>\n\u00ab Je comprends que les gens n\u2019aient pas l\u2019\u00e9nergie d\u2019aller d\u00e9fendre les soignants avec tout ce qui leur tombe dessus. \u00bb<br \/>\n\u00ab On doit r\u00e9ussir \u00e0 coordonner l\u2019ensemble des col\u00e8res. \u00bb<\/p>\n<p><em>\u00a0<strong>Sur le d\u00e9placement d\u2019Emmanuel Macron sur un site de production de Sanofi<\/em>\u00a0<\/strong><br \/>\n\u00ab J\u2019avais soutenu, \u00e0 l\u2019\u00e9poque de la pr\u00e9sidentielle, le programme sant\u00e9 de l\u2019Avenir en commun qui pr\u00e9voyait la cr\u00e9ation d\u2019un pole public du m\u00e9dicament et on a bien compris l\u2019int\u00e9r\u00eat de cette mesure dans la p\u00e9riode. \u00bb<br \/>\n\u00ab On manquait d\u2019une soixantaine de mol\u00e9cules : on manquait d\u2019anticanc\u00e9reux, d\u2019anti-diab\u00e9tiques. On a aussi manqu\u00e9 de cortico\u00efdes. \u00bb<br \/>\n\u00ab Il y a certains secteurs &#8211; notamment celui du m\u00e9dicament -, o\u00f9 il apparait essentiel d\u2019\u00eatre ind\u00e9pendant. \u00bb<br \/>\n\u00ab La sant\u00e9 n\u2019est pas une marchandise. La sant\u00e9 n\u2019est pas un pull H&#038;M. La sant\u00e9 des gens ne peut pas \u00eatre prise en otage sur des profits. \u00bb<div id='gallery-1' class='gallery galleryid-12364 gallery-columns-3 gallery-size-thumbnail'><figure class='gallery-item'>\n\t\t\t<div class='gallery-icon landscape'>\n\t\t\t\t<a href='https:\/\/archives.regards.fr\/wp-content\/uploads\/2020\/06\/capture_d_e_cran_2020-06-16_a_12-3e3.04.04.png'><img loading=\"lazy\" decoding=\"async\" width=\"150\" height=\"150\" src=\"https:\/\/archives.regards.fr\/wp-content\/uploads\/2020\/06\/capture_d_e_cran_2020-06-16_a_12-3e3.04.04-150x150.png\" class=\"attachment-thumbnail size-thumbnail\" alt=\"capture_d_e_cran_2020-06-16_a_12.04.04.png\" \/><\/a>\n\t\t\t<\/div><\/figure>\n\t\t<\/div>\n<\/p>\n","protected":false},"excerpt":{"rendered":"<p>Des fen\u00eatres o\u00f9 les Fran\u00e7ais ont applaudi chaque soir de leur confinement \u00e0 la mobilisation de rue, il n&#8217;y a qu&#8217;un pas ? Aujourd&#8217;hui, partout en France, les soignants manifestent. Sabrina Ali Benali, m\u00e9decin aux urgences m\u00e9dicales de Paris, auteur de &#8220;La r\u00e9volte d&#8217;une interne &#8211; Sant\u00e9, h\u00f4pital : \u00e9tat d&#8217;urgence&#8221; (Le Cherche Midi), est l&#8217;invit\u00e9e de #LaMidinale.<\/p>\n","protected":false},"author":1204,"featured_media":29465,"comment_status":"open","ping_status":"open","sticky":false,"template":"","format":"standard","meta":{"_themeisle_gutenberg_block_has_review":false,"footnotes":""},"categories":[238],"tags":[293],"class_list":["post-12364","post","type-post","status-publish","format-standard","has-post-thumbnail","hentry","category-la-midinale","tag-entretien"],"_links":{"self":[{"href":"https:\/\/archives.regards.fr\/index.php?rest_route=\/wp\/v2\/posts\/12364","targetHints":{"allow":["GET"]}}],"collection":[{"href":"https:\/\/archives.regards.fr\/index.php?rest_route=\/wp\/v2\/posts"}],"about":[{"href":"https:\/\/archives.regards.fr\/index.php?rest_route=\/wp\/v2\/types\/post"}],"author":[{"embeddable":true,"href":"https:\/\/archives.regards.fr\/index.php?rest_route=\/wp\/v2\/users\/1204"}],"replies":[{"embeddable":true,"href":"https:\/\/archives.regards.fr\/index.php?rest_route=%2Fwp%2Fv2%2Fcomments&post=12364"}],"version-history":[{"count":0,"href":"https:\/\/archives.regards.fr\/index.php?rest_route=\/wp\/v2\/posts\/12364\/revisions"}],"wp:featuredmedia":[{"embeddable":true,"href":"https:\/\/archives.regards.fr\/index.php?rest_route=\/wp\/v2\/media\/29465"}],"wp:attachment":[{"href":"https:\/\/archives.regards.fr\/index.php?rest_route=%2Fwp%2Fv2%2Fmedia&parent=12364"}],"wp:term":[{"taxonomy":"category","embeddable":true,"href":"https:\/\/archives.regards.fr\/index.php?rest_route=%2Fwp%2Fv2%2Fcategories&post=12364"},{"taxonomy":"post_tag","embeddable":true,"href":"https:\/\/archives.regards.fr\/index.php?rest_route=%2Fwp%2Fv2%2Ftags&post=12364"}],"curies":[{"name":"wp","href":"https:\/\/api.w.org\/{rel}","templated":true}]}}