{"id":12355,"date":"2020-06-12T11:12:31","date_gmt":"2020-06-12T09:12:31","guid":{"rendered":"https:\/\/wp.muchomaas.com\/article-mathieu-magnaudeix-trump-veut-faire-de-la-presidentielle-un-referendum-contre-l\/"},"modified":"2023-06-23T23:59:04","modified_gmt":"2023-06-23T21:59:04","slug":"article-mathieu-magnaudeix-trump-veut-faire-de-la-presidentielle-un-referendum-contre-l","status":"publish","type":"post","link":"https:\/\/archives.regards.fr\/?p=12355","title":{"rendered":"Mathieu Magnaudeix : \u00ab Trump veut faire de la pr\u00e9sidentielle un r\u00e9f\u00e9rendum contre l\u2019Am\u00e9rique qui manifeste \u00bb"},"content":{"rendered":"<p class=\"post_excerpt\">Crise sanitaire, \u00e9conomique et sociale : vers un tournant politique aux Etats-Unis ? Mathieu Magnaudeix, correspondant de Mediapart aux Etats-Unis, auteur de \u00ab G\u00e9n\u00e9ration Ocasio-Cortez : les nouveaux activistes am\u00e9ricains \u00bb (Editions La D\u00e9couverte) est l\u2019invit\u00e9 de #LaMidinale.<\/p>\n<h2><strong><em>UNE MIDINALE \u00c0 VOIR&#8230;<\/h2>\n<p><iframe loading=\"lazy\" width=\"490\" height=\"276\" src=\"https:\/\/www.youtube.com\/embed\/Cr1kmA5Dt8Q\" frameborder=\"0\" allow=\"accelerometer; autoplay; encrypted-media; gyroscope; picture-in-picture\" allowfullscreen><\/iframe><\/p>\n<p>&nbsp;<\/p>\n<p><h2>ET \u00c0 LIRE&#8230;<\/h2>\n<p><\/strong><\/em><br \/>\n<em>\u00a0<strong>Sur les \u00e9lections aux Etats-Unis <\/em>\u00a0<\/strong><br \/>\n\u00ab Cette campagne am\u00e9ricaine se d\u00e9roule dans des conditions vraiment exceptionnelles : on a eu la pand\u00e9mie qui a mis le pays \u00e0 l\u2019arr\u00eat et d\u00e9clench\u00e9 une crise \u00e9conomique historique depuis la Grande d\u00e9pression. \u00bb<br \/>\n\u00ab Apr\u00e8s crise pand\u00e9mique, vient s\u2019ajouter ce mouvement antiraciste qui, pour beaucoup de gens, est d\u2019ampleur quasi \u00e9gale voire sup\u00e9rieure au moment du mouvement des civil rights dans les ann\u00e9es 50 et 60. \u00bb<br \/>\n\u00ab Ce qui est notable, c\u2019est que ces mobilisations s\u2019ancrent dans le temps et concernent l\u2019Am\u00e9rique tout enti\u00e8re : des banlieues jusqu\u2019aux bastions de la droite am\u00e9ricaine. \u00bb<br \/>\n\u00ab Aujourd\u2019hui, on voit des coalitions plus larges qu\u2019\u00e0 l\u2019\u00e9poque des Black Lives Matter qui se forment, avec des gens qui sont blancs mais aussi une coalition g\u00e9n\u00e9rationnelle de gens qui finalement protestent tous ensemble contre les violences polici\u00e8res et le racisme syst\u00e9mique. Ils se mobilisent aussi contre le poids \u00e9norme des budgets des polices municipales qui d\u00e9savantagent les investissements publics. Dans certaines villes, les budgets de la police d\u00e9passent les 40% voire les 50%. \u00bb<\/p>\n<p><em>\u00a0<strong>Sur l\u2019\u00e9lectorat de Trump<\/em>\u00a0<\/strong><br \/>\n\u00ab Trump conforte sa base \u00e9lectorale principale. \u00bb<br \/>\n\u00ab Son langage de la loi et l\u2019ordre est compl\u00e8tement r\u00e9activ\u00e9 avec l\u2019appel \u00e0 l\u2019arm\u00e9e, la volont\u00e9 d\u2019emp\u00eacher le chaos. \u00bb<br \/>\n\u00ab Trump est largement d\u00e9pass\u00e9, comme en t\u00e9moigne cette image symbolique de la Maison Blanche encercl\u00e9e par un mur. Trump a cherch\u00e9 \u00e0 construire un mur pendant tout son mandat \u00e0 la fronti\u00e8re mexicaine et il l\u2019a autour de la Maison Blanche, avec un mur couvert de pancartes. Les manifestants ont pris la ville de Washington. \u00bb<\/p>\n<p><em>\u00a0<strong>Sur le ch\u00f4mage aux Etats-Unis<\/em>\u00a0<\/strong><br \/>\n\u00ab Il y a des incertitudes sur les chiffres de l\u2019emploi aux Etats-Unis. Beaucoup de personnes n\u2019ont pas demand\u00e9 leurs indemnit\u00e9s &#8211; les services de ch\u00f4mage ont \u00e9t\u00e9 d\u00e9bord\u00e9s. \u00bb<br \/>\n\u00ab Le service public de l\u2019emploi aux Etats-Unis est victime d\u2019une aust\u00e9rit\u00e9 massive. Il y a une d\u00e9sorganisation totale des services de l\u2019emploi aux Etats-Unis. \u00bb<\/p>\n<p><em>\u00a0<strong>Sur le duel Biden\/Trump<\/em>\u00a0<\/strong><br \/>\n\u00ab Donald Trump veut continuer \u00e0 cliver et jouer sur les divisions raciales et sociales de la soci\u00e9t\u00e9 am\u00e9ricaine pour s\u2019imposer comme le candidat de la loi et l\u2019ordre. \u00bb<br \/>\n\u00ab Pour Trump, les bons citoyens am\u00e9ricains sont blancs et r\u00e9publicains. Il veut faire de cette \u00e9lection un r\u00e9f\u00e9rendum contre cette Am\u00e9rique qui manifeste. \u00bb<br \/>\n\u00ab Pour Joe Biden, l\u2019enjeu est d\u2019arriver \u00e0 incarner et d\u2019\u00eatre le v\u00e9hicule des oppositions multiples \u00e0 Trump &#8211; jusqu\u2019aux R\u00e9publicains centristes, qui sont rares, mais qui sont \u00e9c\u0153ur\u00e9s par Trump. \u00bb<\/p>\n<p><em>\u00a0<strong>Sur la mobilisation et le vote des minorit\u00e9s<\/em>\u00a0<\/strong><br \/>\n\u00ab Dans la campagne d\u2019avant le Covid-19, il y avait un aspect g\u00e9n\u00e9rationnel extr\u00eamement fort avec de nombreux jeunes qui avaient vot\u00e9 Sanders et des vieux qui avaient majoritairement vot\u00e9 Biden. \u00c7a se retrouvait aussi dans le vote des minorit\u00e9s : beaucoup d\u2019\u00e9lecteurs noirs \u00e2g\u00e9s avaient massivement vot\u00e9 pour Joe Biden. \u00bb<br \/>\n\u00ab Les minorit\u00e9s ne sont pas des \u00e9l\u00e9ments de bloc, ils sont extr\u00eamement divers. \u00bb<br \/>\n\u00ab Joe Biden a particip\u00e9 \u00e0 cr\u00e9\u00e9 cette loi qui aujourd\u2019hui est \u00e9norm\u00e9ment d\u2019actualit\u00e9 dans les mobilisations qui est la fameuse loi dite \u00ab Crime Bill \u00bb qui a massivement incarc\u00e9r\u00e9 et criminalis\u00e9 les noirs. Joe Biden doit faire amende honorable par rapport \u00e0 cette histoire. \u00bb<\/p>\n<p><em>\u00a0<strong>Sur ce qu\u2019incarne Alexandria Ocasio-Cortez aux Etats-Unis<\/em>\u00a0<\/strong><br \/>\n\u00ab Elle est la traduction en politique d\u2019une nouvelle g\u00e9n\u00e9ration qui a connu toutes les crises \u00e9conomiques, financi\u00e8res, industrielles, climatiques. \u00bb<br \/>\n\u00ab Elle est le nouveau visage, apr\u00e8s Bernie Sanders de la nouvelle gauche am\u00e9ricaine. \u00bb<br \/>\n\u00ab Elle est \u00e9lue d\u2019une circonscription, du Bronx et du Queens, qui est d\u00e9j\u00e0 acquise aux D\u00e9mocrates. Son \u00e9lectorat est un m\u00e9lange de populations tr\u00e8s populaires et de classes moyennes blanches qui sont arriv\u00e9es dans le Queens apr\u00e8s avoir \u00e9t\u00e9 pouss\u00e9es de Manhattan ou Brooklyn parce que les loyers sont trop importants. \u00bb<\/p>\n<p><em>\u00a0<strong>Sur le succ\u00e8s d\u2019Alexandria Ocasio-Cortez <\/em>\u00a0<\/strong><br \/>\n\u00ab Elle a un art de parler des probl\u00e8mes concrets que ressentent les gens. Elle arrive \u00e0 formuler simplement ce que les gens vivent dans leur exp\u00e9rience quotidienne. \u00bb<br \/>\n\u00ab Elle-m\u00eame a des dettes : elle continue \u00e0 payer ses dettes \u00e9tudiantes. \u00bb<br \/>\n\u00ab Elle a un art oratoire, un art de convictions. \u00bb<br \/>\n\u00ab Sa vraie force est d\u2019\u00eatre connect\u00e9e avec les messages des mouvements les plus actifs aujourd\u2019hui aux Etats-Unis. Elle est dans une d\u00e9marche inclusive. \u00bb<br \/>\n\u00ab La soci\u00e9t\u00e9 civile est tr\u00e8s organis\u00e9e aux Etats-Unis mais \u00e7a ne veut pas dire qu\u2019elle est forc\u00e9ment plus \u00e9cout\u00e9e. L\u2019id\u00e9e d\u2019AOC est de dire qu\u2019il faut construire du pouvoir \u2018ensemble\u2019. \u00c7a se base sur une tradition qui est celle de l\u2019organizing qui est cette id\u00e9e toute simple n\u00e9e dans les 30\u2019s \u00e0 Chicago qui est de dire : si on met les gens ensemble, dans un quartier ou une ville, concern\u00e9s par un m\u00eame probl\u00e8me, qu\u2019on les fait se rencontrer pour \u00e9changer alors ensemble ils peuvent cr\u00e9er des liens amicaux et de proximit\u00e9 et ainsi d\u00e9velopper des campagnes, des tactiques et des strat\u00e9gies d\u2019organisations pour remplir des buts pr\u00e9cis. Cette notion du \u2018but pr\u00e9cis\u2019 est tr\u00e8s importante parce qu\u2019elle permet de cibler des acteurs pr\u00e9cis. \u00bb<\/p>\n<p><em>\u00a0<strong>Sur l\u2019h\u00e9ritage politique d\u2019AOC<\/em>\u00a0<\/strong><br \/>\n\u00ab Elle refait beaucoup d\u2019\u00e9ducation populaire sur les mouvements sociaux, les combats et les luttes ant\u00e9rieures. \u00bb<br \/>\n\u00ab Elle dit qu\u2019elle est populiste mais sur la base d\u2019une d\u00e9finition basique : d\u00e9fendre les int\u00e9r\u00eat du peuple. \u00bb<br \/>\n\u00ab Chantal Mouffe qui est la th\u00e9oricienne du populisme de gauche a dit que la d\u00e9marche d\u2019AOC \u00e9tait assez proche de la sienne : peut-\u00eatre que dans quelques ann\u00e9es, on va d\u00e9couvrir que l\u2019endroit o\u00f9 va \u00e9merger un populisme de gauche, \u00e7a sera l\u2019endroit le plus improbable : les Etats-Unis. \u00bb<\/p>\n<p><em>\u00a0<strong>Sur le r\u00f4le d\u2019AOC dans la campagne de Biden<\/em>\u00a0<\/strong><br \/>\n\u00ab Bernie Sanders a soutenu Joe Biden. \u00bb<br \/>\n\u00ab Il y a eu des \u00e9quipes de travail entre les \u00e9quipes de Biden et Sanders et actuellement la r\u00e9flexion sur le climat au sein de l\u2019\u00e9quipe de Joe Biden est pr\u00e9sid\u00e9e par Alexandria Ocasio-Cortez pour l\u2019aile gauche du parti d\u00e9mocrate &#8211; l\u2019avocate de Green New Deal &#8211; et John Kerry, l\u2019ancien secr\u00e9taire d\u2019Etat sous Barack Obama qui est un d\u00e9mocrate bon teint, tr\u00e8s centriste. \u00bb<\/p>\n<p><em>\u00a0<strong>Sur l\u2019hypoth\u00e8se d\u2019une victoire de Biden \u00e0 la pr\u00e9sidentielle<\/em>\u00a0<\/strong><br \/>\n\u00ab Pour ceux qui font de l\u2019activisme au quotidien, la situation peut pr\u00e9senter un int\u00e9r\u00eat. \u00bb<br \/>\n\u00ab Les deux campagnes de Sanders ont sem\u00e9 beaucoup de graines et \u00e9duqu\u00e9 une grande partie du pays \u00e0 de nouvelles id\u00e9es. Ils pourront exercer un rapport de force dans une administration Biden &#8211; s\u2019il devait \u00eatre \u00e9lu. \u00bb<br \/>\n\u00ab Certains \u00e0 gauche du parti d\u00e9mocrate et peut-\u00eatre m\u00eame AOC elle-m\u00eame, seront peut-\u00eatre appel\u00e9s pour faire partie de cette administration Biden. \u00bb<br \/>\n\u00ab AOC th\u00e9orise tr\u00e8s bien cette esp\u00e8ce de pression interne et externe : on est \u00e0 l\u2019ext\u00e9rieur et on fait pression \u00e0 l\u2019ext\u00e9rieur du syst\u00e8me politique mais il ne faut pas rechigner sur les campagnes \u00e9lectorales et il faut au contraire essayer de faire changer la barre politique au sein du parti d\u00e9mocrate. \u00bb<div id='gallery-1' class='gallery galleryid-12355 gallery-columns-3 gallery-size-thumbnail'><figure class='gallery-item'>\n\t\t\t<div class='gallery-icon landscape'>\n\t\t\t\t<a href='https:\/\/archives.regards.fr\/wp-content\/uploads\/2020\/06\/capture_d_e_cran_2020-06-12_a_11-d81.08.36.png'><img loading=\"lazy\" decoding=\"async\" width=\"150\" height=\"150\" src=\"https:\/\/archives.regards.fr\/wp-content\/uploads\/2020\/06\/capture_d_e_cran_2020-06-12_a_11-d81.08.36-150x150.png\" class=\"attachment-thumbnail size-thumbnail\" alt=\"capture_d_e_cran_2020-06-12_a_11.08.36.png\" \/><\/a>\n\t\t\t<\/div><\/figure>\n\t\t<\/div>\n<\/p>\n","protected":false},"excerpt":{"rendered":"<p>Crise sanitaire, \u00e9conomique et sociale : vers un tournant politique aux Etats-Unis ? Mathieu Magnaudeix, correspondant de Mediapart aux Etats-Unis, auteur de \u00ab G\u00e9n\u00e9ration Ocasio-Cortez : les nouveaux activistes am\u00e9ricains \u00bb (Editions La D\u00e9couverte) est l\u2019invit\u00e9 de #LaMidinale.<\/p>\n","protected":false},"author":1039,"featured_media":29425,"comment_status":"open","ping_status":"open","sticky":false,"template":"","format":"standard","meta":{"_themeisle_gutenberg_block_has_review":false,"footnotes":""},"categories":[238],"tags":[293],"class_list":["post-12355","post","type-post","status-publish","format-standard","has-post-thumbnail","hentry","category-la-midinale","tag-entretien"],"_links":{"self":[{"href":"https:\/\/archives.regards.fr\/index.php?rest_route=\/wp\/v2\/posts\/12355","targetHints":{"allow":["GET"]}}],"collection":[{"href":"https:\/\/archives.regards.fr\/index.php?rest_route=\/wp\/v2\/posts"}],"about":[{"href":"https:\/\/archives.regards.fr\/index.php?rest_route=\/wp\/v2\/types\/post"}],"author":[{"embeddable":true,"href":"https:\/\/archives.regards.fr\/index.php?rest_route=\/wp\/v2\/users\/1039"}],"replies":[{"embeddable":true,"href":"https:\/\/archives.regards.fr\/index.php?rest_route=%2Fwp%2Fv2%2Fcomments&post=12355"}],"version-history":[{"count":0,"href":"https:\/\/archives.regards.fr\/index.php?rest_route=\/wp\/v2\/posts\/12355\/revisions"}],"wp:featuredmedia":[{"embeddable":true,"href":"https:\/\/archives.regards.fr\/index.php?rest_route=\/wp\/v2\/media\/29425"}],"wp:attachment":[{"href":"https:\/\/archives.regards.fr\/index.php?rest_route=%2Fwp%2Fv2%2Fmedia&parent=12355"}],"wp:term":[{"taxonomy":"category","embeddable":true,"href":"https:\/\/archives.regards.fr\/index.php?rest_route=%2Fwp%2Fv2%2Fcategories&post=12355"},{"taxonomy":"post_tag","embeddable":true,"href":"https:\/\/archives.regards.fr\/index.php?rest_route=%2Fwp%2Fv2%2Ftags&post=12355"}],"curies":[{"name":"wp","href":"https:\/\/api.w.org\/{rel}","templated":true}]}}