{"id":12340,"date":"2020-06-04T20:57:21","date_gmt":"2020-06-04T18:57:21","guid":{"rendered":"https:\/\/wp.muchomaas.com\/article-covid-19-on-est-en-train-d-abimer-nos-enfants-pour-une-menace-qui-n-est-plus\/"},"modified":"2023-06-23T23:58:42","modified_gmt":"2023-06-23T21:58:42","slug":"article-covid-19-on-est-en-train-d-abimer-nos-enfants-pour-une-menace-qui-n-est-plus","status":"publish","type":"post","link":"https:\/\/archives.regards.fr\/?p=12340","title":{"rendered":"Covid-19 : \u00ab\u00a0On est en train d\u2019abimer nos enfants pour une menace qui n\u2019est plus pr\u00e9sente\u00a0\u00bb"},"content":{"rendered":"<p class=\"post_excerpt\">Les recommandations sanitaires vont-elles trop loin ? Quelles cons\u00e9quences sur les jeunes g\u00e9n\u00e9rations et les enfants ? Va-t-on vers une soci\u00e9t\u00e9 de la suspicion et de la peur permanentes ? En faisons-nous trop ? Catherine Tricot, directrice des \u00e9ditions Regards, \u00e9ditorialiste \u00e0 BFMTV, est l\u2019invit\u00e9e de #LaMidinale.<\/p>\n<h2><strong><em>UNE MIDINALE \u00c0 VOIR&#8230;<\/h2>\n<p><iframe loading=\"lazy\" width=\"490\" height=\"276\" src=\"https:\/\/www.youtube.com\/embed\/87V36A04_aU\" frameborder=\"0\" allow=\"accelerometer; autoplay; encrypted-media; gyroscope; picture-in-picture\" allowfullscreen><\/iframe><\/p>\n<p>&nbsp;<\/p>\n<p><h2>ET \u00c0 LIRE&#8230;<\/h2>\n<p><\/strong><\/em><br \/>\n<em>\u00a0<strong>Sur la gestion de la crise sanitaire<\/em>\u00a0<\/strong><br \/>\n\u00ab On ne g\u00e8re pas de mani\u00e8re rationnelle la crise. \u00bb<br \/>\n\u00ab On a mis beaucoup de temps \u00e0 r\u00e9agir et on a mal r\u00e9agit. \u00bb<br \/>\n\u00ab On a eu tr\u00e8s peur car on n\u2019a pas su g\u00e9rer la crise. \u00bb<br \/>\n\u00ab On est en train de sortir de la pand\u00e9mie et il semble y avoir un consensus m\u00e9dical l\u00e0-dessus. \u00bb<br \/>\n\u00ab Si la pand\u00e9mie revient, on se sera d\u00e9cr\u00e9dibilis\u00e9. \u00bb<br \/>\n\u00ab Il faut proportionner ce que l\u2019on demande aux gens \u00e0 la r\u00e9alit\u00e9 du danger et de la menace. \u00bb<br \/>\n\u00ab Il faut proportionner nos gestes \u00e0 la situation actuelle. Sans \u00e7a, on n\u2019est pas capable de faire adh\u00e9rer la population \u00e0 des gestes massifs. \u00bb<\/p>\n<p><em>\u00a0<strong>Sur les cons\u00e9quences des recommandations sanitaires <\/em>\u00a0<\/strong><br \/>\n\u00ab Le fait que, par exemple, on interdise dans les parcs les jeux pour les enfants me d\u00e9range beaucoup. Les enfants, quand ils sont petits, ont besoin d\u2019apprendre \u00e0 contr\u00f4ler leur corps, l\u2019espace ; ils ont besoin d\u2019apprendre l\u2019\u00e9quilibre et ils ont besoin de jouer. D\u2019\u00eatre en contact. \u00bb<br \/>\n\u00ab On est en train de faire souffrir et d\u2019abimer nos enfants pour une menace qui n\u2019est plus pr\u00e9sente. \u00bb<br \/>\n\u00ab La Seine-Saint-Denis, c\u2019est aussi tr\u00e8s peu d\u2019\u00e9coles ouvertes et tr\u00e8s peu d\u2019enfants dans ces \u00e9coles ouvertes. \u00bb<br \/>\n\u00ab La Seine-Saint-Denis est le d\u00e9partement qui scolarise le moins ses enfants. \u00bb<br \/>\n\u00ab L\u2019\u00e9cole doit redevenir obligatoire et g\u00e9n\u00e9rale pour tout le monde. \u00bb<br \/>\n\u00ab On nous installe dans un climat de peur et d\u2019inqui\u00e9tude qui annihile nos libert\u00e9s. \u00bb<br \/>\n\u00ab Il faut tester ! On nous avait promis 100.000 tests par jour et on est tr\u00e8s loin du compte. Pour r\u00e9tablir la confiance, c\u2019est pourtant une n\u00e9cessit\u00e9. \u00bb<\/p>\n<p><em>\u00a0<strong>Sur les scientifiques et le Pr. Raoult<\/em>\u00a0<\/strong><br \/>\n\u00ab Une chose est de dire que la pand\u00e9mie est arr\u00eat\u00e9e, une autre est de dire qu\u2019il faut rester vigilant. \u00bb<br \/>\n\u00ab Si \u00eatre vigilant, c\u2019est dire qu\u2019on ne put pas se marier, faire la f\u00eate, manifester, faire de la balan\u00e7oire, aller \u00e0 l\u2019\u00e9cole ou \u00e0 la piscine : je dis basta, stop ! \u00bb<br \/>\n\u00ab Il y a une strat\u00e9gie de l\u2019hyper-prudence. \u00bb<br \/>\n\u00ab Il y a des d\u00e9bats et de la controverse au sein de la communaut\u00e9 scientifique et c\u2019est bien normal. \u00bb<br \/>\n\u00ab On est dans le d\u00e9ni de la gravit\u00e9 de cette affaire : ce n\u2019est pas que le taux de mortalit\u00e9 qui indique la gravit\u00e9 de la maladie. \u00bb<br \/>\n\u00ab Raoult est dans la rationalit\u00e9 scientifique. C\u2019est quelqu\u2019un qui a de la saveur et qui n\u2019est pas compl\u00e8tement fade. \u00bb<br \/>\n\u00ab Raoult a une fa\u00e7on d\u2019\u00eatre qui n\u2019est pas polic\u00e9e et qui fait du bien. C\u2019est quelqu\u2019un qui n\u2019est pas neutre dans sa personnalit\u00e9. \u00bb<br \/>\n\u00ab Pendant la crise, les m\u00e9decins ont retrouv\u00e9 le pouvoir \u00e0 l\u2019h\u00f4pital. \u00bb<\/p>\n<p><em>\u00a0<strong>Sur les municipales et les accords \u00e0 gauche<\/em>\u00a0<\/strong><br \/>\n\u00ab Il y a de vraies tensions entre les \u00e9cologistes et le Parti socialiste. \u00bb<br \/>\n\u00ab Dans de nombreuses villes, on s\u2019aper\u00e7oit que les objets de conflits entre socialistes et \u00e9cologistes ont port\u00e9 sur des probl\u00e8mes d\u2019urbanisme mais surtout sur l\u2019id\u00e9e du d\u00e9veloppement \u00e9conomique. \u00bb<br \/>\n\u00ab Le PS n\u2019a pas fait son aggiornamento. Il continue de voir les \u00e9l\u00e9ments du dynamisme d\u2019une soci\u00e9t\u00e9 dans la croissance \u00e9conomique, la consommation ou la densification. \u00bb<br \/>\n\u00ab Les \u00e9cologistes h\u00e9sitent beaucoup sur leur positionnement : un coup, alli\u00e9s avec les communistes et LFI et un autre, cherchant l\u2019alliance avec les socialistes. \u00bb<br \/>\n\u00ab Le plus souvent, le PCF et LFI sont ensemble. L\u00e0 o\u00f9 ils ne le sont pas, \u00e7a me parait absurde. \u00bb<br \/>\n\u00ab C\u2019est extr\u00eamement grave ce qui se passe \u00e0 St Denis. C\u2019est un symbole du PCF mais c\u2019est aussi un symbole de la banlieue parisienne. \u00bb<br \/>\n\u00ab Si Saint Denis n\u2019est plus communiste, ce camp qui se place du c\u00f4t\u00e9 de la transformation de la soci\u00e9t\u00e9 et du peuple, \u00e7a sera un \u00e9v\u00e9nement symbolique marquant. Il est d\u00e9sastreux qu\u2019il n\u2019y ait pas eu d\u2019alliance entre le PCF et LFI. \u00bb<div id='gallery-1' class='gallery galleryid-12340 gallery-columns-3 gallery-size-thumbnail'><figure class='gallery-item'>\n\t\t\t<div class='gallery-icon landscape'>\n\t\t\t\t<a href='https:\/\/archives.regards.fr\/wp-content\/uploads\/2020\/06\/capture_d_e_cran_2020-06-04_a_12-d69.48.53.png'><img loading=\"lazy\" decoding=\"async\" width=\"150\" height=\"150\" src=\"https:\/\/archives.regards.fr\/wp-content\/uploads\/2020\/06\/capture_d_e_cran_2020-06-04_a_12-d69.48.53-150x150.png\" class=\"attachment-thumbnail size-thumbnail\" alt=\"capture_d_e_cran_2020-06-04_a_12.48.53.png\" \/><\/a>\n\t\t\t<\/div><\/figure>\n\t\t<\/div>\n<\/p>\n","protected":false},"excerpt":{"rendered":"<p>Les recommandations sanitaires vont-elles trop loin ? Quelles cons\u00e9quences sur les jeunes g\u00e9n\u00e9rations et les enfants ? Va-t-on vers une soci\u00e9t\u00e9 de la suspicion et de la peur permanentes ? En faisons-nous trop ? Catherine Tricot, directrice des \u00e9ditions Regards, \u00e9ditorialiste \u00e0 BFMTV, est l\u2019invit\u00e9e de #LaMidinale.<\/p>\n","protected":false},"author":1204,"featured_media":29373,"comment_status":"open","ping_status":"open","sticky":false,"template":"","format":"standard","meta":{"_themeisle_gutenberg_block_has_review":false,"footnotes":""},"categories":[238],"tags":[293],"class_list":["post-12340","post","type-post","status-publish","format-standard","has-post-thumbnail","hentry","category-la-midinale","tag-entretien"],"_links":{"self":[{"href":"https:\/\/archives.regards.fr\/index.php?rest_route=\/wp\/v2\/posts\/12340","targetHints":{"allow":["GET"]}}],"collection":[{"href":"https:\/\/archives.regards.fr\/index.php?rest_route=\/wp\/v2\/posts"}],"about":[{"href":"https:\/\/archives.regards.fr\/index.php?rest_route=\/wp\/v2\/types\/post"}],"author":[{"embeddable":true,"href":"https:\/\/archives.regards.fr\/index.php?rest_route=\/wp\/v2\/users\/1204"}],"replies":[{"embeddable":true,"href":"https:\/\/archives.regards.fr\/index.php?rest_route=%2Fwp%2Fv2%2Fcomments&post=12340"}],"version-history":[{"count":0,"href":"https:\/\/archives.regards.fr\/index.php?rest_route=\/wp\/v2\/posts\/12340\/revisions"}],"wp:featuredmedia":[{"embeddable":true,"href":"https:\/\/archives.regards.fr\/index.php?rest_route=\/wp\/v2\/media\/29373"}],"wp:attachment":[{"href":"https:\/\/archives.regards.fr\/index.php?rest_route=%2Fwp%2Fv2%2Fmedia&parent=12340"}],"wp:term":[{"taxonomy":"category","embeddable":true,"href":"https:\/\/archives.regards.fr\/index.php?rest_route=%2Fwp%2Fv2%2Fcategories&post=12340"},{"taxonomy":"post_tag","embeddable":true,"href":"https:\/\/archives.regards.fr\/index.php?rest_route=%2Fwp%2Fv2%2Ftags&post=12340"}],"curies":[{"name":"wp","href":"https:\/\/api.w.org\/{rel}","templated":true}]}}