{"id":12327,"date":"2020-05-29T11:33:59","date_gmt":"2020-05-29T09:33:59","guid":{"rendered":"https:\/\/wp.muchomaas.com\/article-aurelie-trouve-le-gouvernement-va-vouloir-faire-taire-les-voix-sociales-qui-s\/"},"modified":"2023-06-23T23:57:45","modified_gmt":"2023-06-23T21:57:45","slug":"article-aurelie-trouve-le-gouvernement-va-vouloir-faire-taire-les-voix-sociales-qui-s","status":"publish","type":"post","link":"https:\/\/archives.regards.fr\/?p=12327","title":{"rendered":"Aur\u00e9lie Trouv\u00e9 : \u00ab\u00a0Le gouvernement va vouloir faire taire les voix sociales qui s\u2019opposent \u00e0 lui \u00bb"},"content":{"rendered":"<p class=\"post_excerpt\">Cette semaine, une trentaine d\u2019organisations parmi lesquelles Attac France, la CGT, Greenpeace, Oxfam France, l\u2019UNEF ou encore la Conf\u00e9d\u00e9ration paysanne ont lanc\u00e9 un plan de sortie de crise avec 34 propositions chiffr\u00e9es et financ\u00e9es. Aur\u00e9lie Trouv\u00e9, porte-parole d\u2019Attac France, est l\u2019invit\u00e9e de #LaMidinale.<\/p>\n<h2><strong><em>UNE MIDINALE \u00c0 VOIR&#8230;<\/h2>\n<p><iframe loading=\"lazy\" width=\"490\" height=\"276\" src=\"https:\/\/www.youtube.com\/embed\/Ay-qgBQbTXg\" frameborder=\"0\" allow=\"accelerometer; autoplay; encrypted-media; gyroscope; picture-in-picture\" allowfullscreen><\/iframe><\/p>\n<p>&nbsp;<\/p>\n<p><h2>ET \u00c0 LIRE&#8230;<\/h2>\n<p><\/strong><\/em><br \/>\n<em>\u00a0<strong>Sur la m\u00e9thode de travail entre organisations <\/em>\u00a0<\/strong><br \/>\n\u00ab La m\u00e9thode, c\u2019est d\u00e9j\u00e0 de prendre le temps : \u00e7a fait plusieurs mois qu\u2019on discute ensemble. \u00bb<br \/>\n\u00ab On est des organisations donc on respecte la d\u00e9mocratie interne. Ca veut dire qu\u2019il faut aussi prendre le temps avec nos instances. \u00bb<br \/>\n\u00ab Il y a eu beaucoup de respect et d\u2019\u00e9coute. Et des amiti\u00e9s qui se sont form\u00e9es au fur et \u00e0 mesure du temps. \u00bb<br \/>\n\u00ab On a commenc\u00e9 avant la crise avec les mouvements retraites, le mouvement climat et les gilets jaunes. Des mouvements anti-syst\u00e8me. On est parti sur des bases radicales et syst\u00e9miques. \u00bb<br \/>\n\u00ab On voulait r\u00e9pondre concr\u00e8tement au slogan fin de vie \/ fin du mois. Les pr\u00e9occupations de fin du monde et de fin du mois doivent \u00eatre abord\u00e9es ensemble. \u00bb<br \/>\n\u00ab On se bat pour un m\u00eame syst\u00e8me qui articule les exigences sociales, \u00e9cologiques et d\u00e9mocratiques. \u00bb<br \/>\n\u00ab La crise a acc\u00e9l\u00e9r\u00e9 notre d\u00e9marche. \u00bb<\/p>\n<p><em>\u00a0<strong>Sur les retours des partis politiques <\/em>\u00a0<\/strong><br \/>\n\u00ab Notre initiative est partie d\u2019une tribune qui avait \u00e9t\u00e9 soutenue par tous les partis de gauche et de l\u2019\u00e9cologie. On les a invit\u00e9s \u00e0 un dialogue avec nous. On refera une discussion au mois de juin avec eux. \u00bb<br \/>\n\u00ab L\u2019objectif, c\u2019est que les politiques se saisissent de nos propositions. \u00bb<br \/>\n\u00ab Nous aussi, on fait de la politique et on n\u2019est pas uniquement dans un r\u00f4le d\u2019interpellation. On a une l\u00e9gitimit\u00e9, avec nos expertises, \u00e0 faire des propositions en commun. D\u2019autant que nous avons \u00e9t\u00e9 capables de d\u00e9passer nos cultures et nos approches diff\u00e9rentes. \u00bb<br \/>\n\u00ab Nous tenons \u00e0 notre autonomie et notre ind\u00e9pendance\u2026 ce qui ne nous emp\u00eache pas de dialoguer de mani\u00e8re saine avec les partis politiques qui partagent nos id\u00e9es. \u00bb<\/p>\n<p><em>\u00a0<strong>Sur l\u2019h\u00f4pital public et le plan d\u2019urgence<\/em>\u00a0<\/strong><br \/>\n\u00ab Je suis s\u00fbre que la mobilisation va se poursuivre. Je pense que c\u2019est sur les h\u00f4pitaux et la sant\u00e9 pour tous que nous allons mobiliser dans les semaines et les mois \u00e0 venir. D\u2019autant que la sant\u00e9 a une dimension environnementale tr\u00e8s forte. \u00bb<br \/>\n\u00ab Parmi les causes avanc\u00e9es de cette pand\u00e9mie, la d\u00e9forestation a favoris\u00e9 le passage des virus des esp\u00e8ces animales \u00e0 l\u2019esp\u00e8ce animale. \u00bb<br \/>\n\u00ab Il faut des masques gratuits, des tests pour tous, des services aux personnes d\u00e9pendantes : nous allons appeler tous ensemble \u00e0 se mobiliser le 16 juin, en s\u2019appuyant sur les soignantes et les soignants qui sont en premi\u00e8re ligne. \u00bb<br \/>\n\u00ab Il est temps non pas d\u2019applaudir les soignants mais de les soutenir. \u00bb<br \/>\n\u00ab Le temps n\u2019est pas venu \u00e0 la coh\u00e9sion nationale ou de tracer un trait sur les responsabilit\u00e9s : au contraire, il est temps que les responsables de ce d\u00e9sastre partent. \u00bb<br \/>\n\u00ab Les responsables de ce d\u00e9sastre ne sont pas qualifi\u00e9s pour dessiner le monde d\u2019apr\u00e8s. \u00bb<\/p>\n<p><em>\u00a0<strong>Sur l\u2019Etat d\u2019urgence sanitaire <\/em>\u00a0<\/strong><br \/>\n\u00ab Ce qui pose probl\u00e8me, c\u2019est que l\u2019Etat d\u2019urgence sanitaire est prolong\u00e9 bien au-del\u00e0 de ce qu\u2019il faudrait. \u00bb<br \/>\n\u00ab Ce gouvernement ultra lib\u00e9ral est en train de poursuivre son rouleau compresseur et de fabriquer un choc ultra lib\u00e9ral beaucoup plus important qu\u2019avant en profitant de cette crise. \u00bb<br \/>\n\u00ab Le gouvernement va avoir besoin d\u2019une dimension autoritaire tr\u00e8s forte. Il va vouloir faire taire les voix sociales qui s\u2019opposent \u00e0 lui. \u00bb<\/p>\n<p><em>\u00a0<strong>Sur la proposition d\u2019une hausse des salaires<\/em>\u00a0<\/strong><br \/>\n\u00ab \u00c7a demande un vrai dialogue et une vraie prise en compte des repr\u00e9sentations de salari\u00e9s. Ce qui n\u2019a pas \u00e9t\u00e9 le cas pour les retraites. Et pas d\u2019un gouvernement qui s\u2019agenouille devant le MEDEF. \u00bb<br \/>\n\u00ab Il y a une mesure toute simple d\u2019abord : il faut augmenter le SMIC. \u00bb<br \/>\n\u00ab Il faut rehausser les salaires dans la fonction publique et rattraper le retard du gel de l\u2019indice. \u00bb<br \/>\n\u00ab Si l\u2019on veut relancer la demande vers les services, il faut aussi du pouvoir d\u2019achat des classes moyennes et pr\u00e9caires. \u00bb<br \/>\n\u00ab Ce que veut le gouvernement est absolument anti social mais aussi inefficace sur un plan \u00e9conomique. \u00bb<\/p>\n<p><em>\u00a0<strong>Sur le financement des 34 propositions <\/em>\u00a0<\/strong><br \/>\n \u00ab On peut d\u00e9gager plusieurs dizaines de milliards d\u2019euros via une fiscalit\u00e9 plus juste et redistributive. \u00bb<br \/>\n\u00ab Il faut un ISF r\u00e9nov\u00e9, une taxe sur les transactions financi\u00e8res efficace, une suppression des niches fiscales inutiles. \u00bb<br \/>\n\u00ab Nous plaidons pour un p\u00f4le public bancaire qui draine l\u2019\u00e9pargne populaire et qui permette de financer les besoins sociaux. Il est temps de resocialiser une partie du secteur bancaire pour que le financement se fassent en faveur des besoins sociaux. \u00bb<br \/>\n\u00ab Il faut que la BCE ar\u00eate d\u2019injecter des centaines de milliards d\u2019euros sur les circuits financiers en alimentant la sp\u00e9culation financi\u00e8re. Il faut remettre \u00e0 plat la politique mon\u00e9taire europ\u00e9enne. \u00bb<br \/>\n\u00ab Il faut que la BCE annule une partie de la dette publique. Cette id\u00e9e fait son chemin, pas seulement chez les \u00e9conomistes de gauche et altermondialistes. \u00bb<\/p>\n<p><em>\u00a0<strong>Sur les relocalisations d\u2019entreprise <\/em>\u00a0<\/strong><br \/>\n\u00ab Je suis \u00e0 fond pour la relocalisation solidaire mais on n\u2019a pas pu tout traiter dans ce plan de sortie de crise. \u00bb<br \/>\n\u00ab On veut que ce plan de sortie de crise soit \u00e9volutif. Il est non fig\u00e9, non ficel\u00e9, il est tout \u00e0 fait partiel. \u00bb<br \/>\n\u00ab La relocalisation et la d\u00e9mondialisation sera certainement aussi quelque chose qui sera utilis\u00e9 par l\u2019extr\u00eame droite donc il s\u2019agit bien de montrer qu\u2019on n\u2019est pas dans le m\u00eame jour d\u2019apr\u00e8s que l\u2019extr\u00eame droite et que la solidarit\u00e9 internationale &#8211; tr\u00e8s pr\u00e9sente dans notre plan de sortie de crise &#8211; est centrale. \u00bb<\/p>\n<p><em>\u00a0<strong>Sur le combat f\u00e9ministe <\/em>\u00a0<\/strong><br \/>\n\u00ab Je soutiens la d\u00e9marche de Anne Soupa. \u00bb<br \/>\n\u00ab On ne peut pas avoir une gauche, une gauche sociale et politique, qui se dit f\u00e9ministe sans une repr\u00e9sentation \u00e9quilibr\u00e9e, \u00e0 parit\u00e9, entre les femmes et les hommes dans toutes les responsabilit\u00e9s symboliques et institutionnelles. \u00bb<br \/>\n\u00ab Je plaide pour la parit\u00e9 stricte et \u00e7a commence par chez nous, \u00e0 gauche. \u00bb<br \/>\n\u00ab Je n\u2019en peux plus de discuter qu\u2019avec des hommes quand il s\u2019agit de discuter avec des repr\u00e9sentants syndicaux, associatifs et surtout politiques. \u00bb<br \/>\n\u00ab Je pense qu\u2019on porte avec nous des si\u00e8cles de domination patriarcale. \u00bb<br \/>\n\u00ab Il y a en ce moment des contre r\u00e9actions aux mouvements f\u00e9ministes qui se sont d\u00e9velopp\u00e9s. \u00bb<br \/>\n\u00ab Dans le mouvement des retraites, les mouvements f\u00e9ministes n\u2019ont jamais \u00e9t\u00e9 aussi pr\u00e9sents. \u00bb<div id='gallery-1' class='gallery galleryid-12327 gallery-columns-3 gallery-size-thumbnail'><figure class='gallery-item'>\n\t\t\t<div class='gallery-icon landscape'>\n\t\t\t\t<a href='https:\/\/archives.regards.fr\/wp-content\/uploads\/2020\/05\/capture_d_e_cran_2020-05-29_a_11-c9f.22.09.png'><img loading=\"lazy\" decoding=\"async\" width=\"150\" height=\"150\" src=\"https:\/\/archives.regards.fr\/wp-content\/uploads\/2020\/05\/capture_d_e_cran_2020-05-29_a_11-c9f.22.09-150x150.png\" class=\"attachment-thumbnail size-thumbnail\" alt=\"capture_d_e_cran_2020-05-29_a_11.22.09.png\" \/><\/a>\n\t\t\t<\/div><\/figure>\n\t\t<\/div>\n<\/p>\n","protected":false},"excerpt":{"rendered":"<p>Cette semaine, une trentaine d\u2019organisations parmi lesquelles Attac France, la CGT, Greenpeace, Oxfam France, l\u2019UNEF ou encore la Conf\u00e9d\u00e9ration paysanne ont lanc\u00e9 un plan de sortie de crise avec 34 propositions chiffr\u00e9es et financ\u00e9es. Aur\u00e9lie Trouv\u00e9, porte-parole d\u2019Attac France, est l\u2019invit\u00e9e de #LaMidinale.<\/p>\n","protected":false},"author":1204,"featured_media":29331,"comment_status":"open","ping_status":"open","sticky":false,"template":"","format":"standard","meta":{"_themeisle_gutenberg_block_has_review":false,"footnotes":""},"categories":[238],"tags":[293],"class_list":["post-12327","post","type-post","status-publish","format-standard","has-post-thumbnail","hentry","category-la-midinale","tag-entretien"],"_links":{"self":[{"href":"https:\/\/archives.regards.fr\/index.php?rest_route=\/wp\/v2\/posts\/12327","targetHints":{"allow":["GET"]}}],"collection":[{"href":"https:\/\/archives.regards.fr\/index.php?rest_route=\/wp\/v2\/posts"}],"about":[{"href":"https:\/\/archives.regards.fr\/index.php?rest_route=\/wp\/v2\/types\/post"}],"author":[{"embeddable":true,"href":"https:\/\/archives.regards.fr\/index.php?rest_route=\/wp\/v2\/users\/1204"}],"replies":[{"embeddable":true,"href":"https:\/\/archives.regards.fr\/index.php?rest_route=%2Fwp%2Fv2%2Fcomments&post=12327"}],"version-history":[{"count":0,"href":"https:\/\/archives.regards.fr\/index.php?rest_route=\/wp\/v2\/posts\/12327\/revisions"}],"wp:featuredmedia":[{"embeddable":true,"href":"https:\/\/archives.regards.fr\/index.php?rest_route=\/wp\/v2\/media\/29331"}],"wp:attachment":[{"href":"https:\/\/archives.regards.fr\/index.php?rest_route=%2Fwp%2Fv2%2Fmedia&parent=12327"}],"wp:term":[{"taxonomy":"category","embeddable":true,"href":"https:\/\/archives.regards.fr\/index.php?rest_route=%2Fwp%2Fv2%2Fcategories&post=12327"},{"taxonomy":"post_tag","embeddable":true,"href":"https:\/\/archives.regards.fr\/index.php?rest_route=%2Fwp%2Fv2%2Ftags&post=12327"}],"curies":[{"name":"wp","href":"https:\/\/api.w.org\/{rel}","templated":true}]}}