{"id":12325,"date":"2020-05-28T15:30:36","date_gmt":"2020-05-28T13:30:36","guid":{"rendered":"https:\/\/wp.muchomaas.com\/article-tribune-camelia-jordana-quand-le-symbole-bouscule-la-republique\/"},"modified":"2023-06-23T23:57:44","modified_gmt":"2023-06-23T21:57:44","slug":"article-tribune-camelia-jordana-quand-le-symbole-bouscule-la-republique","status":"publish","type":"post","link":"https:\/\/archives.regards.fr\/?p=12325","title":{"rendered":"Cam\u00e9lia Jordana : quand le symbole bouscule la R\u00e9publique"},"content":{"rendered":"<p class=\"post_excerpt\">Samedi soir dernier, sur le plateau de <em>On n&#8217;est pas couch\u00e9<\/em> sur France 2, Cam\u00e9lia Jordana a d\u00e9nonc\u00e9 le racisme dans la police. Du ministre de l&#8217;Int\u00e9rieur aux \u00e9ditos dans <em>Marianne<\/em> ou de CNEWS en passant par des tweets de syndicats de police, les critiques ont \u00e9t\u00e9 nombreuses et virulentes. Parce que la r\u00e9alit\u00e9 du racisme syst\u00e9mique continue de bousculer.<\/p>\n<p><a href=\"https:\/\/www.francetvinfo.fr\/faits-divers\/police\/christophe-castaner-repond-a-camelia-jordana-la-liberte-du-debat-public-ne-permet-pas-de-dire-tout-et-n-importe-quoi_3980225.html\"><em>\u00ab La libert\u00e9 du d\u00e9bat public ne permet pas de dire tout et n&#8217;importe quoi. \u00bb<\/em><\/a> Dans notre pays dont les d\u00e9bats publics et politiques sacralisent la libert\u00e9 d\u2019expression, j\u2019ai clign\u00e9 des yeux lorsque le ministre de l\u2019Int\u00e9rieur Christophe Castaner y a appos\u00e9 une restriction si d\u00e9finitive.<\/p>\n<p>&nbsp;<\/p>\n<p>\n<strong>LIRE AUSSI SUR REGARDS.FR<br \/>\n>><\/strong> <em><a href=\"https:\/\/wp.muchomaas.com\/idees-culture\/article\/pourquoi-les-corps-subalternes-sont-ils-toujours-deshumanises\">Pourquoi les corps subalternes sont-ils toujours d\u00e9shumanis\u00e9s ?<\/a><\/em><\/p>\n<p>&nbsp;<\/p>\n<p>Ce brutal coup d\u2019arr\u00eat \u00e0 la libert\u00e9 d\u2019expression \u00e9tait oppos\u00e9 \u00e0 l\u2019actrice et chanteuse Cam\u00e9lia Jordana suite \u00e0 ses d\u00e9clarations relatives aux violences polici\u00e8res visant <em>\u00ab des hommes et des femmes qui vont travailler tous les matins en banlieue qui se font massacrer pour nulle autre raison que leur couleur de peau \u00bb<\/em>. La pol\u00e9mique qu\u2019a entrain\u00e9e cette d\u00e9claration est \u00e0 la hauteur de la d\u00e9ception qui a parcouru une partie de l\u2019opinion voyant une Fran\u00e7aise mod\u00e8le adopter un ton accusateur \u00e0 l\u2019\u00e9gard de la sacro-sainte R\u00e9publique.<\/p>\n<p>Aur\u00e9ol\u00e9e de titres prestigieux dont un C\u00e9sar et une Victoire de la Musique, Cam\u00e9lia Jordana est reconnue dans tous les domaines artistiques dans lesquels elle s\u2019est engag\u00e9e. Sollicit\u00e9e pour chanter en 2015 lors de l\u2019hommage national de la Nation aux victimes des attentats, l\u2019artiste, qui a aussi incarn\u00e9 Marianne, est devenue une v\u00e9ritable ic\u00f4ne, fiert\u00e9 de notre pays. Aussi n\u2019attendait-on pas d\u2019elle la formulation d\u2019un discours politique si puissamment critique. Dans notre culture encore amplement nourrie par le patriarcat, une femme consid\u00e9r\u00e9e comme jolie, plus encore si elle est actrice, est cens\u00e9e se contenter d\u2019exposer sa plastique. Or, Cam\u00e9lia Jordana est soudainement sortie de ce cadre assign\u00e9 pour d\u00e9noncer cette R\u00e9publique qui la r\u00eavait en symbole souriant et docile.<\/p>\n<h2>Racisme au pays des droits humains<\/h2>\n<p>Depuis longtemps les chiffres montrent que les populations non blanches et\/ou issues de quartiers populaires font l\u2019objet d\u2019une attention polici\u00e8re disproportionn\u00e9e. D\u00e8s 1999, notre <em>pays des droits humains<\/em> devenait le deuxi\u00e8me \u00c9tat-membre du Conseil de l\u2019Europe \u00e0 \u00eatre condamn\u00e9 pour torture par la Cour europ\u00e9enne des droits humains, suite \u00e0 des s\u00e9vices sexuels inflig\u00e9s par des policiers \u00e0 un jeune homme d\u2019origine maghr\u00e9bine. <a href=\"https:\/\/www.acatfrance.fr\/rapport\/l-ordre-et-la-force\">Selon les \u00e9tudes<\/a>, chaque ann\u00e9e 10 \u00e0 15 personnes meurent suite \u00e0 une intervention polici\u00e8re. Le profil type des victimes : des hommes, jeunes, d\u2019origine maghr\u00e9bine ou noirs, habitants de quartiers pauvres.<\/p>\n<p>En 2012, Human Rights Watch rappelait que <em>\u00ab le syst\u00e8me de contr\u00f4le d\u2019identit\u00e9 pouvait donner lieu \u00e0 des abus de la part de la police fran\u00e7aise, laquelle se sert de ce syst\u00e8me comme outil central dans le cadre de ses op\u00e9rations et dispose de vastes pouvoirs pour interpeller et contr\u00f4ler les individus, qu\u2019elle les soup\u00e7onne ou non d\u2019une activit\u00e9 criminelle. Elle se livre notamment \u00e0 des contr\u00f4les r\u00e9p\u00e9t\u00e9s \u2013 \u201cinnombrables\u201d, selon la plupart des personnes interrog\u00e9es \u2013, parfois accompagn\u00e9s de violence physique et verbale. \u00bb<\/em><\/p>\n<p>Le sociologue Mathieu Rigouste auteur de nombreuses recherches sur le sujet, n\u2019a de cesse de rappeler les origines historiques de <a href=\"https:\/\/journals.openedition.org\/lectures\/10585\"><em>\u00ab l\u2019industrialisation de la violence polici\u00e8re envers \u00bb<\/em><\/a> ceux qu\u2019il d\u00e9signe comme les <a href=\"https:\/\/journals.openedition.org\/lectures\/10585\"><em>\u00ab damn\u00e9s de l\u2019int\u00e9rieur \u00bb<\/em><\/a>. Un rapport du D\u00e9fenseur des Droits paru en 2017 d\u00e9crit les jeunes hommes per\u00e7us comme arabes ou noirs comme \u00e9tant expos\u00e9s \u00e0 un risque de contr\u00f4le vingt fois plus \u00e9lev\u00e9 que le reste de la population. <\/p>\n<h2>La politique du d\u00e9ni permanent<\/h2>\n<p>Pendant la p\u00e9riode de confinement, Christophe Castaner a lui-m\u00eame reconnu que les habitant.e.s de Seine-Saint-Denis avaient subi 220.000 contr\u00f4les policiers soit <a href=\"https:\/\/actu.fr\/societe\/coronavirus\/coronavirus-plus-220-000-controles-effectues-seine-saint-denis-depuis-debut-confinement_33204823.html\"><em>\u00ab un peu plus du double de la moyenne nationale \u00bb<\/em><\/a>. L\u2019\u00c9tat fran\u00e7ais s\u2019est m\u00eame vu condamner en 2015 <a href=\"http:\/\/www.lemonde.fr\/police-justice\/article\/2015\/06\/24\/l-etat-condamne-pour-faute-lourde-apres-des-controles-au-facies_4660853_1653578.html\">par la Cour d\u2019appel de Paris pour <em>\u00ab faute lourde \u00bb<\/em> suite \u00e0 des contr\u00f4les d\u2019identit\u00e9 discriminatoires<\/a>. Lors de son pourvoi en cassation, l\u2019\u00c9tat n\u2019avait pas h\u00e9sit\u00e9 \u00e0 avancer des arguments reconnaissant et justifiant les motivations racistes des actes incrimin\u00e9s. <a href=\"https:\/\/www.mediapart.fr\/journal\/france\/250216\/l-etat-justifie-les-controles-au-facies\">Le m\u00e9morandum, rendu public par Mediapart<\/a>, l\u00e9gitimait le ciblage de <em>\u00ab la seule population dont il appara\u00eet qu\u2019elle peut \u00eatre \u00e9trang\u00e8re \u00bb<\/em>. <a href=\"https:\/\/www.courdecassation.fr\/jurisprudence_2\/premiere_chambre_civile_568\/1239_9_35442.html\">La Cour de cassation a confirm\u00e9<\/a> la condamnation de la France rappelant combien <em>\u00ab la pratique des contr\u00f4les au faci\u00e8s \u00e9tait une r\u00e9alit\u00e9 quotidienne en France d\u00e9nonc\u00e9e par l\u2019ensemble des institutions internationales, europ\u00e9ennes, communautaires et internes et que pour autant, en d\u00e9pit des engagements pris par les plus hautes autorit\u00e9s fran\u00e7aises, ce constat n\u2019avait donn\u00e9 lieu \u00e0 aucune mesure positive \u00bb<\/em>. <\/p>\n<p>En 2016, le Comit\u00e9 de l&#8217;ONU contre la torture avait lui aussi reproch\u00e9 \u00e0 la France <em>\u00ab l&#8217;usage excessif de la force par les fonctionnaires de polices et de gendarmerie ayant, dans certains cas, entra\u00een\u00e9 des blessures graves ou des d\u00e9c\u00e8s \u00bb<\/em>.<\/p>\n<p>Aucune de ces nombreuses condamnations n\u2019a pourtant jamais donn\u00e9 lieu \u00e0 la mise en place de dispositions visant \u00e0 lutter concr\u00e8tement contre des pratiques racistes av\u00e9r\u00e9es. Pourtant, dans ses pr\u00e9conisations, Human Rights Watch appelait le gouvernement fran\u00e7ais <em>\u00ab \u00e0 adopter les r\u00e9formes juridiques et politiques n\u00e9cessaires pour pr\u00e9venir le profilage ethnique et les mauvais traitements lors des contr\u00f4les \u00bb<\/em>. <em>\u00ab Sans cela<\/em>, ajoutait-elle, <em>les abus resteront incontr\u00f4l\u00e9s et les relations entre la police et les jeunes issus des minorit\u00e9s se d\u00e9t\u00e9rioreront davantage. \u00bb<\/em><\/p>\n<h2>Cam\u00e9lia Jordnana et la panique d&#8217;un syst\u00e8me confront\u00e9 \u00e0 la r\u00e9alit\u00e9 d&#8217;un racisme syst\u00e9mique<\/h2>\n<p>L\u2019\u00c9tat fran\u00e7ais dispose d\u2019un nombre impressionnant de preuves quant aux m\u00e9faits occasionn\u00e9s par les forces de l\u2019ordre. Son absence de r\u00e9action ne peut donc \u00eatre analys\u00e9e que comme une forme de complaisance, si ce n\u2019est une adh\u00e9sion \u00e0 ces actes discriminatoires. Ces informations \u00e9tant accessibles, pourquoi la controverse d\u00e9clench\u00e9e par les d\u00e9clarations de Cam\u00e9lia Jordana n\u2019a consist\u00e9 qu\u2019en la d\u00e9fense de l\u2019institution polici\u00e8re ? Pourquoi \u00e9tait-il si n\u00e9cessaire de rappeler que tous les policiers n\u2019\u00e9taient pas mauvais (ce qui tombe sous le sens), quand des dysfonctionnements aussi graves et meurtriers auraient d\u00fb concentrer l\u2019ensemble des indignations ?<\/p>\n<p>Cam\u00e9lia Jordana a eu le courage de porter un discours habituellement circonscrit aux marges. Quand des habitant.e.s arabes ou noirs de quartiers populaires d\u00e9noncent la mort de Zy\u00e8d Benna, Bouna Traor\u00e9, Wissam El Yamni, Gaye Camara, Ali Ziri ou encore Lamine Dieng, cela ne suscite que peu d\u2019empathie. Il existe toujours une suspicion \u00e0 l\u2019\u00e9gard des hommes qui ont le tort de ne pas \u00eatre blancs : <em>\u00ab Qu\u2019avaient-ils donc fait pour provoquer cette violence ? Ne l\u2019avaient-ils pas cherch\u00e9e ? \u00bb<\/em><\/p>\n<p>En revanche, quand une artiste populaire invite dans un d\u00e9bat mainstream le nom d\u2019Assa Traor\u00e9, s\u0153ur d\u2019Adama Traor\u00e9 mort entre les mains de gendarmes en 2016, cela subvertit la r\u00e8gle qui consiste \u00e0 placer ces sujets \u00e0 distance. <em>\u00ab Je ne me sens pas en s\u00e9curit\u00e9 face \u00e0 un flic en France. \u00bb<\/em> Lorsque Cam\u00e9lia Jordana, dont l\u2019apparence rappelle des origines maghr\u00e9bines, \u00e9voque sa propre peur, elle contraint tout le monde \u00e0 affronter la <a href=\"https:\/\/wp.muchomaas.com\/politique\/article\/violences-policieres-un-mort-par-mois-en-silence\">cruelle r\u00e9alit\u00e9 d\u2019un racisme syst\u00e9mique, et impuni<\/a>.<\/p>\n<p>Cam\u00e9lia Jordana a fait usage sa notori\u00e9t\u00e9 et de l\u2019\u00e9norme plateforme qui en d\u00e9coulait pour imposer avec verve un sujet qui fait l\u2019objet d\u2019un d\u00e9ni multi d\u00e9cennal. Si les r\u00e9actions sont aussi vives, si elles mobilisent la r\u00e9action d\u2019un des principaux membres du gouvernement fran\u00e7ais, c\u2019est en r\u00e9alit\u00e9 parce qu\u2019elle n\u2019a gu\u00e8re laiss\u00e9 le choix \u00e0 celles et ceux qui ignoraient sciemment des faits insupportables.<\/p>\n<p>&nbsp;<\/p>\n<p>\n<a href=\"https:\/\/wp.muchomaas.com\/auteur\/rokhaya-diallo\"><strong>Rokhaya Diallo<\/strong><\/a><div id='gallery-1' class='gallery galleryid-12325 gallery-columns-3 gallery-size-thumbnail'><figure class='gallery-item'>\n\t\t\t<div class='gallery-icon landscape'>\n\t\t\t\t<a href='https:\/\/archives.regards.fr\/wp-content\/uploads\/2020\/05\/image_messages_1644083590_-d76.jpg'><img loading=\"lazy\" decoding=\"async\" width=\"150\" height=\"150\" src=\"https:\/\/archives.regards.fr\/wp-content\/uploads\/2020\/05\/image_messages_1644083590_-d76-150x150.jpg\" class=\"attachment-thumbnail size-thumbnail\" alt=\"image_messages_1644083590_.jpg\" \/><\/a>\n\t\t\t<\/div><\/figure>\n\t\t<\/div>\n<\/p>\n","protected":false},"excerpt":{"rendered":"<p>Samedi soir dernier, sur le plateau de <em>On n&#8217;est pas couch\u00e9<\/em> sur France 2, Cam\u00e9lia Jordana a d\u00e9nonc\u00e9 le racisme dans la police. Du ministre de l&#8217;Int\u00e9rieur aux \u00e9ditos dans <em>Marianne<\/em> ou de CNEWS en passant par des tweets de syndicats de police, les critiques ont \u00e9t\u00e9 nombreuses et virulentes. Parce que la r\u00e9alit\u00e9 du racisme syst\u00e9mique continue de bousculer.<\/p>\n","protected":false},"author":1,"featured_media":29329,"comment_status":"open","ping_status":"open","sticky":false,"template":"","format":"standard","meta":{"_themeisle_gutenberg_block_has_review":false,"footnotes":""},"categories":[15],"tags":[329,350],"class_list":["post-12325","post","type-post","status-publish","format-standard","has-post-thumbnail","hentry","category-idees-culture","tag-forces-de-lordre","tag-racisme"],"_links":{"self":[{"href":"https:\/\/archives.regards.fr\/index.php?rest_route=\/wp\/v2\/posts\/12325","targetHints":{"allow":["GET"]}}],"collection":[{"href":"https:\/\/archives.regards.fr\/index.php?rest_route=\/wp\/v2\/posts"}],"about":[{"href":"https:\/\/archives.regards.fr\/index.php?rest_route=\/wp\/v2\/types\/post"}],"author":[{"embeddable":true,"href":"https:\/\/archives.regards.fr\/index.php?rest_route=\/wp\/v2\/users\/1"}],"replies":[{"embeddable":true,"href":"https:\/\/archives.regards.fr\/index.php?rest_route=%2Fwp%2Fv2%2Fcomments&post=12325"}],"version-history":[{"count":0,"href":"https:\/\/archives.regards.fr\/index.php?rest_route=\/wp\/v2\/posts\/12325\/revisions"}],"wp:featuredmedia":[{"embeddable":true,"href":"https:\/\/archives.regards.fr\/index.php?rest_route=\/wp\/v2\/media\/29329"}],"wp:attachment":[{"href":"https:\/\/archives.regards.fr\/index.php?rest_route=%2Fwp%2Fv2%2Fmedia&parent=12325"}],"wp:term":[{"taxonomy":"category","embeddable":true,"href":"https:\/\/archives.regards.fr\/index.php?rest_route=%2Fwp%2Fv2%2Fcategories&post=12325"},{"taxonomy":"post_tag","embeddable":true,"href":"https:\/\/archives.regards.fr\/index.php?rest_route=%2Fwp%2Fv2%2Ftags&post=12325"}],"curies":[{"name":"wp","href":"https:\/\/api.w.org\/{rel}","templated":true}]}}