{"id":12307,"date":"2020-05-19T11:45:06","date_gmt":"2020-05-19T09:45:06","guid":{"rendered":"https:\/\/wp.muchomaas.com\/article-tribune-extreme-precarite-votre-incurie-tue-toujours\/"},"modified":"2023-06-23T23:57:30","modified_gmt":"2023-06-23T21:57:30","slug":"article-tribune-extreme-precarite-votre-incurie-tue-toujours","status":"publish","type":"post","link":"https:\/\/archives.regards.fr\/?p=12307","title":{"rendered":"TRIBUNE. Extr\u00eame pr\u00e9carit\u00e9 : votre incurie tue toujours"},"content":{"rendered":"<p class=\"post_excerpt\">Des habitants et des collectifs solidaires accusent deux pr\u00e9fets et trois maires d&#8217;une incurie qui a abouti \u00e0 plusieurs morts de demandeurs d\u2019asile, de personnes sans papiers et de personnes migrantes dans le nord parisien.<\/p>\n<p>Monsieur Leclerc, pr\u00e9fet de Seine-Saint-Denis,<br \/>\nMonsieur Lallement, pr\u00e9fet de Paris.<br \/>\nMadame Hidalgo, Maire de Paris,<br \/>\nMonsieur Russier, Maire de Saint-Denis,<br \/>\nMadame Derkaoui, Maire d\u2019Aubervilliers,<\/p>\n<p>Un homme est mort.<\/p>\n<p>Jamal avait 35 ans. Il \u00e9tait originaire de Tizi-Ouzou en Alg\u00e9rie et vivait depuis un an et demi en France o\u00f9 il avait rejoint une partie de sa famille. Avec la crise sanitaire, Jamal, travailleur sans papiers dans une boite de nuit a, comme beaucoup, perdu son emploi, son logement. Comme des milliers de travailleurs sans papiers, il n\u2019a pu b\u00e9n\u00e9ficier d\u2019aucune aide et s\u2019est retrouv\u00e9 en grande difficult\u00e9. Il rendait r\u00e9guli\u00e8rement visite \u00e0 ses amis s\u2019abritant sous le pont au bord du canal \u00e0 Saint-Denis depuis un mois et demi. <\/p>\n<p>Jeudi 14 mai dernier apr\u00e8s-midi, une petite fille a fait tomber son ballon dans le canal, devant le campement. Jamal a voulu r\u00e9cup\u00e9rer le ballon qui se trouvait au milieu du bassin. C\u2019est au milieu de ce bassin que Jamal s\u2019est noy\u00e9. D\u2019apr\u00e8s un t\u00e9moin rapportant les propos des pompiers et pr\u00e9sent sur les lieux, Jamal aurait \u00e9t\u00e9 aspir\u00e9 par un siphon situ\u00e9 au centre du bassin de la Maltourn\u00e9e et enclench\u00e9 par l\u2019ouverture des \u00e9cluses. Ses amis ont tent\u00e9 de le secourir mais ne sont pas parvenus \u00e0 le sauver. <\/p>\n<p>Les pompiers ont mis plus d\u2019une heure \u00e0 retrouver le corps de Jamal. Sa d\u00e9pouille a \u00e9t\u00e9 laiss\u00e9e trois heures durant au soleil sur le bord du Canal avant d\u2019\u00eatre emport\u00e9e, sur la demande r\u00e9it\u00e9r\u00e9e des t\u00e9moins et des soutiens pr\u00e9sents sur place. <\/p>\n<p>Jamal est une des trois personnes mortes noy\u00e9es dans le canal depuis d\u00e9but avril. Ce dimanche 17 mai \u00e0 14h, un hommage a \u00e9t\u00e9 rendu \u00e0 Aboubakar Sangar\u00e9, \u00e9galement mort noy\u00e9. Le jeudi 14 mai dernier, le corps d\u2019une femme a \u00e9t\u00e9 rep\u00each\u00e9 flottant aux abords du pont du Landy, \u00e0 Aubervilliers. Nous ne connaissons pas son identit\u00e9 ni les circonstances de sa mort. Ce sont des personnes exil\u00e9es qui ont donn\u00e9 l\u2019alerte.<\/p>\n<p>Ces morts, nous en tenons votre incurie pour responsable. Elles auraient pu \u00eatre \u00e9vit\u00e9es. Elles auraient d\u00fb \u00eatre \u00e9vit\u00e9es. A vous d\u2019emp\u00eacher d\u2019autres drames.<\/p>\n<p>Depuis le d\u00e9but de la crise sanitaire, l\u2019Etat et les municipalit\u00e9s d\u2019Aubervilliers, de Paris et de Saint-Denis persistent \u00e0 repousser des personnes en extr\u00eame pr\u00e9carit\u00e9 aux abords du canal Saint-Denis et se renvoient la responsabilit\u00e9 de cette situation.<\/p>\n<p>Des demandeurs d\u2019asile, des personnes sans papiers, des personnes migrantes, hommes, femmes et enfants afghans, somaliens, soudanais, guin\u00e9ens, \u00e9gyptiens, ivoiriens, tunisiens, etc. subissent un harc\u00e8lement policier constant (amendes, contr\u00f4les abusifs) et voient leurs campements syst\u00e9matiquement d\u00e9mantel\u00e9s, leurs tentes et effets personnels d\u00e9truits, sans aucune alternative propos\u00e9e. Depuis le 15 mars dernier, diff\u00e9rents collectifs relaient la parole des exil\u00e9s et alertent sur leur situation catastrophique.<\/p>\n<p>Aucune r\u00e9ponse gouvernementale ou municipale n\u2019a \u00e9t\u00e9 accord\u00e9e \u00e0 ces personnes en tr\u00e8s grande pr\u00e9carit\u00e9. Les personnes migrantes ont d\u00fb int\u00e9gralement compter sur le soutien d\u2019habitant.e.s pour se nourrir et avoir un acc\u00e8s \u00e0 l\u2019eau potable. De plus, les proc\u00e9dures de demandes d\u2019asile ont \u00e9t\u00e9 bloqu\u00e9es. <\/p>\n<p>Durant de longues semaines et malgr\u00e9 nos multiples alertes, en ne proc\u00e9dant pas \u00e0 la r\u00e9ouverture des points d\u2019acc\u00e8s \u00e0 l\u2019eau potable et des sanisettes, la mairie du Paris a priv\u00e9 des milliers de personnes sans abris qu\u2019elle n\u2019avait pas pris en charge, du minimum de dignit\u00e9. La mairie d\u2019Aubervilliers a proc\u00e9d\u00e9 \u00e0 des coupures de robinet aux abords des campements de rue informels et la mairie de Saint-Denis n\u2019a pas install\u00e9 de rampe d\u2019eau, ni de sanitaires \u00e0 proximit\u00e9 des campements dans sa circonscription. Les mairies de Saint-Denis, Paris et d\u2019Aubervilliers ont \u00e9t\u00e9 alert\u00e9es par leurs \u00e9lus et administr\u00e9s, et ce \u00e0 de nombreuses reprises, depuis le d\u00e9but de la crise sanitaire, sur ces situations catastrophiques. Elles ne pourront pas dire qu\u2019elles ne savaient pas.<\/p>\n<p>Nous, Parisien.ne.s, Dyonisien.ne.s et Albervilarien.ne.s, exigeons du gouvernement et des municipalit\u00e9s qu\u2019ils assument leurs responsabilit\u00e9s et  respectent les droits fondamentaux de ces personnes, \u00e0 savoir : <\/p>\n<ul>\n<li> la cessation imm\u00e9diate du harc\u00e8lement policier, se manifestant notamment par la destruction des campements, des affaires personnelles, des violences physiques et diverses intimidations intol\u00e9rables,<\/li>\n<li> la mise \u00e0 l\u2019abri imm\u00e9diate imm\u00e9diate, digne et p\u00e9renne, respectant les conditions sanitaires li\u00e9es \u00e0 la situation de pand\u00e9mie, en concertation avec les personnes exil\u00e9es,<\/li>\n<li> la r\u00e9gularisation imm\u00e9diate de toutes les personnes sans papiers, comme le Portugal a pu le faire,<\/li>\n<\/ul>\n<p>En m\u00e9moire de Jamal et \u00e0 la demande de sa famille, nous demandons aux pouvoirs publics la prise en charge du rapatriement de sa d\u00e9pouille en Alg\u00e9rie afin qu\u2019il soit, selon leurs v\u0153ux, inhum\u00e9 aupr\u00e8s des siens. <\/p>\n<p>Que la terre lui soit l\u00e9g\u00e8re ainsi qu\u2019\u00e0 toutes les victimes de la violence institutionnelle.<\/p>\n<p>&nbsp;<\/p>\n<p>\n<strong>Des habitant.e.s et collectifs solidaires<\/strong><div id='gallery-1' class='gallery galleryid-12307 gallery-columns-3 gallery-size-thumbnail'><figure class='gallery-item'>\n\t\t\t<div class='gallery-icon landscape'>\n\t\t\t\t<a href='https:\/\/archives.regards.fr\/wp-content\/uploads\/2020\/05\/img_6007-933.png'><img loading=\"lazy\" decoding=\"async\" width=\"150\" height=\"150\" src=\"https:\/\/archives.regards.fr\/wp-content\/uploads\/2020\/05\/img_6007-933-150x150.png\" class=\"attachment-thumbnail size-thumbnail\" alt=\"img_6007.png\" \/><\/a>\n\t\t\t<\/div><\/figure>\n\t\t<\/div>\n<\/p>\n","protected":false},"excerpt":{"rendered":"<p>Des habitants et des collectifs solidaires accusent deux pr\u00e9fets et trois maires d&#8217;une incurie qui a abouti \u00e0 plusieurs morts de demandeurs d\u2019asile, de personnes sans papiers et de personnes migrantes dans le nord parisien.<\/p>\n","protected":false},"author":666,"featured_media":29285,"comment_status":"open","ping_status":"open","sticky":false,"template":"","format":"standard","meta":{"_themeisle_gutenberg_block_has_review":false,"footnotes":""},"categories":[278],"tags":[364],"class_list":["post-12307","post","type-post","status-publish","format-standard","has-post-thumbnail","hentry","category-tribunes","tag-precarite"],"_links":{"self":[{"href":"https:\/\/archives.regards.fr\/index.php?rest_route=\/wp\/v2\/posts\/12307","targetHints":{"allow":["GET"]}}],"collection":[{"href":"https:\/\/archives.regards.fr\/index.php?rest_route=\/wp\/v2\/posts"}],"about":[{"href":"https:\/\/archives.regards.fr\/index.php?rest_route=\/wp\/v2\/types\/post"}],"author":[{"embeddable":true,"href":"https:\/\/archives.regards.fr\/index.php?rest_route=\/wp\/v2\/users\/666"}],"replies":[{"embeddable":true,"href":"https:\/\/archives.regards.fr\/index.php?rest_route=%2Fwp%2Fv2%2Fcomments&post=12307"}],"version-history":[{"count":0,"href":"https:\/\/archives.regards.fr\/index.php?rest_route=\/wp\/v2\/posts\/12307\/revisions"}],"wp:featuredmedia":[{"embeddable":true,"href":"https:\/\/archives.regards.fr\/index.php?rest_route=\/wp\/v2\/media\/29285"}],"wp:attachment":[{"href":"https:\/\/archives.regards.fr\/index.php?rest_route=%2Fwp%2Fv2%2Fmedia&parent=12307"}],"wp:term":[{"taxonomy":"category","embeddable":true,"href":"https:\/\/archives.regards.fr\/index.php?rest_route=%2Fwp%2Fv2%2Fcategories&post=12307"},{"taxonomy":"post_tag","embeddable":true,"href":"https:\/\/archives.regards.fr\/index.php?rest_route=%2Fwp%2Fv2%2Ftags&post=12307"}],"curies":[{"name":"wp","href":"https:\/\/api.w.org\/{rel}","templated":true}]}}