{"id":12300,"date":"2020-05-15T11:35:00","date_gmt":"2020-05-15T09:35:00","guid":{"rendered":"https:\/\/wp.muchomaas.com\/article-remi-lefebvre-melenchon-incarne-une-stabilite-une-continuite-et-une\/"},"modified":"2023-06-23T23:57:23","modified_gmt":"2023-06-23T21:57:23","slug":"article-remi-lefebvre-melenchon-incarne-une-stabilite-une-continuite-et-une","status":"publish","type":"post","link":"https:\/\/archives.regards.fr\/?p=12300","title":{"rendered":"R\u00e9mi Lefebvre : \u00ab M\u00e9lenchon incarne une stabilit\u00e9, une continuit\u00e9 et une pr\u00e9sidentialit\u00e9 \u00bb"},"content":{"rendered":"<p class=\"post_excerpt\">Beaucoup d\u2019appels et de tribunes circulent \u00e0 gauche et chez les \u00e9cologistes depuis quelques semaines. La crise sanitaire et politique peut-elle favoriser, \u00e0 gauche, l\u2019\u00e9mergence d\u2019une alternative politique ? R\u00e9mi Lefebvre, professeur de sciences politiques, est l\u2019invit\u00e9 de #LaMidinale.<\/p>\n<h2>UNE MIDINALE \u00c0 VOIR&#8230;<\/h2>\n<p><iframe loading=\"lazy\" width=\"490\" height=\"276\" src=\"https:\/\/www.youtube.com\/embed\/aU1tHUXjQ6c\" frameborder=\"0\" allow=\"accelerometer; autoplay; encrypted-media; gyroscope; picture-in-picture\" allowfullscreen><\/iframe><\/p>\n<p>&nbsp;<\/p>\n<p><h2>ET \u00c0 LIRE&#8230;<\/h2>\n<p><em>\u00a0<strong>Sur le contexte et les alternatives possibles<\/em>\u00a0<\/strong><br \/>\n\u00ab On a v\u00e9cu une p\u00e9riode in\u00e9dite donc il n\u2019y a pas vraiment de r\u00e8gle que l\u2019on pourrait appliquer historiquement sur les cons\u00e9quences politiques de ce type de pand\u00e9mie. \u00bb<br \/>\n\u00ab Le diagnostic de la crise s\u2019est orient\u00e9 vers la mise en cause du syst\u00e8me et des d\u00e9rives du syst\u00e8me lib\u00e9ral. Reste \u00e0 savoir si ce diagnostic sera partag\u00e9 dans la soci\u00e9t\u00e9 &#8211; ce qui n\u2019est pas du tout s\u00fbr. \u00bb<br \/>\n\u00ab Id\u00e9ologiquement, il y a une fen\u00eatre d\u2019opportunit\u00e9s pour la gauche de contrer l\u2019id\u00e9ologie dominante et lib\u00e9rale qui est enracin\u00e9e dans la soci\u00e9t\u00e9 &#8211; m\u00eame si elle est tr\u00e8s contest\u00e9e. \u00bb<br \/>\n\u00ab Cette p\u00e9riode post-crise peut ouvrir du possible mais elle peut aussi ouvrir le pire. \u00bb<br \/>\n\u00ab Je ne suis pas s\u00fbr que la crise ouvre une esp\u00e8ce de reviviscence du clivage gauche\/droite &#8211; mais une reconflictualisation peut-\u00eatre. \u00bb<br \/>\n\u00ab La critique des \u00e9lites peut \u00eatre un ferment de politisation de la crise mais par forc\u00e9ment du clivage lat\u00e9ral gauche\/droite. \u00bb<br \/>\n\u00ab On peut penser que cette crise va faire le jeu des populismes &#8211; m\u00eame si je n\u2019aime pas trop l\u2019expression. La France insoumise veut s\u2019appuyer sur cette crise et &#8211; m\u00eame si je ne les mets pas en parall\u00e8le &#8211; Marine Le Pen va rebondir sur cette crise parce qu\u2019elle caract\u00e9rise la faillite des \u00e9lites. L\u2019extr\u00eame droite va prosp\u00e9rer avec l\u2019imaginaire complotiste qui va derri\u00e8re. \u00bb<\/p>\n<p><em>\u00a0<strong>Sur les appels et autres tribunes \u00e0 gauche <\/em>\u00a0<\/strong><br \/>\n\u00ab Il y a eu une petite dizaine de tribunes et d\u2019appels ces derniers jours. \u00bb<br \/>\n\u00ab L\u2019appel des 150 personnalit\u00e9 de gauche d\u2019aujourd\u2019hui est tr\u00e8s tr\u00e8s \u0153cum\u00e9nique. \u00bb<br \/>\n\u00ab Toutes les initiatives qui visent \u00e0 \u00e9clater ce qui est fig\u00e9 sont int\u00e9ressantes. \u00bb<br \/>\n\u00ab Ce qui manque dans ces initiatives, c\u2019est une m\u00e9thodologie. Elles sont parfois incantatoires. \u00bb<br \/>\n\u00ab Ce qui est int\u00e9ressant, c\u2019est d\u2019identifier les points de convergences et de divergences. Tout \u00e7a demande \u00e0 \u00eatre tr\u00e8s pr\u00e9cis. \u00c7a demande des garants et des m\u00e9thodes. Pour le moment, tout \u00e7a reste assez vague. \u00bb<br \/>\n\u00ab Il y a une acc\u00e9l\u00e9ration du calendrier : on va \u00eatre tr\u00e8s vite dans la pr\u00e9sidentielle. \u00bb<br \/>\n\u00ab Il y a un certain nombre d\u2019acteurs de la soci\u00e9t\u00e9 civile qui se disent que c\u2019est maintenant qu\u2019il faut agir parce qu\u2019apr\u00e8s, il sera trop tard. \u00bb<br \/>\n\u00ab Les acteurs de la soci\u00e9t\u00e9 civile pensent que si la pression sur les appareils politiques n\u2019est pas externe, rien ne va se passer. Tout \u00e7a a \u00e9t\u00e9 acc\u00e9l\u00e9r\u00e9 avec la pand\u00e9mie. \u00bb<br \/>\n\u00ab L\u2019un des effets du confinement, c\u2019est que le temps politique s\u2019est arr\u00eat\u00e9 et qu\u2019ils se sont mis \u00e0 r\u00e9fl\u00e9chir. \u00bb<\/p>\n<p><em>\u00a0<strong>Sur la bataille du leadership \u00e0 gauche<\/em>\u00a0<\/strong><br \/>\n\u00ab La question du leadership est tr\u00e8s largement sous-jacente. \u00bb<br \/>\n\u00ab La question de l\u2019incarnation est omnipr\u00e9sente. \u00bb<br \/>\n\u00ab Depuis les derni\u00e8res \u00e9lections europ\u00e9ennes, les \u00e9cologistes estiment avoir pris l\u2019ascendant. Et de son c\u00f4t\u00e9, la France insoumise n\u2019a pas renonc\u00e9 \u00e0 vouloir renoncer d\u2019incarner le changement. \u00bb<br \/>\n\u00ab On a tr\u00e8s bien vu ces derniers jours, dans l\u2019attitude de Jean-Luc M\u00e9lenchon, qu\u2019il est candidat \u00e0 la prochaine \u00e9lection pr\u00e9sidentielle. Il n\u2019y a pas l\u2019ombre d\u2019un doute. \u00bb<br \/>\n\u00ab M\u00e9lenchon a chang\u00e9 de m\u00e9thode : il est moins conflictuel et veut apparaitre plus respectable. \u00bb<br \/>\n\u00ab Pour Yannick Jadot, c\u2019est plus compliqu\u00e9 parce qu\u2019il y a Nicolas Hulot et qu\u2019il est moins reconnu par son organisation. \u00bb<\/p>\n<p><em>\u00a0<strong>Sur les \u00e9lections municipales<\/em>\u00a0<\/strong><br \/>\n\u00ab D\u2019un c\u00f4t\u00e9, on a eu des exp\u00e9riences int\u00e9ressantes, localement, de d\u00e9passement des affiliations partisanes (\u2026) avec des alliances \u00e0 g\u00e9om\u00e9tries variables qui peuvent \u00eatre des laboratoires d\u2019union de la gauche et, d\u2019un autre c\u00f4t\u00e9, les \u00e9lections municipales pour les partis, c\u2019est tr\u00e8s important parce que c\u2019est les places et le financement. \u00bb<br \/>\n\u00ab Les partis politiques cherchent \u00e0 \u00eatre pragmatiques. C\u2019est leur survie qui est en jeu. \u00bb<br \/>\n\u00ab Il faut une d\u00e9composition, peut-\u00eatre une explosion du syst\u00e8me politique, et ce n\u2019est pas les municipales qui vont le favoriser. \u00bb<br \/>\n\u00ab Le faux premier tour des municipales aura peut-\u00eatre servi de primaire dans certains endroits pour qu\u2019il y ait une offre politique diff\u00e9rente si on retourne au premier tour. \u00bb<br \/>\n\u00ab Il pourrait y avoir de nouvelles listes de premier tour ne serait-ce que parce que certaines listes n\u2019auront pas les ressources financi\u00e8res suffisantes pour repartir en campagne au premier tour. \u00bb<\/p>\n<p><em>\u00a0<strong>Sur le Parti socialiste <\/em>\u00a0<\/strong><br \/>\n\u00ab Le PS au premier tour des municipales a r\u00e9alis\u00e9 plut\u00f4t des bons scores. \u00bb<br \/>\n\u00ab Le PS a \u00e9t\u00e9 tr\u00e8s ouvert sur l\u2019union de la gauche. \u00bb<br \/>\n\u00ab Le PS est plus \u00e0 gauche que ces derniers mois. Le centre de gravit\u00e9 du PS s\u2019est d\u00e9plac\u00e9 vers la gauche. \u00bb<br \/>\n\u00ab Le temps politique a act\u00e9 le d\u00e9classement du PS. Plus personne ne parle du PS comme un acteur de la prochaine campagne pr\u00e9sidentielle. \u00bb<br \/>\n\u00ab Je ne suis pas s\u00fbr que le PS joue un r\u00f4le majeur dans la prochaine pr\u00e9sidentielle et je suis m\u00eame convaincu de l\u2019inverse. \u00bb<\/p>\n<p><em>\u00a0<strong>Sur Jean-Luc M\u00e9lenchon <\/em>\u00a0<\/strong><br \/>\n\u00ab Jean-Luc M\u00e9lenchon a un gros avantage : il est incontest\u00e9 dans son camp avec un programme qui apparait encore actuel. Tous les autres ont un probl\u00e8me de leadership. \u00bb<br \/>\n\u00ab Soit la gauche non m\u00e9lenchoniste arrive \u00e0 s\u2019organiser et faire pression en exer\u00e7ant une vraie concurrence sur Jean-Luc M\u00e9lenchon, soit Jean-Luc M\u00e9lenchon apparaitra comme le p\u00f4le de stabilit\u00e9 \u00e0 gauche. \u00bb<br \/>\n\u00ab M\u00e9lenchon incarne une stabilit\u00e9, une continuit\u00e9 et une pr\u00e9sidentialit\u00e9. \u00bb<br \/>\n\u00ab La carri\u00e8re de M\u00e9lenchon est un yoyo, elle rebondit tout le temps. Il peut rebondir parce qu\u2019il a beaucoup d\u2019atouts dans son jeu. \u00bb<\/p>\n<p><em>\u00a0<strong>Sur le retour \u00e0 gauche de la souverainet\u00e9, de l\u2019ind\u00e9pendance, du protectionnisme<\/em>\u00a0<\/strong><br \/>\n\u00ab Il y a un d\u00e9bat int\u00e9ressant sur le libre \u00e9change et le commerce international. \u00bb<br \/>\n\u00ab Je suis s\u00fbr que la question du tourisme, des \u00e9changes internationaux, de la relocalisation de la production va faire souche dans le champ politique. \u00bb<br \/>\n\u00ab Il peut y avoir autour de ces questions, de relocalisation notamment, un \u00e9l\u00e9ment de la reconfiguration id\u00e9ologique \u00e0 gauche. \u00bb<div id='gallery-1' class='gallery galleryid-12300 gallery-columns-3 gallery-size-thumbnail'><figure class='gallery-item'>\n\t\t\t<div class='gallery-icon landscape'>\n\t\t\t\t<a href='https:\/\/archives.regards.fr\/wp-content\/uploads\/2020\/05\/capture_d_e_cran_2020-05-15_a_11-9fe.19.10.png'><img loading=\"lazy\" decoding=\"async\" width=\"150\" height=\"150\" src=\"https:\/\/archives.regards.fr\/wp-content\/uploads\/2020\/05\/capture_d_e_cran_2020-05-15_a_11-9fe.19.10-150x150.png\" class=\"attachment-thumbnail size-thumbnail\" alt=\"capture_d_e_cran_2020-05-15_a_11.19.10.png\" \/><\/a>\n\t\t\t<\/div><\/figure>\n\t\t<\/div>\n<\/p>\n","protected":false},"excerpt":{"rendered":"<p>Beaucoup d\u2019appels et de tribunes circulent \u00e0 gauche et chez les \u00e9cologistes depuis quelques semaines. La crise sanitaire et politique peut-elle favoriser, \u00e0 gauche, l\u2019\u00e9mergence d\u2019une alternative politique ? R\u00e9mi Lefebvre, professeur de sciences politiques, est l\u2019invit\u00e9 de #LaMidinale.<\/p>\n","protected":false},"author":1204,"featured_media":29263,"comment_status":"open","ping_status":"open","sticky":false,"template":"","format":"standard","meta":{"_themeisle_gutenberg_block_has_review":false,"footnotes":""},"categories":[238],"tags":[517,293,295],"class_list":["post-12300","post","type-post","status-publish","format-standard","has-post-thumbnail","hentry","category-la-midinale","tag-covid-19","tag-entretien","tag-nupes"],"_links":{"self":[{"href":"https:\/\/archives.regards.fr\/index.php?rest_route=\/wp\/v2\/posts\/12300","targetHints":{"allow":["GET"]}}],"collection":[{"href":"https:\/\/archives.regards.fr\/index.php?rest_route=\/wp\/v2\/posts"}],"about":[{"href":"https:\/\/archives.regards.fr\/index.php?rest_route=\/wp\/v2\/types\/post"}],"author":[{"embeddable":true,"href":"https:\/\/archives.regards.fr\/index.php?rest_route=\/wp\/v2\/users\/1204"}],"replies":[{"embeddable":true,"href":"https:\/\/archives.regards.fr\/index.php?rest_route=%2Fwp%2Fv2%2Fcomments&post=12300"}],"version-history":[{"count":0,"href":"https:\/\/archives.regards.fr\/index.php?rest_route=\/wp\/v2\/posts\/12300\/revisions"}],"wp:featuredmedia":[{"embeddable":true,"href":"https:\/\/archives.regards.fr\/index.php?rest_route=\/wp\/v2\/media\/29263"}],"wp:attachment":[{"href":"https:\/\/archives.regards.fr\/index.php?rest_route=%2Fwp%2Fv2%2Fmedia&parent=12300"}],"wp:term":[{"taxonomy":"category","embeddable":true,"href":"https:\/\/archives.regards.fr\/index.php?rest_route=%2Fwp%2Fv2%2Fcategories&post=12300"},{"taxonomy":"post_tag","embeddable":true,"href":"https:\/\/archives.regards.fr\/index.php?rest_route=%2Fwp%2Fv2%2Ftags&post=12300"}],"curies":[{"name":"wp","href":"https:\/\/api.w.org\/{rel}","templated":true}]}}