{"id":12298,"date":"2020-05-14T06:30:00","date_gmt":"2020-05-14T04:30:00","guid":{"rendered":"https:\/\/wp.muchomaas.com\/article-tribune-au-coeur-de-la-crise-construisons-l-avenir\/"},"modified":"2020-05-14T06:30:00","modified_gmt":"2020-05-14T04:30:00","slug":"article-tribune-au-coeur-de-la-crise-construisons-l-avenir","status":"publish","type":"post","link":"https:\/\/archives.regards.fr\/?p=12298","title":{"rendered":"TRIBUNE. Au coeur de la crise, construisons l\u2019avenir"},"content":{"rendered":"<p class=\"post_excerpt\">Favoris\u00e9e par la destruction de la nature, la pand\u00e9mie a g\u00e9n\u00e9r\u00e9 une crise \u00e9conomique de grande ampleur, une commotion sociale brutale et une mise entre parenth\u00e8se du fonctionnement d\u00e9mocratique. D\u00e8s maintenant, il s\u2019agit d\u2019\u00e9viter le pire et de pr\u00e9parer l\u2019avenir.<\/p>\n<p>La France affronte un s\u00e9isme d\u2019une ampleur inou\u00efe. Favoris\u00e9e par la destruction de la nature, la pand\u00e9mie a g\u00e9n\u00e9r\u00e9 une crise \u00e9conomique de grande ampleur, une commotion sociale brutale, notamment pour les plus pr\u00e9caires, et une mise entre parenth\u00e8se du fonctionnement d\u00e9mocratique. Elle a r\u00e9v\u00e9l\u00e9 l\u2019improvisation des pouvoirs publics face \u00e0 cette crise majeure. L\u2019engagement extraordinaire des soignantes et des soignants, le courage de celles et ceux qui n\u2019ont cess\u00e9 de travailler sans rel\u00e2che au service de tous et le civisme de millions de personnes confin\u00e9es dans des conditions difficiles appellent une reconnaissance unanime. D\u00e8s maintenant, il s\u2019agit d\u2019\u00e9viter le pire et de pr\u00e9parer l\u2019avenir. La r\u00e9paration des d\u00e9g\u00e2ts annonc\u00e9s, la d\u00e9fense des libert\u00e9s, l\u2019obligation de pr\u00e9parer une soci\u00e9t\u00e9 r\u00e9siliente n\u00e9cessitent de fortes dynamiques collectives. La crise confirme l\u2019urgence radicale des grandes transitions. De cette imp\u00e9rieuse n\u00e9cessit\u00e9, faisons na\u00eetre une esp\u00e9rance. Nous ne sommes pas condamn\u00e9s \u00e0 subir !<\/p>\n<p>&nbsp;<\/p>\n<p>\n<strong>LIRE AUSSI SUR REGARDS.FR<br \/>\n>><\/strong> <em><a href=\"https:\/\/wp.muchomaas.com\/idees-culture\/article\/crise-de-legitimite-et-processus-de-fascisation-l-acceleration-par-la-pandemie\">Crise de l\u00e9gitimit\u00e9 et processus de fascisation : l\u2019acc\u00e9l\u00e9ration par la pand\u00e9mie<\/a><\/em><\/p>\n<p>&nbsp;<\/p>\n<p>Au c\u0153ur de cette crise, il nous faut tourner la page du productivisme. Il faut affronter les p\u00e9rils imm\u00e9diats, s\u2019accorder pour engager la transition \u00e9cologique et dans un m\u00eame mouvement les transformations sociales et \u00e9conomiques trop longtemps diff\u00e9r\u00e9es. L\u2019impasse o\u00f9 nous ont conduits les politiques dominantes depuis quarante ans et le capitalisme financier exige une offensive r\u00e9solue. Avec cette initiative commune, dans le respect de nos diff\u00e9rences, nous nous engageons \u00e0 la hauteur des principes que nos pr\u00e9d\u00e9cesseurs ont affirm\u00e9s dans la \u00ab reconstruction \u00bb qui suivit la seconde guerre mondiale. Aujourd\u2019hui, en temps de paix, nous devons faire preuve d\u2019une \u00e9gale ambition, avec la volont\u00e9 que les Fran\u00e7ais s\u2019emparent de ces d\u00e9bats. <\/p>\n<p>L\u2019\u00e9tat d\u2019urgence sociale doit se d\u00e9ployer d\u00e8s maintenant dans l\u2019ensemble du pays, \u00e0 commencer par les quartiers populaires et les territoires ruraux, partout o\u00f9 la crise remet \u00e0 vif la grande pauvret\u00e9 et les in\u00e9galit\u00e9s. Les familles d\u00e9j\u00e0 vuln\u00e9rables, comme celles qui viennent brutalement de plonger dans le ch\u00f4mage et la pauvret\u00e9, se comptent par millions. La solidarit\u00e9 nationale doit intervenir pour aider les locataires, contribuer \u00e0 payer les factures d\u2019eau et d\u2019\u00e9lectricit\u00e9, par l\u2019aide alimentaire et la fourniture gratuite de masques, par des soutiens exceptionnels individualis\u00e9s pour que vivent d\u00e9cemment celles et ceux, y compris les jeunes, qui ont vu leur travail et leurs revenus dispara\u00eetre. Cette crise doit enfin imposer un basculement des politiques publiques : \u00ab sortir \u00bb des dizaines de milliers de personnes de la rue, c\u2019est affaire de dignit\u00e9 d\u2019abord, mais aussi d\u2019ordre public sanitaire et social. <\/p>\n<p>Pour aller plus loin, la France, comme d\u2019autres en Europe, doit imaginer et mettre en chantier d\u00e8s cette ann\u00e9e un nouveau mod\u00e8le de protection sociale. Pour ces temps de grande transition, il y a urgence \u00e0 assurer un revenu digne rendant possibles \u00e0 toutes et tous la formation, l\u2019acc\u00e8s \u00e0 un nouvel emploi ou un projet professionnel. Compte tenu de la hausse explosive du nombre des sans-emplois, ce serait une faute historique de maintenir la \u00ab r\u00e9forme \u00bb de l\u2019assurance ch\u00f4mage de 2020. Il faut permettre d\u00e8s maintenant \u00e0 tous les territoires volontaires de mettre en oeuvre la belle initiative Territoires z\u00e9ro ch\u00f4meur de longue dur\u00e9e, inspir\u00e9e des exp\u00e9riences du mouvement associatif. Quant aux travailleurs \u00e9trangers en situation irr\u00e9guli\u00e8re, soutiers plus anonymes encore de nos \u00e9conomies, leur acc\u00e8s au droit au s\u00e9jour doit \u00eatre facilit\u00e9. <\/p>\n<p>Pour pouvoir mobiliser les \u00e9nergies de toutes et tous, il faudra inventer et consolider des protections collectives plus adapt\u00e9es \u00e0 notre temps, combler les failles majeures que la crise a soulign\u00e9es, agir pour l\u2019acc\u00e8s \u00e0 la sant\u00e9 et des retraites d\u00e9centes. Certains, \u00e0 l\u2019inverse, manifestent d\u00e9j\u00e0 la volont\u00e9 de r\u00e9duire les droits sociaux \u00e0 la faveur de l\u2019\u00e9motion g\u00e9n\u00e9rale, notamment sur la question du temps de travail. Nous ne laisserons pas faire, et nous demandons qu\u2019il soit renonc\u00e9 d\u00e9finitivement au projet de r\u00e9forme des retraites qui mine la coh\u00e9sion nationale dont nous avons tant besoin. Face \u00e0 la pr\u00e9carit\u00e9 ou aux in\u00e9galit\u00e9s femmes-hommes, tous les travailleurs et travailleuses, ind\u00e9pendants, artisans et commer\u00e7ants, professionnels des plates-formes, salari\u00e9s en CDD, intermittents ou int\u00e9rimaires, doivent \u00eatre dot\u00e9s de droits sociaux individuels complets et d\u2019une capacit\u00e9 r\u00e9elle de n\u00e9gociation collective. <\/p>\n<blockquote><p>Le statu quo n\u2019est plus possible. Nous d\u00e9fendons une soci\u00e9t\u00e9 de la reconnaissance, qui sache valoriser celles et ceux sans lesquelles elle ne tiendrait pas, dans la crise comme apr\u00e8s.<\/p><\/blockquote>\n<p>Travailleurs de l\u2019aube et du soir, fonctionnaires de jour comme de nuit, soignants et enseignants d\u00e9vou\u00e9s, elles (tr\u00e8s souvent) et ils sont en droit d\u2019attendre bien s\u00fbr des primes imm\u00e9diates et l\u00e9gitimes, mais aussi une am\u00e9lioration significative et sans d\u00e9lai de leurs conditions d\u2019emploi et de salaire, \u00e0 commencer par le SMIC. Lorsque ces personnes ont des enfants, la prise en charge par les employeurs des frais de garde, l\u2019organisation de nouveaux centres de vacances d\u00e8s 2020 avec les mouvements d\u2019\u00e9ducation populaire seraient aussi de justes r\u00e9tributions. Le confinement a mis \u00e9galement en exergue la n\u00e9cessit\u00e9 de reconna\u00eetre le f\u00e9minicide en droit fran\u00e7ais et de ne plus reporter un plan national d\u2019ampleur contre les violences faites aux femmes et aux enfants, en doublant le budget allou\u00e9 aux associations venant en aide aux victimes et aux lieux de prise en charge. <\/p>\n<p>Les Fran\u00e7ais vivent intens\u00e9ment les effets de l\u2019affaiblissement de notre syst\u00e8me de sant\u00e9. Sous tension bien avant le tsunami du Covid-19, l\u2019h\u00f4pital public a \u00e9t\u00e9 asphyxi\u00e9 par des ann\u00e9es d\u2019aust\u00e9rit\u00e9 budg\u00e9taire et la marchandisation de la sant\u00e9. Une loi de programmation doit assurer au plus vite un financement p\u00e9renne des investissements des h\u00f4pitaux et des Ehpad, rompre avec la spirale des fermetures de lits et permettre la revalorisation des m\u00e9tiers de soignantes et soignants. Cette refondation permettra de retrouver une capacit\u00e9 de pr\u00e9vision et d\u2019anticipation, et les moyens d\u2019affronter collectivement les chocs de grande ampleur. Elle devra \u00e9galement garantir \u00e0 tout moment la disponibilit\u00e9 des principaux m\u00e9dicaments sur le territoire national. Elle assurera enfin la r\u00e9habilitation des soins de premiers recours, efficients et r\u00e9actifs face \u00e0 de nouvelles crises et la fin des d\u00e9serts m\u00e9dicaux, indignes de notre pays. <\/p>\n<p>L\u2019avenir de notre \u00e9conomie et sa conversion \u00e9cologique se jouent en ce moment. Le soutien public \u00e0 la survie du syst\u00e8me productif est vital. Il doit \u00eatre associ\u00e9 \u00e0 une conditionnalit\u00e9 environnementale et sociale exigeante. Des fleurons de notre \u00e9conomie sont au bord de la faillite, avec le cort\u00e8ge habituel de restructurations brutales et de ch\u00f4mage massif. Face \u00e0 ces risques, la r\u00e9action de l\u2019\u00c9tat en faveur de l\u2019emploi doit \u00eatre coupl\u00e9e \u00e0 la mise en oeuvre acc\u00e9l\u00e9r\u00e9e de la transition \u00e9cologique, \u00e0 commencer par le respect des Accords de Paris sur le climat. C\u2019est seulement ainsi que le sauvetage des emplois sera durable. Une politique industrielle cr\u00e9dible implique des choix strat\u00e9giques nationaux ; elle se construit dans chaque r\u00e9gion avec toutes les parties concern\u00e9es, entreprise par entreprise, branche par branche. La mobilisation doit int\u00e9grer pleinement les enjeux d\u2019ind\u00e9pendance et de relocalisation, de recherche et d\u2019innovation, mis en lumi\u00e8re de fa\u00e7on \u00e9clatante dans la crise actuelle. <\/p>\n<p>D\u2019ici la fin de cette ann\u00e9e, il appartient \u00e0 la puissance publique d\u2019identifier avec tous les acteurs les secteurs strat\u00e9giques \u00e0 relocaliser au niveau fran\u00e7ais ou europ\u00e9en, les chaines de valeurs \u00e0 contr\u00f4ler et les productions \u00e0 assurer au plus proche des lieux de consommation. Les \u00e9v\u00e9nements r\u00e9cents confirment une fois de plus les fragilit\u00e9s de l\u2019Europe quand elle se limite \u00e0 n\u2019\u00eatre qu\u2019un march\u00e9 livr\u00e9 aux exc\u00e8s du libre-\u00e9change, renon\u00e7ant \u00e0 prot\u00e9ger son \u00e9conomie. La signature des trait\u00e9s qui amplifient cet abandon doit \u00eatre stopp\u00e9e, et ceux qui existent d\u00e9j\u00e0 r\u00e9vis\u00e9s. Rien ne sera possible sans un pilotage ambitieux du syst\u00e8me de cr\u00e9dit, avec un p\u00f4le public de financement et la BPI jouant enfin r\u00e9ellement son r\u00f4le. La mise en oeuvre de nationalisations l\u00e0 o\u00f9 il le faut doit permettre non de mutualiser les pertes, mais d\u2019atteindre des objectifs d\u2019int\u00e9r\u00eat g\u00e9n\u00e9ral. Dans ce but, il faudra aussi miser davantage sur l\u2019\u00e9conomie sociale et solidaire pour mieux ancrer l\u2019\u00e9conomie dans les territoires et impulser le nouveau mod\u00e8le de d\u00e9veloppement. <\/p>\n<p>Cette \u00e9pid\u00e9mie et sa propagation rapide sont li\u00e9es \u00e0 la destruction acc\u00e9l\u00e9r\u00e9e des habitats sauvages combin\u00e9e \u00e0 une mondialisation insuffisamment r\u00e9gul\u00e9e. Elles renforcent l\u2019urgence d\u2019une remise en cause de notre mode de production et de consommation : la transformation \u00e9cologique de la France est le nouveau d\u00e9fi de notre R\u00e9publique au XXI\u00e8me si\u00e8cle. Cette prise de conscience des communs naturels \u00e0 prot\u00e9ger et de l\u2019impasse des modes de consommation actuels est essentielle, tout comme les combats de la gauche. Les propositions des participants de la Convention citoyenne pour le climat et sa m\u00e9thode ont permis que progressent dans la soci\u00e9t\u00e9 des projets d\u2019une grande richesse. Les politiques publiques doivent \u00eatre au rendez-vous de cette urgence plan\u00e9taire. <\/p>\n<p>Nous proposons que soit discut\u00e9e et mise en oeuvre rapidement une Prime pour le climat, afin d\u2019\u00e9liminer en priorit\u00e9 les passoires thermiques et sortir les plus pauvres de la pr\u00e9carit\u00e9 \u00e9nerg\u00e9tique. Elle accompagnera aussi les travaux de r\u00e9novation \u00e9nerg\u00e9tique rendus obligatoires pour l\u2019ensemble du b\u00e2ti afin d\u2019atteindre deux millions de logements par an, en privil\u00e9giant les r\u00e9novations compl\u00e8tes. Des dizaines de milliers d\u2019emplois non d\u00e9localisables pourraient \u00eatre ainsi cr\u00e9\u00e9s. <\/p>\n<p>La France a besoin \u00e9galement de b\u00e2tir un plan ambitieux de transition vers une mobilit\u00e9 durable, pour soutenir l\u2019\u00e9lectrification des motorisations, les modes de transports collectifs et partag\u00e9s, la relance des r\u00e9seaux ferroviaires, mais aussi l\u2019extension du droit au t\u00e9l\u00e9travail dans des conditions protectrices pour les salari\u00e9s. <\/p>\n<p>Con\u00e7ue pour \u00e9viter un recours accru aux \u00e9nergies fossiles, dont les prix baissent du fait de la crise, la Contribution Climat \u00c9nergie doit s\u2019accompagner de mesures de redistribution de grande ampleur pour en compenser les effets sur les plus vuln\u00e9rables. Une relance publique du soutien \u00e0 la transition \u00e9cologique locale est plus que jamais indispensable afin d\u2019impliquer beaucoup plus les territoires et les citoyen.ne.s dans le d\u00e9ploiement des projets collectifs d\u2019\u00e9nergies renouvelables. Ces investissements suppl\u00e9mentaires dans la transition \u00e9cologique devront \u00eatre sortis des crit\u00e8res budg\u00e9taires europ\u00e9ens. <\/p>\n<p>La refonte des aides de la PAC en soutien des petites et moyennes exploitations doit \u00eatre acc\u00e9l\u00e9r\u00e9e, pour permettre une agriculture respectueuse de l\u2019environnement, la croissance des productions bio, et pour d\u00e9velopper le paiement des services environnementaux (stockage du carbone, arr\u00eat des intrants chimiques&#8230;). Il faudra enfin donner toute sa place dans nos textes fondamentaux au droit de la nature et mettre en oeuvre de fa\u00e7on strict sur l\u2019ensemble du territoire la politique du \u00ab z\u00e9ro artificialisation nette \u00bb et la protection de la biodiversit\u00e9. <\/p>\n<p>Ces investissements massifs, pour l\u2019imm\u00e9diat ou le futur, exigent un financement soutenable et \u00e9quitable. L\u2019engagement de l\u2019Europe en est l\u2019une des cl\u00e9s. C\u2019est une n\u00e9cessit\u00e9 qui conditionne la survie de l\u2019Union, quand les forces de d\u00e9membrement prosp\u00e8rent gr\u00e2ce au manque de solidarit\u00e9 europ\u00e9enne dans chaque moment de crise. On attend de l\u2019Europe qu\u2019elle conduise durablement une politique mon\u00e9taire \u00e0 la hauteur du risque actuel, mais aussi qu\u2019elle mette en oeuvre des formes in\u00e9dites de financement en commun pour emp\u00eacher une hausse de l\u2019endettement des \u00c9tats, en particulier les plus affect\u00e9s par la crise sanitaire. Il faudra aussi d\u00e8s les prochains mois engager le chantier de la restructuration des dettes h\u00e9rit\u00e9es des crises successives. <\/p>\n<p>Tous les pays en ont en effet un urgent besoin pour permettre un nouveau d\u00e9part et la transformation de leurs \u00e9conomies tellement interd\u00e9pendantes. Ces financements europ\u00e9ens ne sauraient \u00eatre assortis des mesures d\u2019aust\u00e9rit\u00e9 qui ont creus\u00e9 entre les peuples des blessures encore ingu\u00e9rissables. Les conditionnalit\u00e9s aujourd\u2019hui se nomment \u00e9cologie, coh\u00e9sion sociale et respect de la d\u00e9mocratie. Une transformation profonde des structures de l\u2019Union europ\u00e9enne est indispensable pour rendre possibles ces politiques ambitieuses de solidarit\u00e9. Cela implique la remise en cause du pacte budg\u00e9taire. <\/p>\n<p>Mais l\u2019Europe ne pourra pas r\u00e9gler seule l\u2019addition de la crise. Les \u00c9tats devront eux aussi apporter une r\u00e9ponse fiscale et budg\u00e9taire dans un esprit de justice. Pour corriger les in\u00e9galit\u00e9s creus\u00e9es au cours des derni\u00e8res d\u00e9cennies et aggrav\u00e9es par la crise, et pour pr\u00e9venir l\u2019effondrement de nos soci\u00e9t\u00e9s. La France doit r\u00e9tablir un Imp\u00f4t de solidarit\u00e9 sur la fortune, mettant \u00e0 contribution les patrimoines les plus \u00e9lev\u00e9s, et renforcer la progressivit\u00e9 de sa fiscalit\u00e9 sur les revenus, notamment ceux du capital, largement \u00e9rod\u00e9e depuis 2017. Compte tenu de l\u2019ampleur des d\u00e9penses engag\u00e9es pour faire face \u00e0 la crise, elle devra appeler une contribution anti-crise des citoyens les plus ais\u00e9s. La taxation des secteurs qui ont b\u00e9n\u00e9fici\u00e9 de la crise et de ceux qui ont d\u00e9cid\u00e9, au c\u0153ur de la temp\u00eate, de continuer \u00e0 distribuer des dividendes ou \u00e0 s\u2019enrichir \u00e0 l\u2019abri des paradis fiscaux doit \u00eatre propos\u00e9e sans d\u00e9lai au Parlement. La ma\u00eetrise \u00e0 l\u2019avenir des \u00e9carts de salaires au sein des entreprises participe de ces pr\u00e9alables de justice : au-del\u00e0 d\u2019un \u00e9cart d\u2019un \u00e0 douze, il ne serait plus possible de d\u00e9duire les r\u00e9mun\u00e9rations et les cotisations de l\u2019imp\u00f4t sur les soci\u00e9t\u00e9s. Ces choix sont ins\u00e9parables d\u2019une action ambitieuse pour que les b\u00e9n\u00e9fices des soci\u00e9t\u00e9s multinationales cessent d\u2019\u00e9chapper largement \u00e0 la fiscalit\u00e9 fran\u00e7aise, notamment en les obligeant \u00e0 une totale transparence sur leurs activit\u00e9s et les taxes pay\u00e9es dans les pays o\u00f9 elles sont pr\u00e9sentes. Cette reconqu\u00eate ne sera compl\u00e8te que lorsque les g\u00e9ants du num\u00e9rique contribueront par un imp\u00f4t juste aux efforts d\u2019investissement qui attendent la France et l\u2019Europe. <\/p>\n<p>Ces mesures n\u2019auront de sens et d\u2019efficacit\u00e9 que si dans l\u2019apr\u00e8s-crise, une transition d\u00e9mocratique offre \u00e0 tous la capacit\u00e9 d\u2019agir pour un monde commun. La verticalit\u00e9 du pouvoir fracture la soci\u00e9t\u00e9. Elle alimente l\u2019impuissance et la d\u00e9fiance. C\u2019est l\u2019\u00e9chec de la V\u00e8me R\u00e9publique. Seule une refondation de nos institutions permettra de le d\u00e9passer. Il est imp\u00e9ratif de ne pas confier \u00e0 un \u00ab sauveur supr\u00eame \u00bb ou au pouvoir technocratique \u00ab la sortie de crise \u00bb, mais au contraire d\u2019augmenter la participation des citoyen.nes aux d\u00e9cisions qui les concernent et cela \u00e0 tous les niveaux. <\/p>\n<p>R\u00e9ussir les transitions exige un d\u00e9veloppement des emplois publics partout o\u00f9 leur manque cruel se v\u00e9rifie aujourd\u2019hui. Il faudra aussi r\u00e9nover l\u2019action publique en inventant les outils, l\u2019organisation, les m\u00e9tiers du secteur public de demain. Rien ne progressera sans des d\u00e9lib\u00e9rations collectives, valorisant bien davantage les citoyens et leurs comp\u00e9tences, l\u2019\u00e9ducation, l\u2019innovation sociale et la cr\u00e9ation culturelle, les territoires, villes et villages. <\/p>\n<p>Cet imp\u00e9ratif s\u2019adresse aussi aux entreprises : pour r\u00e9ussir la sortie de crise, il faut y faire entrer la d\u00e9mocratie en associant r\u00e9ellement les salari\u00e9s \u00e0 leur strat\u00e9gie. Cela doit s\u2019incarner dans une cod\u00e9termination \u00e0 la fran\u00e7aise avec la pr\u00e9sence de 50% de repr\u00e9sentants des salari\u00e9s dans les conseils de surveillance ou les conseils d\u2019administration des grandes entreprises et le renforcement des pouvoirs des repr\u00e9sentants des salari\u00e9s \u00e0 tous les niveaux. <\/p>\n<p>Lourde de souffrances in\u00e9dites, cette p\u00e9riode ne doit pas confisquer les espoirs de changement, bien au contraire. Faisons place \u00e0 l\u2019action collective et \u00e0 ces premi\u00e8res convergences. Pour \u00eatre \u00e0 ce rendez-vous de notre Histoire, nous proposons qu\u2019un grand \u00e9v\u00e9nement, une \u00ab convention du monde commun \u00bb, r\u00e9unissent dans les prochains mois toutes les \u00e9nergies disponibles, les citoyennes et citoyens \u00e9pris de profonds changements, les formations politiques, les forces associatives, les initiatives que portent syndicats et ONG. C\u2019est une premi\u00e8re \u00e9tape cruciale et attendue pour une alternative d\u00e9mocratique, \u00e9cologique et sociale. Nous voulons lui donner la force de notre engagement.<\/p>\n","protected":false},"excerpt":{"rendered":"<p>Favoris\u00e9e par la destruction de la nature, la pand\u00e9mie a g\u00e9n\u00e9r\u00e9 une crise \u00e9conomique de grande ampleur, une commotion sociale brutale et une mise entre parenth\u00e8se du fonctionnement d\u00e9mocratique. D\u00e8s maintenant, il s\u2019agit d\u2019\u00e9viter le pire et de pr\u00e9parer l\u2019avenir.<\/p>\n","protected":false},"author":666,"featured_media":0,"comment_status":"open","ping_status":"open","sticky":false,"template":"","format":"standard","meta":{"_themeisle_gutenberg_block_has_review":false,"footnotes":""},"categories":[278],"tags":[517],"class_list":["post-12298","post","type-post","status-publish","format-standard","hentry","category-tribunes","tag-covid-19"],"_links":{"self":[{"href":"https:\/\/archives.regards.fr\/index.php?rest_route=\/wp\/v2\/posts\/12298","targetHints":{"allow":["GET"]}}],"collection":[{"href":"https:\/\/archives.regards.fr\/index.php?rest_route=\/wp\/v2\/posts"}],"about":[{"href":"https:\/\/archives.regards.fr\/index.php?rest_route=\/wp\/v2\/types\/post"}],"author":[{"embeddable":true,"href":"https:\/\/archives.regards.fr\/index.php?rest_route=\/wp\/v2\/users\/666"}],"replies":[{"embeddable":true,"href":"https:\/\/archives.regards.fr\/index.php?rest_route=%2Fwp%2Fv2%2Fcomments&post=12298"}],"version-history":[{"count":0,"href":"https:\/\/archives.regards.fr\/index.php?rest_route=\/wp\/v2\/posts\/12298\/revisions"}],"wp:attachment":[{"href":"https:\/\/archives.regards.fr\/index.php?rest_route=%2Fwp%2Fv2%2Fmedia&parent=12298"}],"wp:term":[{"taxonomy":"category","embeddable":true,"href":"https:\/\/archives.regards.fr\/index.php?rest_route=%2Fwp%2Fv2%2Fcategories&post=12298"},{"taxonomy":"post_tag","embeddable":true,"href":"https:\/\/archives.regards.fr\/index.php?rest_route=%2Fwp%2Fv2%2Ftags&post=12298"}],"curies":[{"name":"wp","href":"https:\/\/api.w.org\/{rel}","templated":true}]}}