{"id":1229,"date":"1999-02-01T00:00:00","date_gmt":"1999-01-31T23:00:00","guid":{"rendered":"https:\/\/wp.muchomaas.com\/un-dialogue-a-100-milliards-de1229\/"},"modified":"1999-02-01T00:00:00","modified_gmt":"1999-01-31T23:00:00","slug":"un-dialogue-a-100-milliards-de1229","status":"publish","type":"post","link":"https:\/\/archives.regards.fr\/?p=1229","title":{"rendered":"Un dialogue \u00e0 100 milliards de neurones"},"content":{"rendered":"<p class=\"post_excerpt\"> Voir aussi <\/p>\n<p>Regarder le cerveau penser&#8230;<strong> En vingt ans, la recherche sur le fonctionnement c\u00e9r\u00e9bral a consid\u00e9rablement progress\u00e9. D\u00e9sormais, on localise mieux les origines de certaines affections. Mais la plus importante d\u00e9couverte est sans doute celle de l&#8217;extraordinaire plasticit\u00e9 du cerveau humain. <\/strong><\/p>\n<p>Les techniques du scanner et de l&#8217;imagerie par r\u00e9sonance magn\u00e9tique (IRM) notamment ont permis de dresser une sorte d'&#8221;atlas fonctionnel&#8221; du cerveau dans lequel subsistent cependant de nombreuses zones d&#8217;ombre. Dans l&#8217;histoire de l&#8217;\u00e9tude des m\u00e9canismes c\u00e9r\u00e9braux, ce travail de recensement des zones c\u00e9r\u00e9brales selon leur degr\u00e9 d&#8217;implication dans la r\u00e9alisation de telle ou telle fonction vitale ou secondaire a d&#8217;abord \u00e9t\u00e9 r\u00e9alis\u00e9 en r\u00e9pertoriant chez les patients atteints de maladies c\u00e9r\u00e9brales les l\u00e9sions observ\u00e9es pour chaque cas.<\/p>\n<p><strong> L&#8217;organe de traitement de l&#8217;information <\/strong><\/p>\n<p>D\u00e8s le XIXe si\u00e8cle, avait \u00e9t\u00e9 rep\u00e9r\u00e9e dans l&#8217;h\u00e9misph\u00e8re gauche la r\u00e9gion dite &#8220;de Broca&#8221;, du nom de son d\u00e9couvreur, dont le r\u00f4le est depuis av\u00e9r\u00e9 dans la fonction langagi\u00e8re. Il fut \u00e9tabli que sa d\u00e9gradation entra\u00eenait une perte de la facult\u00e9 du langage articul\u00e9 ou &#8220;aphasie&#8221; chez le sujet parlant comme chez le sourd-muet. Depuis, de nombreuses r\u00e9gions du cortex telles que l&#8217;aire visuelle primaire ou l&#8217;aire de Wernicke, impliqu\u00e9e dans le traitement des sons, ou encore les aires motrices et psychomotrices pour la production des mouvements, ont \u00e9t\u00e9 localis\u00e9es. En mesurant le d\u00e9bit sanguin, les nouvelles techniques de l&#8217;imagerie m\u00e9dicale permettent la visualisation, en temps r\u00e9el, de l&#8217;activit\u00e9 des r\u00e9seaux de neurones d&#8217;un sujet sain ou malade, alors m\u00eame qu&#8217;il effectue une t\u00e2che donn\u00e9e. Ce qui ne signifie pas que la &#8220;cartographie&#8221; du cerveau soit close, loin s&#8217;en faut. En outre, elle ne peut pr\u00e9tendre, seule, expliquer le fonctionnement de l&#8217;organe le plus complexe qui soit. En effet, selon Jean-Louis Juan de Mendoza, auteur de Deux h\u00e9misph\u00e8res, un cerveau (1), \u00e0 partir des ann\u00e9es 60, &#8220;le localisationnisme (&#8230;) n&#8217;est plus de mise, et c&#8217;est \u00e0 juste titre que les chercheurs ne consid\u00e8rent plus une structure c\u00e9r\u00e9brale comme le \u00ab si\u00e8ge \u00bb d&#8217;une facult\u00e9 mais seulement comme une zone n\u00e9cessaire \u00e0 la r\u00e9alisation d&#8217;une fonction&#8221;. Car, si le cerveau humain h\u00e9berge environ 100 milliards de neurones, chaque neurone peut \u00e9tablir, gr\u00e2ce aux synapses (2), de nombreuses relations avec d&#8217;autres neurones, jusqu&#8217;\u00e0 10 000 par neurone. &#8220;Aussi, poursuit Jean-Louis de Mendoza, faut-il concevoir le cerveau essentiellement comme un organe de traitement des informations, dont les diff\u00e9rents composants dialoguent sans cesse entre eux (&#8230;). C&#8217;est gr\u00e2ce \u00e0 ces incessants \u00e9changes que l&#8217;individu va prendre connaissance du monde qui l&#8217;entoure, confronter les informations recueillies \u00e0 ses connaissances ant\u00e9rieures stock\u00e9es dans sa m\u00e9moire, faire des observations ou des hypoth\u00e8ses sur l&#8217;\u00e9tat de ce monde et sur ses \u00e9ventuels changements, et adapter sa conduite en cons\u00e9quence&#8221;.<\/p>\n<p><strong> Un d\u00e9menti \u00e0 l&#8217;approche fonctionnaliste <\/strong><\/p>\n<p>Fran\u00e7ois Demonet, neurologue, et Dominique Cardesat, linguiste, \u00e0 l&#8217;unit\u00e9 U 455 de l&#8217;INSERM de l&#8217;h\u00f4pital Purpan de Toulouse, travaillent quotidiennement sur ces questions. Ils confirment : &#8220;Nos observations nous ont amen\u00e9s \u00e0 abandonner le sch\u00e9ma selon lequel une fonction c\u00e9r\u00e9brale est assur\u00e9e par une zone sp\u00e9cifique. En fait, pour une fonction donn\u00e9e, nous constatons que plusieurs r\u00e9gions du cerveau travaillent en m\u00eame temps. D&#8217;un autre c\u00f4t\u00e9, une seule r\u00e9gion peut s&#8217;activer pour plusieurs fonctions.&#8221; Cette interp\u00e9n\u00e9tration des circuits neurologiques d\u00e9bouche sur une multiplicit\u00e9 d&#8217;affections dont l&#8217;origine est souvent difficile \u00e0 circonscrire avec pr\u00e9cision, mais aussi sur des d\u00e9couvertes en apparence anodines, comme celle qui place les mots d\u00e9signant des objets qu&#8217;on n&#8217;a pas pu appr\u00e9hender sensoriellement comme, par exemple, le mot &#8220;girafe&#8221; dans une autre r\u00e9gion du cortex que les mots d\u00e9signant des objets familiers, comme &#8220;table&#8221; ou &#8220;chaise&#8221; que nos sens ont pu exp\u00e9rimenter. Et encore, cela n&#8217;est-il pas une r\u00e8gle absolue. Bien des exceptions selon les individus, leur culture ou selon les affections dont ils sont atteints, viennent compliquer la t\u00e2che du chercheur qui tente d&#8217;associer \u00e0 une partie du cortex c\u00e9r\u00e9bral telle ou telle fonction pr\u00e9cise. Ainsi, quelle surprise d&#8217;apprendre, par exemple, que c&#8217;est dans l&#8217;h\u00e9misph\u00e8re gauche des Japonais que sont trait\u00e9s la musique traditionnelle nippone ou le chant des oiseaux, alors qu&#8217;ils sont analys\u00e9s dans l&#8217;h\u00e9misph\u00e8re droit chez les non-Japonais !<\/p>\n<p>Tout en r\u00e9v\u00e9lant une grande complexit\u00e9 des m\u00e9canismes c\u00e9r\u00e9braux, les avanc\u00e9es de ces derni\u00e8res ann\u00e9es apportent donc un d\u00e9menti \u00e0 l&#8217;approche &#8220;fonctionnaliste&#8221; ou &#8220;d\u00e9terministe&#8221; qui a longtemps pr\u00e9valu et qui stipule qu&#8217;\u00e0 chaque r\u00e9gion du cerveau doit correspondre, de fa\u00e7on inn\u00e9e, une fonction pr\u00e9d\u00e9termin\u00e9e, ind\u00e9pendamment de l&#8217;environnement.<\/p>\n<p>1. Deux H\u00e9misph\u00e8res, un cerveau, Jean-Louis Juan de Mendoza, Editions Flammarion, collection Dominos, 1996.<\/p>\n<p>2. Du grec &#8220;sunapsis&#8221;, point de jonction entre deux neurones par lequel s&#8217;effectue la transmission de l&#8217;influx nerveux d&#8217;un neurone \u00e0 l&#8217;autre.<\/p>\n","protected":false},"excerpt":{"rendered":"<p> Voir aussi <\/p>\n","protected":false},"author":1,"featured_media":0,"comment_status":"open","ping_status":"open","sticky":false,"template":"","format":"standard","meta":{"_themeisle_gutenberg_block_has_review":false,"footnotes":""},"categories":[141],"tags":[294],"class_list":["post-1229","post","type-post","status-publish","format-standard","hentry","category-archives-web","tag-recherche"],"_links":{"self":[{"href":"https:\/\/archives.regards.fr\/index.php?rest_route=\/wp\/v2\/posts\/1229","targetHints":{"allow":["GET"]}}],"collection":[{"href":"https:\/\/archives.regards.fr\/index.php?rest_route=\/wp\/v2\/posts"}],"about":[{"href":"https:\/\/archives.regards.fr\/index.php?rest_route=\/wp\/v2\/types\/post"}],"author":[{"embeddable":true,"href":"https:\/\/archives.regards.fr\/index.php?rest_route=\/wp\/v2\/users\/1"}],"replies":[{"embeddable":true,"href":"https:\/\/archives.regards.fr\/index.php?rest_route=%2Fwp%2Fv2%2Fcomments&post=1229"}],"version-history":[{"count":0,"href":"https:\/\/archives.regards.fr\/index.php?rest_route=\/wp\/v2\/posts\/1229\/revisions"}],"wp:attachment":[{"href":"https:\/\/archives.regards.fr\/index.php?rest_route=%2Fwp%2Fv2%2Fmedia&parent=1229"}],"wp:term":[{"taxonomy":"category","embeddable":true,"href":"https:\/\/archives.regards.fr\/index.php?rest_route=%2Fwp%2Fv2%2Fcategories&post=1229"},{"taxonomy":"post_tag","embeddable":true,"href":"https:\/\/archives.regards.fr\/index.php?rest_route=%2Fwp%2Fv2%2Ftags&post=1229"}],"curies":[{"name":"wp","href":"https:\/\/api.w.org\/{rel}","templated":true}]}}