{"id":12287,"date":"2020-05-08T09:14:34","date_gmt":"2020-05-08T07:14:34","guid":{"rendered":"https:\/\/wp.muchomaas.com\/article-mises-a-pied-bavures-morts-collateraux-et-vies-epargnees-les-autres-chiffres-du\/"},"modified":"2023-06-23T23:57:10","modified_gmt":"2023-06-23T21:57:10","slug":"article-mises-a-pied-bavures-morts-collateraux-et-vies-epargnees-les-autres-chiffres-du","status":"publish","type":"post","link":"https:\/\/archives.regards.fr\/?p=12287","title":{"rendered":"Mises \u00e0 pied, bavures, morts collat\u00e9raux et vies \u00e9pargn\u00e9es : les autres chiffres du Covid-19"},"content":{"rendered":"<p class=\"post_excerpt\">Depuis le d\u00e9but de la pand\u00e9mie du coronavirus, nos vies sont rythm\u00e9es par le d\u00e9compte des entr\u00e9es et des sorties des services de r\u00e9animation, du nombre de personnes infect\u00e9es par le virus et de celui des d\u00e9c\u00e8s. Mais il est d&#8217;autres donn\u00e9es, moins m\u00e9diatiques (et tr\u00e8s provisoires), que voil\u00e0.<\/p>\n<h2>7 MISES \u00c0 PIED<\/h2>\n<p>Qu&#8217;ils soient soignants, inspecteur du travail ou \u00e9boueur, ils n&#8217;avaient qu&#8217;une seule exigence : que chacun travaille en s\u00e9curit\u00e9, avec l&#8217;\u00e9quipement n\u00e9cessaire, afin que la sant\u00e9 des travailleurs ne soient pas mise en danger par le Covid-19. Pour avoir demander cela, ils ont \u00e9t\u00e9 mis \u00e0 pied.<\/p>\n<p>Le 16 avril, Anthony Smith, inspecteur du travail, a \u00e9t\u00e9 mis \u00e0 pied par le minist\u00e8re du Travail, sans que l&#8217;on sache bien pourquoi. <a href=\"https:\/\/rapportsdeforce.fr\/pouvoir-et-contre-pouvoir\/inspection-du-travail-une-mise-a-pied-individuelle-pour-une-mise-au-pas-collective-04236886\">Sur le site Rapports de force<\/a>, on lit : <em>\u00ab D\u00e9cid\u00e9e par le minist\u00e8re du Travail, cette suspension \u00e0 titre conservatoire tombe le jour m\u00eame o\u00f9 une action en justice \u00e9tait lanc\u00e9e par l\u2019inspecteur du travail. En r\u00e9f\u00e9r\u00e9, il demandait \u00e0 un juge de sommer une entreprise d\u2019aide \u00e0 la personne de prot\u00e9ger ses salari\u00e9es des risques de propagation du Covid-19 en leur fournissant masques, surblouses et charlottes. Or les gestes barri\u00e8res sont les seules pr\u00e9conisations, a minima, du minist\u00e8re du Travail. Dans un communiqu\u00e9 le minist\u00e8re a jug\u00e9 les exigences de l\u2019inspecteur Anthony Smith comme des &#8220;faits conside\u0301re\u0301s comme fautifs&#8221;. Une langue de bois qui cache mal un manque d\u2019arguments. &#8220;Au-del\u00e0 de la mise \u00e0 pied, \u00e7a nous semble surtout une mani\u00e8re de faire un exemple et de faire r\u00e9gner la peur&#8221;, ajoute Sabine Daum\u00e9nil \u00bb<\/em>, syndiqu\u00e9e \u00e0 la CGT. Une plainte a \u00e9t\u00e9 envoy\u00e9e \u00e0 l\u2019Organisation internationale du travail.<\/p>\n<p>&nbsp;<\/p>\n<p>\n<strong>LIRE AUSSI SUR REGARDS.FR<br \/>\n>><\/strong> <em><a href=\"https:\/\/wp.muchomaas.com\/ecologie\/article\/pollution-et-dividendes-il-faut-que-le-gouvernement-arrete-de-se-defausser-et\">Pollution et dividendes : \u00ab Il faut que le gouvernement arr\u00eate de se d\u00e9fausser et soumette les multinationales \u00bb<\/a><\/em><\/p>\n<p>&nbsp;<\/p>\n<p><a href=\"https:\/\/reflets.info\/articles\/une-aide-soignante-syndicaliste-de-l-hopital-de-hautmont-mise-a-pied\">Sur Reflets<\/a>, on lit : <em>\u00ab Laetitia P., aide-soignante au Centre hospitalier d&#8217;Hautmont (Nord), s&#8217;est vue notifier samedi 4 avril une mise \u00e0 pied pour une dur\u00e9e de quatre mois maximum. La direction lui reproche des faits de &#8220;menaces&#8221; et d&#8217;entretenir un &#8220;climat de crainte&#8221; dans l\u2019\u00e9tablissement. \u00bb<\/em> \u00c9galement repr\u00e9sentante syndicale Sud Sant\u00e9 et d\u00e9l\u00e9gu\u00e9e au CHSCT, il lui est pr\u00e9cis\u00e9ment reproch\u00e9 d&#8217;avoir demand\u00e9 \u00e0 ce que les soignants b\u00e9n\u00e9ficient du mat\u00e9riel ad\u00e9quat apr\u00e8s qu&#8217;un premier cas de Covid-19 ait \u00e9t\u00e9 d\u00e9clar\u00e9 dans le centre.<\/p>\n<p>Fin mars, \u00e0 Toulouse, dans l&#8217;Ehpad de la C\u00e9pi\u00e8re, deux soignants ont \u00e9t\u00e9 mis \u00e0 pied apr\u00e8s avoir demand\u00e9 plus de protection pour le personnel. L\u00e0 encore, la direction les accuse d&#8217;avoir <em>\u00ab instiller la peur chez les soignants et les r\u00e9sidents \u00bb<\/em>, t\u00e9moigne l&#8217;un d&#8217;eux \u00e0 <em>La D\u00e9p\u00eache<\/em>, <a href=\"https:\/\/www.ladepeche.fr\/2020\/04\/21\/deux-infirmiers-vires-dun-ehpad-de-toulouse-car-ils-reclamaient-des-masques-la-police-intervient,8856185.php\">o\u00f9 l&#8217;on lit ceci<\/a> : <em>\u00ab L&#8217;un d&#8217;eux a d\u00fb quitter son poste en plein service, escort\u00e9 par la police. \u00bb<\/em><\/p>\n<p>Le 26 mars, <a href=\"https:\/\/www.larep.fr\/saint-ay-45130\/actualites\/une-employee-de-saint-ay-a-t-elle-ete-mise-a-pied-a-cause-du-coronavirus_13770381\/#refresh\">on lit dans le journal<\/a> <em>La R\u00e9publique du Centre<\/em> : <em>\u00ab Une salari\u00e9e de l&#8217;entreprise de Saint-Ay, CIRETEC, a \u00e9t\u00e9 mise \u00e0 pied, \u00e0 titre conservatoire, parce qu&#8217;elle aurait demand\u00e9 plus de mesures de s\u00e9curit\u00e9 concernant le coronavirus. La direction r\u00e9fute totalement cette hypoth\u00e8se. \u00bb<\/em><\/p>\n<p><a href=\"https:\/\/www.mediacites.fr\/enquete\/lyon\/2020\/03\/23\/lyon-deux-eboueurs-mis-a-pied-chez-pizzorno-sur-fond-de-tensions-autour-du-coronavirus\/\">Dans l&#8217;enqu\u00eate de M\u00e9diacit\u00e9s Lyon<\/a>, on apprend que deux \u00e9boueurs du principal op\u00e9rateur priv\u00e9 de collecte de d\u00e9chets de la M\u00e9tropole lyonnaise ont \u00e9t\u00e9 mis \u00e0 pied apr\u00e8s s&#8217;\u00eatre\u2026 serr\u00e9 la main. Or, selon les salari\u00e9s, la direction n&#8217;a pris aucun mesure pour assurer leur protection.<\/p>\n<h2>12 BAVURES<\/h2>\n<p>C&#8217;est le <a href=\"https:\/\/rebellyon.info\/Meurtres-et-mensonges-d-Etat-la-police-22286\">recensement effectu\u00e9 par le site rebellyon.info<\/a>, pour la seule p\u00e9riode du 4 avril au 10 mai.<\/p>\n<p>Pour rappel, en France, il y a <a href=\"https:\/\/wp.muchomaas.com\/politique\/article\/violences-policieres-un-mort-par-mois-en-silence\">en moyenne un peu plus d&#8217;un mort par mois<\/a> entre les mains de la police et\/ou des gendarmes.<\/p>\n<p><a href=\"https:\/\/rebellyon.info\/Au-nom-de-la-lutte-contre-le-covid-19-la-22174#nh2\">Rebellyon<\/a> recense \u00e9galement trois faits de violences polici\u00e8res et rappelle que l\u2019Association de lutte contre les violences polici\u00e8res a d\u00e9j\u00e0 enregistr\u00e9 sept plaintes contre les forces de l&#8217;ordre.<\/p>\n<h2>9000 D\u00c9C\u00c8S \u00c0 DOMICILE LI\u00c9S AU COVID-19<\/h2>\n<p>Selon MG France, syndicat des m\u00e9decins g\u00e9n\u00e9ralistes, 9000 personnes seraient mortes du Covid-19 \u00e0 domicile entre le 17 mars et 19 avril. De plus, selon l\u2019Insee, le nombre des d\u00e9c\u00e8s hors h\u00f4pital ou Ehpad a bondi de 26% d\u00e9but avril en France. Le nombre officiel de d\u00e9c\u00e8s \u00e0 domicile li\u00e9 au Covid-19 sera connu au mois de juin, <a href=\"https:\/\/www.francetvinfo.fr\/sante\/maladie\/coronavirus\/coronavirus-le-nombre-de-deces-a-domicile-du-covid-19-sera-connu-au-mois-de-juin-promet-le-ministre-de-la-sante_3940151.html\">a fait savoir le ministre de la Sant\u00e9 Olivier V\u00e9ran<\/a>.<\/p>\n<h2>27 SOIGNANTS D\u00c9C\u00c9D\u00c9S<\/h2>\n<p>27, ce sera le minimum, selon un d\u00e9compte de l&#8217;AFP. Mais toujours aucun chiffre officiel, pas plus que l&#8217;on ne conna\u00eet le nombre de soignants admis \u00e0 l&#8217;h\u00f4pital pour le Covid-19. Le 16 avril, le site medscape.com, qui publie les noms des personnels soignants d\u00e9c\u00e9d\u00e9s, d\u00e9comptait 7 morts pour la France, contre 97 pour l\u2019Italie et 85 pour les \u00c9tats-Unis.<\/p>\n<h2>45% DE CRIMES ET D\u00c9LITS EN MOINS, 36% DE VIOLENCES INTRAFAMILIALES EN PLUS<\/h2>\n<p>Selon le le service statistique du minist\u00e8re de l\u2019Int\u00e9rieur, depuis le 17 mars, les crimes et d\u00e9lits enregistr\u00e9s par la police et la gendarmerie reculent en moyenne de 45%, jusqu&#8217;\u00e0 -51% pour les vols sans violence. A contrario, les violences intrafamiliales ont bondi de 36% dans la zone de la pr\u00e9fecture de police de Paris pendant la premi\u00e8re semaine du confinement.<\/p>\n<h2>+184% DES DEMANDES POUR UNE IVG TARDIVES<\/h2>\n<p><a href=\"https:\/\/www.lesnouvellesnews.fr\/retour-en-arriere-pour-livg-avec-la-pandemie\/\">Sur le site Les Nouvelles News<\/a>, on lit qu&#8217;un rapport du Planning familial constate <em>\u00ab une augmentation de 330% des difficult\u00e9s concernant des dysfonctionnements dans la prise en charge des personnes. [&#8230;] Au final &#8220;les femmes viennent globalement moins avorter alors qu\u2019elles en ont toujours le m\u00eame besoin&#8221; dit le rapport. [&#8230;] Autre chiffre inqui\u00e9tant : sur trois semaines le num\u00e9ro vert a re\u00e7u 54 demandes pour une IVG \u00e0 l\u2019\u00e9tranger ou une IMG en France, contre 19 demandes en 2019, soit &#8220;une augmentation de 184% des demandes pour une interruption de grossesse au-del\u00e0 de 12 semaines de grossesse.&#8221; \u00bb<\/em> En parall\u00e8le, selon le Fonds des Nations Unies pour la population, le confinement priverait 47 millions de femmes d\u2019acc\u00e8s \u00e0 la contraception, lesquelles risqueraient 7 millions de grossesses non d\u00e9sir\u00e9es.<\/p>\n<h2>101 PERSONNES TU\u00c9ES EN MOINS SUR LES ROUTES<\/h2>\n<p><a href=\"https:\/\/www.securite-routiere.gouv.fr\/actualites\/baisse-de-la-mortalite-routiere-au-mois-de-mars-2020-dans-un-contexte-de-forte\">Selon les estimations de la s\u00e9curit\u00e9 routi\u00e8re<\/a>, <em>\u00ab en mars 2020 en France m\u00e9tropolitaine, 154 personnes sont d\u00e9c\u00e9d\u00e9es sur les routes, contre 255 en mars 2019, soit 101 personnes tu\u00e9es en moins (- 39,6%) \u00bb<\/em>. \u00c0 noter \u00e9galement la baisse de plus de 40% des accidents corporels et des bless\u00e9s.<\/p>\n<h2>50.000 MORTS COLLAT\u00c9RAUX AU ROYAUME-UNI<\/h2>\n<p>Outre-Manche, le professeur Karol Sikora, sp\u00e9cialiste du cancer, estime que l&#8217;\u00e9pid\u00e9mie de coronavirus pourrait entra\u00eener 50.000 d\u00e9c\u00e8s par cancer, faute de d\u00e9tection pr\u00e9coce, de suivi et de traitement, soit quasiment autant que les morts li\u00e9es au Covid-19. En moyenne, le Royaume-Uni d\u00e9plore chaque ann\u00e9e 165.000 d\u00e9c\u00e8s suite \u00e0 un cancer, 148.000 pour la France[[Source : Ligue du cancer et Cancer Research UK]]. \u00c0 noter qu&#8217;en France, depuis le confinement, on constate dans certains \u00e9tablissements une baisse pouvant aller jusqu&#8217;\u00e0 -50% du nombre de patients pour les cancers, les AVC ou les infarctus. <\/p>\n<h2>11.000 VIES SAUV\u00c9ES EN EUROPE GR\u00c2CE \u00c0 LA BAISSE DE LA POLLUTION<\/h2>\n<p>11.000 personnes \u00ab auraient d\u00fb mourir \u00bb \u00e0 cause de la pollution en Europe. Confinement oblige, les \u00e9missions de CO2 ont chut\u00e9 de 40% et celles de particules fines de 10%. Pour rappel, la pollution de l&#8217;air tue chaque ann\u00e9e 400.000 personnes en Europe.<\/p>\n<h2>1 GARDE \u00c0 VUE, SIX AUDITIONS LIBRES ET 1 VISITE \u00c0 DOMICILE POUR DES BANDEROLES \u00ab MACRONAVIRUS \u00bb<\/h2>\n<p>Pour avoir affich\u00e9 \u00e0 sa fen\u00eatre une banderole \u00ab Macronavirus, \u00e0 quand la fin ? \u00bb[[\u00c0 noter que ce jeu de mot \u00ab Macronavirus \u00bb provient d&#8217;une <a href=\"https:\/\/www.facebook.com\/CharlieHebdoOfficiel\/posts\/3065289380160846\/\">Une de Charlie Hebdo<\/a>.]], une Toulousaine a pass\u00e9 plusieurs heures en garde \u00e0 vue, accus\u00e9e d&#8217;\u00ab outrage \u00e0 personne d\u00e9positaire de l&#8217;autorit\u00e9 publique \u00bb, avant d&#8217;\u00eatre rel\u00e2ch\u00e9e. Quatre jours plus tard, six de ses colocataires sont \u00e0 leur tour convoqu\u00e9 au commissariat, cette fois-ci pour une audition libre. L&#8217;histoire faisant grand bruit, de nombreuses personnes font de m\u00eame. Un autre Toulousain recevra le week-end suivant la visite des policiers \u00e0 son domicile, lui enjoignant un choix assez clair : soit il retire sa banderole, soit il vient au poste. <a href=\"https:\/\/reporterre.net\/La-police-du-Macronavirus-attaque-la-liberte-de-s-exprimer-par-banderole\">D&#8217;autres pressions du m\u00eame genre ont eu lieu un peu partout en France<\/a>, concernant d&#8217;autres messages.<\/p>\n<p>&nbsp;<\/p>\n<p><img14103|left><\/p>\n<p>&nbsp;<\/p>\n<p>\n<a href=\"https:\/\/wp.muchomaas.com\/auteur\/loic-le-clerc\"><strong>Lo\u00efc Le Clerc<\/strong><\/a> et <a href=\"https:\/\/wp.muchomaas.com\/auteur\/sebastien-bergerat\"><strong>S\u00e9bastien Bergerat<\/strong><\/a><\/p>\n<div id='gallery-1' class='gallery galleryid-12287 gallery-columns-3 gallery-size-thumbnail'><figure class='gallery-item'>\n\t\t\t<div class='gallery-icon landscape'>\n\t\t\t\t<a href='https:\/\/archives.regards.fr\/wp-content\/uploads\/2020\/05\/i-4dd.png'><img loading=\"lazy\" decoding=\"async\" width=\"150\" height=\"150\" src=\"https:\/\/archives.regards.fr\/wp-content\/uploads\/2020\/05\/i-4dd-150x150.png\" class=\"attachment-thumbnail size-thumbnail\" alt=\"i.png\" \/><\/a>\n\t\t\t<\/div><\/figure>\n\t\t<\/div>\n\n","protected":false},"excerpt":{"rendered":"<p>Depuis le d\u00e9but de la pand\u00e9mie du coronavirus, nos vies sont rythm\u00e9es par le d\u00e9compte des entr\u00e9es et des sorties des services de r\u00e9animation, du nombre de personnes infect\u00e9es par le virus et de celui des d\u00e9c\u00e8s. Mais il est d&#8217;autres donn\u00e9es, moins m\u00e9diatiques (et tr\u00e8s provisoires), que voil\u00e0.<\/p>\n","protected":false},"author":1203,"featured_media":29226,"comment_status":"open","ping_status":"open","sticky":false,"template":"","format":"standard","meta":{"_themeisle_gutenberg_block_has_review":false,"footnotes":""},"categories":[10],"tags":[517],"class_list":["post-12287","post","type-post","status-publish","format-standard","has-post-thumbnail","hentry","category-societe","tag-covid-19"],"_links":{"self":[{"href":"https:\/\/archives.regards.fr\/index.php?rest_route=\/wp\/v2\/posts\/12287","targetHints":{"allow":["GET"]}}],"collection":[{"href":"https:\/\/archives.regards.fr\/index.php?rest_route=\/wp\/v2\/posts"}],"about":[{"href":"https:\/\/archives.regards.fr\/index.php?rest_route=\/wp\/v2\/types\/post"}],"author":[{"embeddable":true,"href":"https:\/\/archives.regards.fr\/index.php?rest_route=\/wp\/v2\/users\/1203"}],"replies":[{"embeddable":true,"href":"https:\/\/archives.regards.fr\/index.php?rest_route=%2Fwp%2Fv2%2Fcomments&post=12287"}],"version-history":[{"count":0,"href":"https:\/\/archives.regards.fr\/index.php?rest_route=\/wp\/v2\/posts\/12287\/revisions"}],"wp:featuredmedia":[{"embeddable":true,"href":"https:\/\/archives.regards.fr\/index.php?rest_route=\/wp\/v2\/media\/29226"}],"wp:attachment":[{"href":"https:\/\/archives.regards.fr\/index.php?rest_route=%2Fwp%2Fv2%2Fmedia&parent=12287"}],"wp:term":[{"taxonomy":"category","embeddable":true,"href":"https:\/\/archives.regards.fr\/index.php?rest_route=%2Fwp%2Fv2%2Fcategories&post=12287"},{"taxonomy":"post_tag","embeddable":true,"href":"https:\/\/archives.regards.fr\/index.php?rest_route=%2Fwp%2Fv2%2Ftags&post=12287"}],"curies":[{"name":"wp","href":"https:\/\/api.w.org\/{rel}","templated":true}]}}