{"id":12279,"date":"2020-05-05T15:20:07","date_gmt":"2020-05-05T13:20:07","guid":{"rendered":"https:\/\/wp.muchomaas.com\/article-coronaviril-un-meeting-pour-que-demain-soit-feministe\/"},"modified":"2023-06-23T23:57:00","modified_gmt":"2023-06-23T21:57:00","slug":"article-coronaviril-un-meeting-pour-que-demain-soit-feministe","status":"publish","type":"post","link":"https:\/\/archives.regards.fr\/?p=12279","title":{"rendered":"#Coronaviril : un meeting pour que demain soit f\u00e9ministe"},"content":{"rendered":"<p class=\"post_excerpt\">\u00c0 l&#8217;initiative des d\u00e9put\u00e9es Cl\u00e9mentine Autain et Elsa Faucillon, un meeting num\u00e9rique est organis\u00e9 ce mercredi 6 mai \u00e0 17h30 sur les r\u00e9seaux sociaux. \u00ab Demain sera f\u00e9ministe ou ne sera pas \u00bb, tel est le mot d&#8217;ordre.<\/p>\n<p><em>Pour suivre le meeting en direct, cliquez <a href=\"https:\/\/www.youtube.com\/watch?v=JfSxfDohBgk\">ici<\/a>.<\/em><\/p>\n<p>&nbsp;<\/p>\n<p>Comme le note la d\u00e9put\u00e9e insoumise Cl\u00e9mentine Autain <a href=\"https:\/\/twitter.com\/Clem_Autain\/status\/1257008141646147587\">sur Twitter<\/a> : <em>\u00ab Sur les plateaux t\u00e9l\u00e9, dans les h\u00e9micycles, les hommes sont omnipr\u00e9sents, quand les femmes tiennent la ligne dans les h\u00f4pitaux, les supermarch\u00e9s, cousent les masques \u00bb<\/em>.<\/p>\n<p>&nbsp;<\/p>\n<p>\n<strong>LIRE AUSSI SUR REGARDS.FR<br \/>\n>><\/strong> <em><a href=\"https:\/\/wp.muchomaas.com\/politique\/article\/infographies-le-testosterometre-de-l-annee-2019\">INFOGRAPHIES. Le testost\u00e9rom\u00e8tre de l\u2019ann\u00e9e 2019<\/a><\/em><\/p>\n<p>&nbsp;<\/p>\n<p>M\u00e9decins, \u00e9ditorialistes, politiques, etc. Il n&#8217;y en a que pour eux. Pendant ce temps-l\u00e0, dans la \u00ab vraie vie \u00bb, elles sont au front : infirmi\u00e8res, aides-soignantes, caissi\u00e8res, enseignantes du primaire, personnels des Ehpad, agents de nettoyages\u2026 Que des femmes ou presque. Sans parler des femmes confin\u00e9es \u00e0 domicile entre le t\u00e9l\u00e9travail, les courses et les enfants. Quand ce n&#8217;est pas <a href=\"https:\/\/www.publicsenat.fr\/article\/parlementaire\/violences-intrafamiliales-hausse-de-48-des-interventions-a-domicile-annonce\">confin\u00e9e avec un homme violent<\/a>.<\/p>\n<p>Que le monde soit ainsi fait, favorisant sans cesse les hommes dans les lieux de pouvoir comme dans ceux de paroles, \u00e7a n&#8217;est pas une nouvelle. Pour autant, au temps du Covid-19, cela devient si pressant, si visible, que cela n&#8217;est qu&#8217;insupportable.<\/p>\n<p><img decoding=\"async\" src=\"IMG\/jpg\/befunky-collage-245.jpg\" alt=\"befunky-collage-245.jpg\" align=\"left\" \/><\/p>\n<p>&nbsp;<\/p>\n<p>C&#8217;est \u00e0 l&#8217;occasion d&#8217;une visio-conf\u00e9rence que Claire Monod s&#8217;est pris la r\u00e9alit\u00e9 en pleine face. La coordinatrice nationale de G\u00e9n\u00e9ration.s nous raconte :<\/p>\n<blockquote><p>\u00ab Lors d&#8217;une r\u00e9union organis\u00e9e par Matignon avec les diff\u00e9rents chefs de partis, pr\u00e9sidents des assembl\u00e9es et des associations d&#8217;\u00e9lus, il n&#8217;y avait que deux femmes : Marine Le Pen et moi. Autant dire qu&#8217;il n&#8217;y a qu&#8217;une femme qui a eu la parole. Quand cette invisibilisation appara\u00eet sur un \u00e9cran, \u00e7a saute aux yeux ! Comme cette photo de l&#8217;Assembl\u00e9e nationale\u2026 \u00bb<\/p><\/blockquote>\n<p><img loading=\"lazy\" decoding=\"async\" class=\" alignleft size-full wp-image-29210\" src=\"https:\/\/wp.muchomaas.com\/wp-content\/uploads\/2020\/05\/befunky-collage_2_-16-444-scaled.jpg\" alt=\"befunky-collage_2_-16.jpg\" align=\"left\" width=\"2560\" height=\"1980\" srcset=\"https:\/\/archives.regards.fr\/wp-content\/uploads\/2020\/05\/befunky-collage_2_-16-444-scaled.jpg 2560w, https:\/\/archives.regards.fr\/wp-content\/uploads\/2020\/05\/befunky-collage_2_-16-444-300x232.jpg 300w, https:\/\/archives.regards.fr\/wp-content\/uploads\/2020\/05\/befunky-collage_2_-16-444-1024x792.jpg 1024w, https:\/\/archives.regards.fr\/wp-content\/uploads\/2020\/05\/befunky-collage_2_-16-444-768x594.jpg 768w, https:\/\/archives.regards.fr\/wp-content\/uploads\/2020\/05\/befunky-collage_2_-16-444-1536x1188.jpg 1536w, https:\/\/archives.regards.fr\/wp-content\/uploads\/2020\/05\/befunky-collage_2_-16-444-2048x1584.jpg 2048w\" sizes=\"auto, (max-width: 2560px) 100vw, 2560px\" \/><\/p>\n<p>&nbsp;<\/p>\n<p>Ce montage, c&#8217;est celui des orateurs de l&#8217;Assembl\u00e9e nationale lors du d\u00e9bat qui a suivi, le 28 avril, la pr\u00e9sentation du plan de d\u00e9confinement par le Premier ministre. Quatre femmes pour seize hommes, et encore, la premi\u00e8re femme \u00e0 avoir \u00e9t\u00e9 aper\u00e7ue au perchoir (si on ne compte pas les agents de nettoyage) l&#8217;a \u00e9t\u00e9 au bout de 3h30 de d\u00e9bat\u2026 La \u00ab guerre \u00bb, c&#8217;est une affaire d&#8217;hommes. Macron, Philippe, V\u00e9ran[[Rappelons qu&#8217;avec le remplacement d&#8217;Agn\u00e8s Buzyn par Olivier V\u00e9ran, il n&#8217;y a plus que 8 femmes ministres sur 17 ; il n&#8217;y a toujours que 9 femmes \u00ab ministres aupr\u00e8s de\u2026 \u00bb et secr\u00e9taires d\u2019\u00c9tat sur 20 ; ce qui fait un total de 20 hommes et 17 femmes au gouvernement.]], Le Maire et Castaner. C\u00f4t\u00e9 femmes, <em>\u00ab \u00e0 part Marine Le Pen, Sibeth Ndiaye et Marl\u00e8ne Schiappa, il n&#8217;y a plus personne dans les m\u00e9dias \u00bb<\/em>, d\u00e9plore Sandra Regol, secr\u00e9taire nationale adjointe d&#8217;EELV, qui s&#8217;inqui\u00e8te par ailleurs de la capacit\u00e9 de l&#8217;extr\u00eame droite \u00e0 faire monter des jeunes femmes.<\/p>\n<p>Face \u00e0 cette situation, les d\u00e9put\u00e9es Cl\u00e9mentine Autain et Elsa Faucillon ont pris l&#8217;initiative d&#8217;organiser un <a href=\"https:\/\/www.facebook.com\/events\/939252723201768\/\">meeting num\u00e9rique ce mercredi 6 mai \u00e0 17h30 sur les r\u00e9seaux sociaux<\/a>, intitul\u00e9 \u00ab Corona viril ! Demain sera f\u00e9ministe ou ne sera pas \u00bb. Le constat est amer : <em>\u00ab Tout fonctionne comme si la vague #MeToo et toutes les luttes f\u00e9ministes de notre temps n\u2019avaient pas exist\u00e9. Or cette vague dit combien nous ne voulons plus \u00eatre enferm\u00e9es dans le silence et l&#8217;invisibilit\u00e9. Nous aspirons \u00e0 \u00eatre des sujets \u00e0 part enti\u00e8re de notre vie et \u00e0 participer \u00e0 part \u00e9gale avec les hommes \u00e0 la vie de la cit\u00e9. \u00bb<\/em><\/p>\n<p>Car il faut se rappeler du contexte politique d&#8217;avant le Covid-19 : le mouvement <em>#MeToo<\/em>, la r\u00e9forme des retraite (et <a href=\"https:\/\/wp.muchomaas.com\/politique\/article\/video-la-greve-est-une-fete\">la chanson <em>\u00c0 cause de Macron<\/em><\/a>) et les <a href=\"https:\/\/wp.muchomaas.com\/idees-culture\/culture\/article\/edito-cesar-2020-l-ombre-et-les-lumieres\">C\u00e9sar<\/a>. <em>\u00ab Il n&#8217;y a pas eu de r\u00e9volution<\/em>, conc\u00e8de Claire Monod, <em>mais un fil conducteur qui m\u00e8ne vers cette col\u00e8re. Franchement, on n&#8217;en peut plus ! \u00bb<\/em> Pour Sandra Regol, la crise ne fait qu&#8217;exacerber la situation. Elle cite Simone de Beauvoir : <em>\u00ab N&#8217;oubliez jamais qu&#8217;il suffira d&#8217;une crise pour que les droits des femmes soient remis en question \u00bb<\/em>. L&#8217;\u00e9cologiste se voit comme membre d&#8217;une g\u00e9n\u00e9ration qui doit permettre \u00e0 la suivante de ne pas vivre la politique comme un milieu r\u00e9serv\u00e9 au <em>\u00ab HSBC : homme straight (h\u00e9t\u00e9ro) blanc cisgenre \u00bb<\/em>.<\/p>\n<p>Ce meeting entend bien reprendre le fil, avec une assez belle union de la gauche et des \u00e9cologistes. Bien qu&#8217;\u00e0 lire la liste des signataires du communiqu\u00e9 de presse[[Manon Aubry (eurod\u00e9put\u00e9e LFI), Cl\u00e9mentine Autain (d\u00e9put\u00e9e, Ensemble-LFI), Esther Benbassa (s\u00e9natrice EELV), Marie-George Buffet (d\u00e9put\u00e9e communiste), Elsa Faucillon (d\u00e9put\u00e9e communiste), Caroline Fiat (d\u00e9put\u00e9e, GRS-LFI) Aurore Lalucq (d\u00e9put\u00e9e europ\u00e9enne, Place publique), Roxane Aksas Lundy (conseill\u00e8re municipale \u00e0 Beauvais, G\u00e9n\u00e9ration.s), Claire Monod (coordinatrice nationale, G\u00e9n\u00e9ration.s), Gabrielle Siry (porte-parole du PS), Christine Poupin (porte-parole du NPA), Sandra Regol (secr\u00e9taire nationale adjointe EELV)]], on r\u00e9alise qu&#8217;\u00e0 gauche aussi, les femmes sont bien l\u00e0, en nombre, mais quasiment toujours \u00e0 l&#8217;\u00e9cart des postes de responsabilit\u00e9s, parfois \u00e0 une place pr\u00e8s ! Combien de femmes cheffes de parti ? Combien pr\u00e9sidentes de groupe parlementaire ? Claire Monod et Nathalie Arthaud, Val\u00e9rie Rabault (groupe socialiste \u00e0 l&#8217;Assembl\u00e9e) et \u00c9liane Assassi (groupe communiste au S\u00e9nat) ? Peut-\u00eatre bien que demain sera f\u00e9ministe, mais demain, c&#8217;est loin.<\/p>\n<blockquote class=\"twitter-tweet\">\n<p lang=\"fr\" dir=\"ltr\">Mercredi \u00e0 17h30 : meeting en ligne pour dire <a href=\"https:\/\/twitter.com\/hashtag\/YaBasta?src=hash&amp;ref_src=twsrc%5Etfw\">#YaBasta<\/a> au <a href=\"https:\/\/twitter.com\/hashtag\/Coronaviril?src=hash&amp;ref_src=twsrc%5Etfw\">#Coronaviril<\/a>. Demain sera f\u00e9ministe \u270a<a href=\"https:\/\/twitter.com\/Clem_Autain?ref_src=twsrc%5Etfw\">@Clem_Autain<\/a> <a href=\"https:\/\/twitter.com\/ManonAubryFr?ref_src=twsrc%5Etfw\">@ManonAubryFr<\/a> <a href=\"https:\/\/twitter.com\/ElsaFaucillon?ref_src=twsrc%5Etfw\">@ElsaFaucillon<\/a> <a href=\"https:\/\/twitter.com\/EstherBenbassa?ref_src=twsrc%5Etfw\">@EstherBenbassa<\/a> <a href=\"https:\/\/twitter.com\/CarolineFiat54?ref_src=twsrc%5Etfw\">@CarolineFiat54<\/a> <a href=\"https:\/\/twitter.com\/AuroreLalucq?ref_src=twsrc%5Etfw\">@AuroreLalucq<\/a><a href=\"https:\/\/twitter.com\/roxane_Lundy?ref_src=twsrc%5Etfw\">@roxane_Lundy<\/a> <a href=\"https:\/\/twitter.com\/ClaireMonod?ref_src=twsrc%5Etfw\">@ClaireMonod<\/a> <a href=\"https:\/\/twitter.com\/sandraregol?ref_src=twsrc%5Etfw\">@sandraregol<\/a><a href=\"https:\/\/twitter.com\/GabrielleSiry?ref_src=twsrc%5Etfw\">@GabrielleSiry<\/a> <a href=\"https:\/\/twitter.com\/NousToutesOrg?ref_src=twsrc%5Etfw\">@NousToutesOrg<\/a> <a href=\"https:\/\/t.co\/nhaKHmKau1\">pic.twitter.com\/nhaKHmKau1<\/a><\/p>\n<p>&mdash; Corona Viril (@CoronaViril) <a href=\"https:\/\/twitter.com\/CoronaViril\/status\/1257333114772258816?ref_src=twsrc%5Etfw\">May 4, 2020<\/a><\/p><\/blockquote>\n<p> <script async src=\"https:\/\/platform.twitter.com\/widgets.js\" charset=\"utf-8\"><\/script><\/p>\n<p>&nbsp;<\/p>\n<p>\n<a href=\"https:\/\/wp.muchomaas.com\/auteur\/loic-le-clerc\"><strong>Lo\u00efc Le Clerc<\/strong><\/a><div id='gallery-1' class='gallery galleryid-12279 gallery-columns-3 gallery-size-thumbnail'><figure class='gallery-item'>\n\t\t\t<div class='gallery-icon landscape'>\n\t\t\t\t<a href='https:\/\/archives.regards.fr\/wp-content\/uploads\/2020\/05\/befunky-collage_1_-54-bfe-scaled.jpg'><img loading=\"lazy\" decoding=\"async\" width=\"150\" height=\"150\" src=\"https:\/\/archives.regards.fr\/wp-content\/uploads\/2020\/05\/befunky-collage_1_-54-bfe-150x150.jpg\" class=\"attachment-thumbnail size-thumbnail\" alt=\"befunky-collage_1_-54.jpg\" \/><\/a>\n\t\t\t<\/div><\/figure><figure class='gallery-item'>\n\t\t\t<div class='gallery-icon landscape'>\n\t\t\t\t<a href='https:\/\/archives.regards.fr\/wp-content\/uploads\/2020\/05\/befunky-collage_2_-16-673-scaled.jpg'><img loading=\"lazy\" decoding=\"async\" width=\"150\" height=\"150\" src=\"https:\/\/archives.regards.fr\/wp-content\/uploads\/2020\/05\/befunky-collage_2_-16-673-150x150.jpg\" class=\"attachment-thumbnail size-thumbnail\" alt=\"befunky-collage_2_-16.jpg\" \/><\/a>\n\t\t\t<\/div><\/figure>\n\t\t<\/div>\n<\/p>\n","protected":false},"excerpt":{"rendered":"<p>\u00c0 l&#8217;initiative des d\u00e9put\u00e9es Cl\u00e9mentine Autain et Elsa Faucillon, un meeting num\u00e9rique est organis\u00e9 ce mercredi 6 mai \u00e0 17h30 sur les r\u00e9seaux sociaux. \u00ab Demain sera f\u00e9ministe ou ne sera pas \u00bb, tel est le mot d&#8217;ordre.<\/p>\n","protected":false},"author":1203,"featured_media":29210,"comment_status":"open","ping_status":"open","sticky":false,"template":"","format":"standard","meta":{"_themeisle_gutenberg_block_has_review":false,"footnotes":""},"categories":[6],"tags":[517,306,295],"class_list":["post-12279","post","type-post","status-publish","format-standard","has-post-thumbnail","hentry","category-actu","tag-covid-19","tag-feminisme","tag-nupes"],"_links":{"self":[{"href":"https:\/\/archives.regards.fr\/index.php?rest_route=\/wp\/v2\/posts\/12279","targetHints":{"allow":["GET"]}}],"collection":[{"href":"https:\/\/archives.regards.fr\/index.php?rest_route=\/wp\/v2\/posts"}],"about":[{"href":"https:\/\/archives.regards.fr\/index.php?rest_route=\/wp\/v2\/types\/post"}],"author":[{"embeddable":true,"href":"https:\/\/archives.regards.fr\/index.php?rest_route=\/wp\/v2\/users\/1203"}],"replies":[{"embeddable":true,"href":"https:\/\/archives.regards.fr\/index.php?rest_route=%2Fwp%2Fv2%2Fcomments&post=12279"}],"version-history":[{"count":0,"href":"https:\/\/archives.regards.fr\/index.php?rest_route=\/wp\/v2\/posts\/12279\/revisions"}],"wp:featuredmedia":[{"embeddable":true,"href":"https:\/\/archives.regards.fr\/index.php?rest_route=\/wp\/v2\/media\/29210"}],"wp:attachment":[{"href":"https:\/\/archives.regards.fr\/index.php?rest_route=%2Fwp%2Fv2%2Fmedia&parent=12279"}],"wp:term":[{"taxonomy":"category","embeddable":true,"href":"https:\/\/archives.regards.fr\/index.php?rest_route=%2Fwp%2Fv2%2Fcategories&post=12279"},{"taxonomy":"post_tag","embeddable":true,"href":"https:\/\/archives.regards.fr\/index.php?rest_route=%2Fwp%2Fv2%2Ftags&post=12279"}],"curies":[{"name":"wp","href":"https:\/\/api.w.org\/{rel}","templated":true}]}}