{"id":12268,"date":"2020-04-30T13:06:06","date_gmt":"2020-04-30T11:06:06","guid":{"rendered":"https:\/\/wp.muchomaas.com\/article-dominique-vidal-a-l-hopital-on-fait-le-tri-entre-les-personnes-agees-et-les\/"},"modified":"2023-06-23T23:56:29","modified_gmt":"2023-06-23T21:56:29","slug":"article-dominique-vidal-a-l-hopital-on-fait-le-tri-entre-les-personnes-agees-et-les","status":"publish","type":"post","link":"https:\/\/archives.regards.fr\/?p=12268","title":{"rendered":"Dominique Vidal : \u00ab A l\u2019h\u00f4pital, on fait le tri entre les personnes \u00e2g\u00e9es et les autres : c\u2019est quasi eug\u00e9niste \u00bb"},"content":{"rendered":"<p class=\"post_excerpt\">Habituellement, on invite l\u2019historien et journaliste Dominique Vidal pour nous parler de g\u00e9opolitique au Moyen-Orient. Mais aujourd\u2019hui, c\u2019est parce qu\u2019il s\u2019est fait le d\u00e9fenseur de la cause des personnes \u00e2g\u00e9es qu\u2019il est dans la Midinale.<\/p>\n<h2>UNE MIDINALE \u00c0 VOIR&#8230;<\/h2>\n<p><iframe loading=\"lazy\" width=\"490\" height=\"276\" src=\"https:\/\/www.youtube.com\/embed\/9bmppYwtrS0\" frameborder=\"0\" allow=\"accelerometer; autoplay; encrypted-media; gyroscope; picture-in-picture\" allowfullscreen><\/iframe><\/p>\n<p>&nbsp;<\/p>\n<p><h2>ET \u00c0 LIRE&#8230;<\/h2>\n<p><em>\u00a0<strong>Retour en chiffres sur les personnes \u00e2g\u00e9es face \u00e0 la pand\u00e9mie<\/em>\u00a0<\/strong><br \/>\n\u00ab Comme disait le camarade L\u00e9nine : \u201cles chiffres sont t\u00eatus\u201d. Nous avons actuellement 15.000 personnes mortes \u00e0 l\u2019h\u00f4pital dont 90% de plus de 70 ans ; 9.000 dans les EHPAD. Et plus 9 \u00e0 10.000 mortes chez elles dont on ne sait encore rien. \u00bb<br \/>\n\u00ab C\u2019est une h\u00e9catombe de personnes \u00e2g\u00e9es \u2013 bien plus que pour la canicule de 2003. \u00bb<br \/>\n\u00ab Une des raisons de l\u2019h\u00e9catombe, c\u2019est l\u2019irresponsabilit\u00e9 des autorit\u00e9s : depuis 20 ans, on a d\u00e9truit le syst\u00e8me hospitalier. \u00bb<br \/>\n\u00ab Au d\u00e9but de l\u2019\u00e9pid\u00e9mie, on a 5.000 lits \u00e9quip\u00e9s de respirateurs quand les Allemands en ont 30.000. \u00bb<br \/>\n\u00ab On a d\u00e9truit, notamment en 2012, tous les moyens de d\u00e9fense contre une \u00e9pid\u00e9mie. \u00bb<br \/>\n\u00ab Il y a aussi une esp\u00e8ce de pens\u00e9e quasi eug\u00e9niste qui monte qui entra\u00eene des pratiques quasi eug\u00e9nistes : \u00e0 l\u2019h\u00f4pital, le \u201ctri\u201d entre les personnes \u00e2g\u00e9es et les autres. \u00bb<br \/>\n\u00ab On a laiss\u00e9 700.000 personnes dans les EHPAD sans aucun moyen de d\u00e9fense : ni masque, ni gel, ni rien du tout. \u00bb<\/p>\n<p><em>\u00a0<strong>Sur la circulaire du 19 mars de l\u2019ARS d\u2019Ile-de-France<\/em>\u00a0<\/strong><br \/>\n\u00ab Il y a deux euthanasies : l\u2019une volontaire, c\u2019est-\u00e0-dire le droit au suicide qui est, \u00e0 mon avis, une libert\u00e9 fondamentale pas encore \u00e9tablie en France alors qu\u2019en Belgique, elle l\u2019est. Et l\u2019autre, l\u2019euthanasie forc\u00e9e, qui est un crime. \u00bb<br \/>\n\u00ab Il y a une diff\u00e9rence entre la situation d\u2019un m\u00e9decin qui se trouve face \u00e0 son patient dans des circonstances exceptionnelles (afflux de malades graves, p\u00e9nuries de moyens\u2026) et qui d\u00e9cide en son \u00e2me et conscience du sort de ce patient apr\u00e8s concertation avec la famille. Si la d\u00e9cision est jug\u00e9e fausse, libre aux proches de porter plainte. Et puis, il y a une situation qui n\u2019a rien \u00e0 voir : un groupe de m\u00e9decins, au nom d\u2019un organisme d\u2019Etat, appelle \u00e0 ce que le docteur Raybaud appelle un triage syst\u00e9matique et organis\u00e9 au terme duquel on exclue de la r\u00e9animation les personnes dites fragiles parce qu\u2019on ne peut pas dire vieilles parce que ce serait politiquement incorrect. C\u2019est cela qui s\u2019est pass\u00e9 avec la circulaire de la honte (du 19 mars 2020) de l\u2019Agence r\u00e9gionale de sant\u00e9 d\u2019Ile-de-France, reprise comme r\u00e9f\u00e9rence par le Minist\u00e8re de la Sant\u00e9. \u00bb<br \/>\n\u00ab En quelques jours apr\u00e8s la r\u00e9daction de la circulaire du 19 mars, la proportion de patients de plus de 75 ans en r\u00e9animation est pass\u00e9e de 19% \u00e0 7% et celle de plus de 80 ans de 9 \u00e0 2%. \u00bb<br \/>\n\u00ab Quand on lit la circulaire du 19 mars, on a envie de vomir. Ces gens vont jusqu\u2019\u00e0 \u00e9crire, \u00e0 propos des personnes non-admises en r\u00e9animation \u201cles soins ne sont pas interrompus mais s\u2019int\u00e9grent dans un accompagnement en collaboration avec les sp\u00e9cialistes d\u2019une prise en charge palliative afin d\u2019assurer une absence de souffrance et une fin de vie digne et apais\u00e9e\u201d. On croirait du Alexis Carrel, du Karl Brandt ou des op\u00e9rations eug\u00e9nistes et euthanasistes. \u00bb<br \/>\n\u00ab Sur presque tous les m\u00e9dias \u00e0 l\u2019exception du M\u00e9dia, de M\u00e9diapart et du Canard encha\u00een\u00e9, on nie l\u2019existence de cette circulaire de la honte du 19 mars ou on essaie d\u2019en diminuer son importance. \u00bb<br \/>\n\u00ab Il y aura un proc\u00e8s et je pense que cette circulaire sera une pi\u00e8ce \u00e0 conviction lorsque le procureur demandera des condamnations pour toute une s\u00e9rie de responsables de l\u2019Etat, du gouvernement et ceux qui ont \u00e9crit ce texte. \u00bb<br \/>\n\u00ab L\u2019eug\u00e9nisme n\u2019a pas commenc\u00e9 en 1939 dans l\u2019Allemagne nazie avec comme cons\u00e9quence l\u2019extermination de 100.000 malades mentaux, dont une bonne partie par le gaz. \u00bb<br \/>\n\u00ab Dans l\u2019histoire de nos pays, l\u2019eug\u00e9nisme a \u00e9t\u00e9 pratiqu\u00e9 : aux Etats-Unis, en Finlande, au Danemark, dans certains cantons de Suisse et en Su\u00e8de o\u00f9 on a continu\u00e9 \u00e0 pratiquer l\u2019eug\u00e9nisme jusqu\u2019en 1976 (63.000 femmes su\u00e9doises ont \u00e9t\u00e9 st\u00e9rilis\u00e9es de force parce qu\u2019elles n\u2019\u00e9taient pas dans les crit\u00e8res retenus). \u00bb<br \/>\n\u00ab Il y a un engrenage auquel il faut r\u00e9fl\u00e9chir parce qu\u2019il s\u2019est produit \u00e0 plusieurs reprises dans l\u2019histoire de nos pays \u2013 et pas uniquement de l\u2019Allemagne nazie : si on commence avec les vieux, on peut continuer avec les malades mentaux et physiques et on peut ajouter au choix, les juifs, les tsiganes, les musulmans, les homosexuels\u2026 \u00bb<br \/>\n\u00ab Les gens qui tiennent des propos eug\u00e9nistes comme Andr\u00e9 Comte-Sponville &#8211; que j\u2019ai connu plus inspir\u00e9 quand il faisait partie de l\u2019Union des Etudiants communistes de la Sorbonne \u2013 ou Val\u00e9rie Fournier \u2013 qui se pr\u00e9sente comme fondatrice d\u2019un centre d\u2019\u00e9tudes cliniques -, ils mettent le doigt dans un engrenage dont on ne sait pas o\u00f9 il peut nous mener. \u00bb<\/p>\n<p><em>\u00a0<strong>Sur le confinement, un temps envisag\u00e9, pour les personnes \u00e2g\u00e9es<\/em>\u00a0<\/strong><br \/>\n\u00ab Je n\u2019ai pas de probl\u00e8mes avec la volont\u00e9 de prot\u00e9ger les personnes \u00e2g\u00e9es et j\u2019appelle toutes celles que je connais \u00e0 ne pas sortir \u00e0 partir du 11 mai si elles n\u2019en ont pas vraiment besoin. \u00bb<br \/>\n\u00ab Le probl\u00e8me, c\u2019est que c\u2019est Jupiter, p\u00e8re de la nation, qui nous a annonc\u00e9 que l\u2019on allait confiner les vieux jusqu\u2019\u00e0 la Saint Glinglin de mani\u00e8re obligatoire. Mais \u00e7a a \u00e9t\u00e9 un tel scandale qu\u2019on ne parle plus aujourd\u2019hui de confinement obligatoire mais de pr\u00e9cautions \u00e0 prendre sur la base du volontariat. \u00bb<br \/>\n\u00ab Il faut que nous pr\u00e9servions nos libert\u00e9s : nous sommes dans un contexte o\u00f9 les menaces sur nos libert\u00e9s, des vieux comme des jeunes, sont importantes. \u00bb<\/p>\n<p><em>\u00a0<strong>Sur l\u2019oubli des personnes \u00e2g\u00e9es dans le d\u00e9bat public<\/em>\u00a0<\/strong><br \/>\n\u00ab Je crois que la fracture g\u00e9n\u00e9rationnelle n\u2019a rien \u00e0 voir avec le probl\u00e8me auquel nous sommes confront\u00e9s aujourd\u2019hui mais tout \u00e0 voir avec la d\u00e9g\u00e9n\u00e9rescence des m\u00e9dias : aujourd\u2019hui, quand tu regardes le journal t\u00e9l\u00e9vis\u00e9 de TF1 ou de France 2, tu as l\u2019impression d\u2019une suite d\u2019\u00e9l\u00e9ment de propagande. D\u00e8s que la moindre critique est \u00e9mise ici ou l\u00e0 contre la politique du pouvoir, des gens viennent non pas donner des \u00e9l\u00e9ments pour comprendre ou alimenter le d\u00e9bat mais pour d\u00e9fendre Emmanuel Macron, Edouard Philippe ou Olivier V\u00e9ran. \u00bb<br \/>\n\u00ab Les gens qui m\u00e8nent la bataille de la propagande au service du pouvoir, ils ne sont pas tous jeunes ! Je n\u2019ai pas l\u2019impression qu\u2019Alain Duhamel soit un perdreau de l\u2019ann\u00e9e. \u00bb<br \/>\n\u00ab Il y a une conscience de la part de beaucoup de responsables m\u00e9diatiques du caract\u00e8re extr\u00eamement sensible de cette question et notamment de la circulaire de la honte du 19 mars qui fait fr\u00e9mir des millions de personnes \u00e2g\u00e9es. \u00bb<br \/>\n\u00ab Il y a une phrase, dans la circulaire du 19 mars, qui dit que, m\u00eame s\u2019il y a de la place en r\u00e9animation, il ne faut pas prendre des personnes fragiles. Qu\u2019est-ce que cela veut dire de l\u2019\u00e9tat de d\u00e9g\u00e9n\u00e9rescence mental des m\u00e9decins qui ont \u00e9crit cette phrase ? \u00bb<\/p>\n<p><em>\u00a0<strong>Sur la question des personnes \u00e2g\u00e9es dans notre soci\u00e9t\u00e9<\/em>\u00a0<\/strong><br \/>\n\u00ab Il y a deux mois, les vieux, c\u2019\u00e9tait des gens \u00e0 qui on demandait de travailler jusqu\u2019\u00e0 68 ans. \u00bb<br \/>\n\u00ab On sait tr\u00e8s bien que les personnes \u00e2g\u00e9es aident \u00e0 l\u2019\u00e9ducation des enfants et qu\u2019ils constituent aussi les forces vives de la plupart des associations de notre pays. Sans les vieux, le tissu associatif fran\u00e7ais s\u2019effondrerait. \u00bb<br \/>\n\u00ab Je crois qu\u2019on peut juger une soci\u00e9t\u00e9 \u00e0 la mani\u00e8re dont elle traite ses enfants et ses personnes \u00e2g\u00e9es. \u00bb<br \/>\n\u00ab Nous qui avons une telle conscience de la sup\u00e9riorit\u00e9 de la civilisation occidentale, on ne voit pas que, dans la plupart des pays dits anciennement du tiers-monde, notamment en Asie, la question des personnes \u00e2g\u00e9es est trait\u00e9e de mani\u00e8re totalement diff\u00e9rente. \u00bb<br \/>\n\u00ab Je vis dans le 13\u00e8me arrondissement de Paris, dans le quartier chinois, et les habitants du quartier ne savent pas ce que c\u2019est qu\u2019un EHPAD : les personnes \u00e2g\u00e9es vivent avec les personnes plus jeunes, pas seulement par empathie mais parce qu\u2019il y a un deal \u2013 elles font les courses, elles am\u00e8nent les enfants \u00e0 l\u2019\u00e9cole, elles font le m\u00e9nage\u2026 Elles sont int\u00e9gr\u00e9es dans la vie sociale. Je pense que c\u2019est une solution bien meilleure. \u00bb<br \/>\n\u00ab La conception que nous avons en Occident et en France, tr\u00e8s individuelle, autour d\u2019un noyau avec l\u2019homme, la femme et les enfants sans le reste, ne pr\u00eate pas de grandes possibilit\u00e9s d\u2019envisager autrement la place des personnes \u00e2g\u00e9es dans la soci\u00e9t\u00e9. \u00bb<\/p>\n<p><em>\u00a0<strong>Intervention de Ziad Medoukh, professeur de fran\u00e7ais \u00e0 Gaza<\/em>\u00a0<\/strong><br \/>\n\u00ab Le Moyen-Orient est une des r\u00e9gions o\u00f9 le virus a eu une p\u00e9n\u00e9tration tr\u00e8s limit\u00e9e sauf en Iran, en Turquie et dans la population ultraothodoxe d\u2019Isra\u00ebl. \u00bb<br \/>\n\u00ab En Cisjordanie et \u00e0 Gaza, il y a moins de 500 malades et 4 morts. C\u2019est presqu\u2019un miracle ! \u00bb<br \/>\n \u00ab A Gaza, il y a un centre pour les personnes \u00e2g\u00e9es o\u00f9 il y a seulement 37 personnes. La solidarit\u00e9 familiale est tr\u00e8s importante dans la bande de Gaza. \u00bb<br \/>\n\u00ab Ce qui est \u00e9crit dans la circulaire du 19 mars est impensable dans une soci\u00e9t\u00e9 arabe. \u00bb<div id='gallery-1' class='gallery galleryid-12268 gallery-columns-3 gallery-size-thumbnail'><figure class='gallery-item'>\n\t\t\t<div class='gallery-icon landscape'>\n\t\t\t\t<a href='https:\/\/archives.regards.fr\/wp-content\/uploads\/2020\/04\/capture_d_e_cran_2020-04-30_a_12-4c7.59.54.png'><img loading=\"lazy\" decoding=\"async\" width=\"150\" height=\"150\" src=\"https:\/\/archives.regards.fr\/wp-content\/uploads\/2020\/04\/capture_d_e_cran_2020-04-30_a_12-4c7.59.54-150x150.png\" class=\"attachment-thumbnail size-thumbnail\" alt=\"capture_d_e_cran_2020-04-30_a_12.59.54.png\" \/><\/a>\n\t\t\t<\/div><\/figure>\n\t\t<\/div>\n<\/p>\n","protected":false},"excerpt":{"rendered":"<p>Habituellement, on invite l\u2019historien et journaliste Dominique Vidal pour nous parler de g\u00e9opolitique au Moyen-Orient. Mais aujourd\u2019hui, c\u2019est parce qu\u2019il s\u2019est fait le d\u00e9fenseur de la cause des personnes \u00e2g\u00e9es qu\u2019il est dans la Midinale.<\/p>\n","protected":false},"author":1204,"featured_media":29189,"comment_status":"open","ping_status":"open","sticky":false,"template":"","format":"standard","meta":{"_themeisle_gutenberg_block_has_review":false,"footnotes":""},"categories":[238],"tags":[517],"class_list":["post-12268","post","type-post","status-publish","format-standard","has-post-thumbnail","hentry","category-la-midinale","tag-covid-19"],"_links":{"self":[{"href":"https:\/\/archives.regards.fr\/index.php?rest_route=\/wp\/v2\/posts\/12268","targetHints":{"allow":["GET"]}}],"collection":[{"href":"https:\/\/archives.regards.fr\/index.php?rest_route=\/wp\/v2\/posts"}],"about":[{"href":"https:\/\/archives.regards.fr\/index.php?rest_route=\/wp\/v2\/types\/post"}],"author":[{"embeddable":true,"href":"https:\/\/archives.regards.fr\/index.php?rest_route=\/wp\/v2\/users\/1204"}],"replies":[{"embeddable":true,"href":"https:\/\/archives.regards.fr\/index.php?rest_route=%2Fwp%2Fv2%2Fcomments&post=12268"}],"version-history":[{"count":0,"href":"https:\/\/archives.regards.fr\/index.php?rest_route=\/wp\/v2\/posts\/12268\/revisions"}],"wp:featuredmedia":[{"embeddable":true,"href":"https:\/\/archives.regards.fr\/index.php?rest_route=\/wp\/v2\/media\/29189"}],"wp:attachment":[{"href":"https:\/\/archives.regards.fr\/index.php?rest_route=%2Fwp%2Fv2%2Fmedia&parent=12268"}],"wp:term":[{"taxonomy":"category","embeddable":true,"href":"https:\/\/archives.regards.fr\/index.php?rest_route=%2Fwp%2Fv2%2Fcategories&post=12268"},{"taxonomy":"post_tag","embeddable":true,"href":"https:\/\/archives.regards.fr\/index.php?rest_route=%2Fwp%2Fv2%2Ftags&post=12268"}],"curies":[{"name":"wp","href":"https:\/\/api.w.org\/{rel}","templated":true}]}}