{"id":12264,"date":"2020-04-29T09:33:08","date_gmt":"2020-04-29T07:33:08","guid":{"rendered":"https:\/\/wp.muchomaas.com\/article-tribune-ehpad-silence-on-meurt\/"},"modified":"2023-06-23T23:56:24","modified_gmt":"2023-06-23T21:56:24","slug":"article-tribune-ehpad-silence-on-meurt","status":"publish","type":"post","link":"https:\/\/archives.regards.fr\/?p=12264","title":{"rendered":"TRIBUNE. Ehpad : silence, on meurt"},"content":{"rendered":"<p class=\"post_excerpt\">Quelle protection dans les Ehpad, pour les r\u00e9sidents comme pour les soignants ? Quelles conditions de travail en pleine pand\u00e9mie du Covid-19 ? Comme si tout avait \u00e9t\u00e9 abandonn\u00e9 \u00e0 la finance, abandonn\u00e9 par nos politiques publiques.<\/p>\n<p>La situation dans les Ehpad est toujours aussi catastrophique ! C\u2019est honteux, la fa\u00e7on dont en France on ne prend pas soin de nos a\u00een\u00e9s. Nos Ehpad se transforment en mouroirs sans que le gouvernement ne r\u00e9agisse. C\u2019est toute la g\u00e9n\u00e9ration de 45, celles et ceux \u00e0 qui l\u2019on doit le programme du Conseil National de la R\u00e9sistance, \u00ab les jours heureux \u00bb, notre mod\u00e8le de protection sociale, qu\u2019on laisse crever. Sans m\u00eame pouvoir leur tenir la main. \u00ab Le monde d\u2019apr\u00e8s \u00bb doit totalement repenser ses politiques \u00e0 l\u2019intention des personnes \u00e2g\u00e9es d\u00e9pendantes.[[Ma derni\u00e8re courte vid\u00e9o sur le sujet \u00e0 <a href=\"https:\/\/youtu.be\/1neavfFbcc4\">ce lien<\/a>]]<\/p>\n<p><em>Transmettez-moi vos t\u00e9moignages, que vous soyez famille de r\u00e9sidents en Ehpad ou salari\u00e9s intervenant en Ehpad. Aussi, je souhaite faire un article prochainement sur les aides \u00e0 domicile : idem, j\u2019ai besoin de vos t\u00e9moignages !<\/em><\/p>\n<p>&nbsp;<\/p>\n<p>\n<strong>LIRE AUSSI SUR REGARDS.FR<br \/>\n>><\/strong> <em><a href=\"https:\/\/wp.muchomaas.com\/idees-culture\/article\/tribune-1er-mai-pas-de-confinement-pour-nos-revendications\">TRIBUNE. 1er mai : pas de confinement pour nos revendications !<\/a><\/em><\/p>\n<p>&nbsp;<\/p>\n<p>Du fait de la sursaturation des services de r\u00e9animation des h\u00f4pitaux, comme me l\u2019ont confirm\u00e9 des syndicalistes de l\u2019AP-HP, aucun patient issu des Ehpad n\u2019est admis. Les protocoles ont d\u00fb prioriser : les plus \u00e2g\u00e9es, les plus vuln\u00e9rables, on ne tentera pas de les sauver. ce sont donc des protocoles d\u2019accompagnement de fin de vie qui sont instaur\u00e9s en Ehpad pour les plus atteints. Le droit aux soins n\u2019est donc plus garanti pour nos anciens. La ville de Paris a initi\u00e9 l\u2019organisation de tests de l\u2019int\u00e9gralit\u00e9 des r\u00e9sidents et intervenants en Ehpad, en commen\u00e7ant par les Ehpad du CASVP (Comit\u00e9 d\u2019action sociale de la Ville de Paris). Mais cela intervient h\u00e9las tardivement et tous les Ehpad priv\u00e9s sont loin d\u2019avoir \u00e9t\u00e9 test\u00e9s. Combien compterons-nous de morts du Covid-19 parmi les r\u00e9sidents et parmi les salari\u00e9s \u00e0 la fin de la pand\u00e9mie ? Et combien compterons-nous de morts \u00e0 domicile, toujours parmi nos a\u00een\u00e9s ? Et parmi les aides \u00e0 domicile que le gouvernement n\u2019a pas voulu consid\u00e9rer comme prioritaires dans l\u2019acc\u00e8s aux masques et \u00e0 l\u2019ensemble du mat\u00e9riel de protection ? On nous \u00e9voque d\u00e9j\u00e0 une estimation de 9000 d\u00e9c\u00e8s \u00e0 domicile&#8230;<\/p>\n<p>\u00c0 Paris, une citoyenne, Marie Sophie Boulanger, a port\u00e9 plainte contre l\u2019Ehpad priv\u00e9 Les Parent\u00e8les de la rue Blanche, dans le 9e, l\u2019Ehpad o\u00f9 r\u00e9side sa maman, pour mise en danger de la vie d\u2019autrui. Elle d\u00e9nonce l\u2019omerta qui y r\u00e8gne : on cache l\u2019h\u00e9catombe aux familles. D\u00e8s f\u00e9vrier, un premier cas de Covid-19 \u00e9tait apparu mais la direction a dissuad\u00e9 le personnel de porter des masques pour ne pas cr\u00e9er de panique parmi les r\u00e9sidents et leurs familles\u2026. Ils ont donc ainsi laiss\u00e9 la maladie se propager. Dans cet Ehpad qui accueille des personnes atteintes de la maladie d&#8217;Alzheimer, il n\u2019y avait m\u00eame pas un poste de m\u00e9decin ! Un \u00e9tage avait bien fini par \u00eatre r\u00e9serv\u00e9 pour isoler les r\u00e9sidents atteints du coronavirus, mais les aides soignantes sans masques y allaient la boule au ventre. La direction, selon des t\u00e9moignages de salari\u00e9s, conseillait \u00e0 son \u00e9quipe de ne pas pr\u00e9venir de suite les familles du d\u00e9c\u00e8s de l\u2019un des leur, pour gagner du temps pour remettre les chambres d\u00e9laiss\u00e9es en ordre. Les d\u00e9c\u00e8s \u00e9taient ainsi annonc\u00e9 plus de 5 heures apr\u00e8s. On y compte 22 d\u00e9c\u00e8s du Covid-19 sur 65 r\u00e9sidents. Mais ce chiffre n\u2019\u00e9tait pas transmis aux familles, la direction ayant jusqu\u2019\u00e0 peu d\u00e9clar\u00e9 que 3 d\u00e9c\u00e8s dus au virus. Malgr\u00e9 les pressions fortes de la direction, Marie Sophie Boulanger a port\u00e9 plainte lundi dernier. Premier effet de sa d\u00e9termination, l\u2019\u00e9tablissement a engag\u00e9 un m\u00e9decin et renforc\u00e9 les effectifs. Plus de soins et d\u2019attention sont accord\u00e9s \u00e0 sa m\u00e8re qui se porte mieux \u00e0 pr\u00e9sent. L\u2019ensemble des r\u00e9sidents vont b\u00e9n\u00e9ficier de son courage.[[Signez <a href=\"https:\/\/www.change.org\/p\/sos-ehpad-nos-a\u00een\u00e9s-se-meurent\">la p\u00e9tition<\/a> initi\u00e9e par Marie-Sophie Boulanger]]<\/p>\n<p>Les le\u00e7ons de ce t\u00e9moignage sont \u00e9videntes : il faut briser l\u2019omerta des Ehpad. Exiger de l\u2019Agence r\u00e9gionale de sant\u00e9 qu\u2019elle les inspecte. Les familles ont d\u00e9sormais le droit de visiter leur proche, elles doivent exiger le respect de ce droit. Parce que ces contacts humains sont essentiels pour nos a\u00een\u00e9s, pour qu\u2019ils continuent de souhaiter vivre, boire et s\u2019alimenter, le moral est essentiel. C\u2019est aussi essentiel pour nous-m\u00eames, pour notre humanit\u00e9 et pour savoir ce qui se passe r\u00e9ellement dans ces institutions.<\/p>\n<blockquote><p>Les personnels sont en premi\u00e8re ligne comme dans les h\u00f4pitaux, mais avec encore moins de moyens. Ils comptent les morts dans un silence confin\u00e9 opaque. Le pire pour ces travailleurs engag\u00e9s, c\u2019est de se dire que bien souvent, du fait de l\u2019absence de d\u00e9cisions de protection prises par leurs directions, du manque de masques et de protections, ce sont elles et eux qui ont transmis le Covid-19 \u00e0 leurs r\u00e9sidents comme \u00e0 leur propre famille.<\/p><\/blockquote>\n<p>Le sous-effectif est structurel et de longue date dans les Ehpad. Je me souviens, il y a trois ans de ces familles de r\u00e9sidents de l\u2019Ehpad municipal Alquier Debrousse dans le 20e. Elles souhaitaient que je relaie en conseil d\u2019arrondissement la maltraitance institutionnelle potentielle inflig\u00e9e \u00e0 leurs proches du fait de directions mettant leurs agents sous pression, sous tension en permanence. Je me souviens de la souffrance au travail racont\u00e9e, v\u00e9cue, subie par ces agents. Mais par crainte de repr\u00e9saille \u00e0 l\u2019encontre de leurs parents r\u00e9sidents, ces familles ne souhaitaient pas que je nomme en s\u00e9ance le nom de l\u2019\u00e9tablissement. <a href=\"https:\/\/youtu.be\/es8Whk5yhNM\">J\u2019\u00e9tais intervenue en Conseil de Paris<\/a> en respectant l\u2019anonymat demand\u00e9. La maire du 20e n\u2019avait pas voulu entendre. La maire de Paris non plus. M\u2019accusant de mensonges et de m\u00e9pris vis-\u00e0-vis des agents d\u00e9vou\u00e9s des Ehpad. Je ne remets pas en cause ce d\u00e9vouement, bien au contraire. Il est \u00e0 un tel niveau que c\u2019est leur vie m\u00eame et celle de leurs proches qu\u2019ils mettent en danger. Combien de salari\u00e9s des Ehpad ont attrap\u00e9 le Covid-19 sur leur lieu de travail ? Ecoutez leurs t\u00e9moignages sur les conditions m\u00eames, inhumaines de prise en charge des d\u00e9c\u00e8s des r\u00e9sidents des Ehpad pour vous en convaincre.<\/p>\n<p>Les syndicalistes intervenants dans les Ehpad sont unanimes : le droit du travail peine \u00e0 y \u00eatre respect\u00e9, pour ce qu\u2019il en reste. Le dialogue social y est bafou\u00e9 et nombres de CSST (anciens CHSCT depuis les ordonnances Macron) n\u2019arrivent pas \u00e0 se tenir. Dans certains Ehpad, les personnels se voient imposer des 60h de travail, pour d\u2019autres ce sont leurs cong\u00e9s pay\u00e9s qui sont rogn\u00e9s. Ils sont en premi\u00e8re ligne comme dans les h\u00f4pitaux, mais avec encore moins de moyens. Ils comptent les morts dans un silence confin\u00e9 opaque. Le pire pour ces travailleurs engag\u00e9s, c\u2019est de se dire que bien souvent, du fait de l\u2019absence de d\u00e9cisions de protection prises par leurs directions, du manque de masques et de protections, ce sont elles et eux qui ont transmis le Covid-19 \u00e0 leurs r\u00e9sidents comme \u00e0 leur propre famille. Il est essentiel de faire reconna\u00eetre le Covid-19 comme maladie professionnelle.<\/p>\n<p>\u00c0 l\u2019autre bout de la cha\u00eene, loin de ces souffrances, il y a les directions de grands groupes, qui ont fait des Ehpad un Business, comme Korian, Domusvie, Orp\u00e9a\u2026 Le Docteur Marian, fondateur de ce dernier grand groupe, Orpea, figure dor\u00e9navant parmi les 500 plus grandes fortunes de France. Une fortune amass\u00e9e sur le dos de la souffrance des r\u00e9sidents et des salari\u00e9s. Ce groupe implant\u00e9 mondialement, avec des \u00e9tablissements en Chine, savait la gravit\u00e9 de la pand\u00e9mie, mais quelles mesures de protection a-t-il d\u00e9cid\u00e9 de prendre ? Envisager imm\u00e9diatement des masques et des tests pour tenter au maximum d\u2019emp\u00eacher le virus d\u2019entrer dans ses Ehpad et de s\u2019y propager ? Non. Il a anticip\u00e9 la chute de valeur de ses actions et les a vendues pour 456 millions d\u2019euros.<\/p>\n<p>Nos a\u00een\u00e9s ne doivent plus \u00eatre abandonn\u00e9s \u00e0 <a href=\"https:\/\/wp.muchomaas.com\/politique\/article\/le-covid-19-tue-les-vautours-planent\">ses vautours de la finance<\/a> et devenir une priorit\u00e9 de nos politiques publiques.<\/p>\n<p>&nbsp;<\/p>\n<p>\n<a href=\"https:\/\/wp.muchomaas.com\/auteur\/danielle-simonnet\"><strong>Danielle Simonnet<\/strong><\/a><div id='gallery-1' class='gallery galleryid-12264 gallery-columns-3 gallery-size-thumbnail'><figure class='gallery-item'>\n\t\t\t<div class='gallery-icon landscape'>\n\t\t\t\t<a href='https:\/\/archives.regards.fr\/wp-content\/uploads\/2020\/04\/befunky-collage-239-57d-scaled.jpg'><img loading=\"lazy\" decoding=\"async\" width=\"150\" height=\"150\" src=\"https:\/\/archives.regards.fr\/wp-content\/uploads\/2020\/04\/befunky-collage-239-57d-150x150.jpg\" class=\"attachment-thumbnail size-thumbnail\" alt=\"befunky-collage-239.jpg\" \/><\/a>\n\t\t\t<\/div><\/figure>\n\t\t<\/div>\n<\/p>\n","protected":false},"excerpt":{"rendered":"<p>Quelle protection dans les Ehpad, pour les r\u00e9sidents comme pour les soignants ? Quelles conditions de travail en pleine pand\u00e9mie du Covid-19 ? Comme si tout avait \u00e9t\u00e9 abandonn\u00e9 \u00e0 la finance, abandonn\u00e9 par nos politiques publiques.<\/p>\n","protected":false},"author":1,"featured_media":29177,"comment_status":"open","ping_status":"open","sticky":false,"template":"","format":"standard","meta":{"_themeisle_gutenberg_block_has_review":false,"footnotes":""},"categories":[278],"tags":[517],"class_list":["post-12264","post","type-post","status-publish","format-standard","has-post-thumbnail","hentry","category-tribunes","tag-covid-19"],"_links":{"self":[{"href":"https:\/\/archives.regards.fr\/index.php?rest_route=\/wp\/v2\/posts\/12264","targetHints":{"allow":["GET"]}}],"collection":[{"href":"https:\/\/archives.regards.fr\/index.php?rest_route=\/wp\/v2\/posts"}],"about":[{"href":"https:\/\/archives.regards.fr\/index.php?rest_route=\/wp\/v2\/types\/post"}],"author":[{"embeddable":true,"href":"https:\/\/archives.regards.fr\/index.php?rest_route=\/wp\/v2\/users\/1"}],"replies":[{"embeddable":true,"href":"https:\/\/archives.regards.fr\/index.php?rest_route=%2Fwp%2Fv2%2Fcomments&post=12264"}],"version-history":[{"count":0,"href":"https:\/\/archives.regards.fr\/index.php?rest_route=\/wp\/v2\/posts\/12264\/revisions"}],"wp:featuredmedia":[{"embeddable":true,"href":"https:\/\/archives.regards.fr\/index.php?rest_route=\/wp\/v2\/media\/29177"}],"wp:attachment":[{"href":"https:\/\/archives.regards.fr\/index.php?rest_route=%2Fwp%2Fv2%2Fmedia&parent=12264"}],"wp:term":[{"taxonomy":"category","embeddable":true,"href":"https:\/\/archives.regards.fr\/index.php?rest_route=%2Fwp%2Fv2%2Fcategories&post=12264"},{"taxonomy":"post_tag","embeddable":true,"href":"https:\/\/archives.regards.fr\/index.php?rest_route=%2Fwp%2Fv2%2Ftags&post=12264"}],"curies":[{"name":"wp","href":"https:\/\/api.w.org\/{rel}","templated":true}]}}