{"id":12256,"date":"2020-04-25T15:25:45","date_gmt":"2020-04-25T13:25:45","guid":{"rendered":"https:\/\/wp.muchomaas.com\/article-debat-la-souverainete-va-t-elle-diviser-la-gauche\/"},"modified":"2023-06-23T23:56:06","modified_gmt":"2023-06-23T21:56:06","slug":"article-debat-la-souverainete-va-t-elle-diviser-la-gauche","status":"publish","type":"post","link":"https:\/\/archives.regards.fr\/?p=12256","title":{"rendered":"D\u00c9BAT. La souverainet\u00e9 va-t-elle  diviser la gauche ?"},"content":{"rendered":"<p class=\"post_excerpt\">Le d\u00e9bat \u00e0 gauche sur la question de la souverainet\u00e9 est tr\u00e8s pr\u00e9sent. Il refait surface dans un contexte particulier de crise sanitaire o\u00f9 les questions de d\u00e9pendance\/ind\u00e9pendance, de d\u00e9mondialisation, de d\u00e9mocratie et de protectionnisme se posent \u00e0 nouveau avec force. De Montebourg \u00e0 M\u00e9lenchon en passant par Maurel, chacun porte une analyse singuli\u00e8re, \u00e0 gauche, sur le th\u00e8me de la souverainet\u00e9. M\u00eame Emmanuel Macron parle aujourd\u2019hui de souverainet\u00e9. La question, c\u2019est de quelle souverainet\u00e9 parle-t-on ? <\/p>\n<p>Nous avons propos\u00e9 \u00e0 Rapha\u00ebl Glucksmann, d\u00e9put\u00e9 europ\u00e9en (Place publique) et Roger Martelli (historien et directeur de la publication de <em>Regards<\/em>) d\u2019en d\u00e9battre autour de cette interrogation : la souverainet\u00e9 va-t-elle diviser la gauche ? Rapha\u00ebl Glucksmann a r\u00e9cemment donn\u00e9 une interview \u00e0 <em>L\u2019Obs<\/em> dans laquelle il d\u00e9clare : <em>\u00ab Ce qui doit primer, ce n\u2019est pas l\u2019id\u00e9al europ\u00e9en, c\u2019est la n\u00e9cessit\u00e9 d\u2019\u00eatre souverain \u00bb<\/em>. De son c\u00f4t\u00e9, Roger Martelli a publi\u00e9 <a href=\"https:\/\/wp.muchomaas.com\/idees-culture\/article\/covid-19-non-la-frontiere-n-est-pas-un-absolu\">un article sur <em>regards.fr<\/em><\/a> sur les cons\u00e9quences du Covid-19 en mati\u00e8re de discours politique, avec notamment la remise en selle de la piste de la d\u00e9mondialisation. Il pense qu&#8217;on a raison de mettre la mondialisation sur la sellette, mais s\u2019interroge sur le terme \u00ab d\u00e9mondialiser \u00bb ainsi que sur le recours politique \u00e0 la souverainet\u00e9 nationale et \u00e0 l\u2019id\u00e9e de fronti\u00e8re.<\/p>\n<p>&nbsp;<\/p>\n<p><h2>UN D\u00c9BAT \u00c0 VOIR&#8230;<\/h2>\n<p><iframe loading=\"lazy\" width=\"490\" height=\"276\" src=\"https:\/\/www.youtube.com\/embed\/Gi_nFoshTVA\" frameborder=\"0\" allow=\"accelerometer; autoplay; encrypted-media; gyroscope; picture-in-picture\" allowfullscreen><\/iframe><\/p>\n<p>&nbsp;<\/p>\n<p><h2>ET \u00c0 LIRE&#8230;<\/h2>\n<p><iframe loading=\"lazy\" style=\"border: 1px solid #777;\" src=\"https:\/\/indd.adobe.com\/embed\/da1c7145-e61f-49de-b348-94b02f01ecfb?startpage=1&#038;allowFullscreen=true\" width=\"490px\" height=\"347px\" frameborder=\"0\" allowfullscreen=\"\"><\/iframe><div id='gallery-1' class='gallery galleryid-12256 gallery-columns-3 gallery-size-thumbnail'><figure class='gallery-item'>\n\t\t\t<div class='gallery-icon landscape'>\n\t\t\t\t<a href='https:\/\/archives.regards.fr\/wp-content\/uploads\/2020\/04\/mg-7d9.png'><img loading=\"lazy\" decoding=\"async\" width=\"150\" height=\"150\" src=\"https:\/\/archives.regards.fr\/wp-content\/uploads\/2020\/04\/mg-7d9-150x150.png\" class=\"attachment-thumbnail size-thumbnail\" alt=\"mg.png\" \/><\/a>\n\t\t\t<\/div><\/figure>\n\t\t<\/div>\n<\/p>\n","protected":false},"excerpt":{"rendered":"<p>Le d\u00e9bat \u00e0 gauche sur la question de la souverainet\u00e9 est tr\u00e8s pr\u00e9sent. Il refait surface dans un contexte particulier de crise sanitaire o\u00f9 les questions de d\u00e9pendance\/ind\u00e9pendance, de d\u00e9mondialisation, de d\u00e9mocratie et de protectionnisme se posent \u00e0 nouveau avec force. De Montebourg \u00e0 M\u00e9lenchon en passant par Maurel, chacun porte une analyse singuli\u00e8re, \u00e0 gauche, sur le th\u00e8me de la souverainet\u00e9. M\u00eame Emmanuel Macron parle aujourd\u2019hui de souverainet\u00e9. La question, c\u2019est de quelle souverainet\u00e9 parle-t-on ? <\/p>\n","protected":false},"author":1039,"featured_media":29162,"comment_status":"open","ping_status":"open","sticky":false,"template":"","format":"standard","meta":{"_themeisle_gutenberg_block_has_review":false,"footnotes":""},"categories":[275],"tags":[359,295],"class_list":["post-12256","post","type-post","status-publish","format-standard","has-post-thumbnail","hentry","category-debats","tag-exclure-de-la-home","tag-nupes"],"_links":{"self":[{"href":"https:\/\/archives.regards.fr\/index.php?rest_route=\/wp\/v2\/posts\/12256","targetHints":{"allow":["GET"]}}],"collection":[{"href":"https:\/\/archives.regards.fr\/index.php?rest_route=\/wp\/v2\/posts"}],"about":[{"href":"https:\/\/archives.regards.fr\/index.php?rest_route=\/wp\/v2\/types\/post"}],"author":[{"embeddable":true,"href":"https:\/\/archives.regards.fr\/index.php?rest_route=\/wp\/v2\/users\/1039"}],"replies":[{"embeddable":true,"href":"https:\/\/archives.regards.fr\/index.php?rest_route=%2Fwp%2Fv2%2Fcomments&post=12256"}],"version-history":[{"count":0,"href":"https:\/\/archives.regards.fr\/index.php?rest_route=\/wp\/v2\/posts\/12256\/revisions"}],"wp:featuredmedia":[{"embeddable":true,"href":"https:\/\/archives.regards.fr\/index.php?rest_route=\/wp\/v2\/media\/29162"}],"wp:attachment":[{"href":"https:\/\/archives.regards.fr\/index.php?rest_route=%2Fwp%2Fv2%2Fmedia&parent=12256"}],"wp:term":[{"taxonomy":"category","embeddable":true,"href":"https:\/\/archives.regards.fr\/index.php?rest_route=%2Fwp%2Fv2%2Fcategories&post=12256"},{"taxonomy":"post_tag","embeddable":true,"href":"https:\/\/archives.regards.fr\/index.php?rest_route=%2Fwp%2Fv2%2Ftags&post=12256"}],"curies":[{"name":"wp","href":"https:\/\/api.w.org\/{rel}","templated":true}]}}