{"id":12246,"date":"2020-04-21T12:19:29","date_gmt":"2020-04-21T10:19:29","guid":{"rendered":"https:\/\/wp.muchomaas.com\/article-hocine-tmimi-les-quartiers-populaires-vont-payer-un-lourd-tribut-au-coronavirus\/"},"modified":"2023-06-23T23:55:59","modified_gmt":"2023-06-23T21:55:59","slug":"article-hocine-tmimi-les-quartiers-populaires-vont-payer-un-lourd-tribut-au-coronavirus","status":"publish","type":"post","link":"https:\/\/archives.regards.fr\/?p=12246","title":{"rendered":"Hocine Tmimi : \u00ab Les quartiers populaires vont payer un lourd tribut au coronavirus \u00bb"},"content":{"rendered":"<p class=\"post_excerpt\">Crise sanitaire, sociale et alimentaire, tensions avec les forces de l\u2019ordre : les quartiers populaires sont-ils en train de s\u2019embraser ? Hocine Tmimi, \u00e9lu \u00e0 la jeunesse de Vitry et conseiller d\u00e9partemental du Val-de-Marne, est l\u2019invit\u00e9 de #LaMidinale\n<\/p>\n<h2>UNE MIDINALE \u00c0 VOIR&#8230;<\/h2>\n<p><iframe loading=\"lazy\" width=\"490\" height=\"276\" src=\"https:\/\/www.youtube.com\/embed\/SxuBMlIrUrw\" frameborder=\"0\" allow=\"accelerometer; autoplay; encrypted-media; gyroscope; picture-in-picture\" allowfullscreen><\/iframe><\/p>\n<p>&nbsp;<\/p>\n<p><h2>ET \u00c0 LIRE&#8230;<\/h2>\n<p><em>\u00a0<strong>Sur la question sanitaire dans les quartiers<\/em>\u00a0<\/strong><br \/>\n\u00ab Il y a un vrai probl\u00e8me sanitaire dans les quartiers populaires. \u00bb<br \/>\n\u00ab Cette crise met en exergue les in\u00e9galit\u00e9s sociales qui existaient d\u00e9j\u00e0. \u00bb<br \/>\n\u00ab Ce qui sera int\u00e9ressant &#8211; m\u00eame si ce n\u2019est pas le bon mot &#8211; c\u2019est les cons\u00e9quences de l\u2019\u00e9pid\u00e9mie dans les quartiers populaires. On va payer un lourd tribut de ce virus dans les quartiers. \u00bb<\/p>\n<p><em>\u00a0<strong>Sur les tensions dans les quartiers <\/em>\u00a0<\/strong><br \/>\n\u00ab J\u2019ai \u00e9t\u00e9 frapp\u00e9 et outr\u00e9 d\u2019entendre les discours sur les mauvais \u00e9l\u00e8ves des quartiers populaires : sur le non respect des gestes barri\u00e8res ou des confinements. C\u2019est m\u00e9connaitre les quartiers populaires. \u00bb<br \/>\n\u00ab Dans la vie de tous les jours, il y a une r\u00e9alit\u00e9 sociale dans les quartiers : on est dans la proximit\u00e9, on aime le tactile, on organise des repas de quartier, c\u2019est cette culture-l\u00e0 qui domine dans les quartiers et le confinement est v\u00e9cu comme une \u00e9preuve extr\u00eamement difficile. \u00bb<br \/>\n\u00ab Quand vous vivez \u00e0 sept dans un deux pi\u00e8ces, \u00e7a a forc\u00e9ment des cons\u00e9quences \u00e0 l\u2019int\u00e9rieur de ces familles. \u00bb<br \/>\n\u00ab Les violences intra familiales commencent \u00e0 exploser. \u00bb<\/p>\n<p><em>\u00a0<strong>Sur l\u2019origine des tensions et les violences polici\u00e8res<\/em>\u00a0<\/strong><br \/>\n\u00ab La puissance publique n\u2019a pas trait\u00e9 correctement le dialogue n\u00e9cessaire entre la police et les jeunes. \u00bb<br \/>\n\u00ab J\u2019ai \u00e9t\u00e9 surpris que 10% des verbalisations aient \u00e9t\u00e9 donn\u00e9es en Seine-Saint-Denis. \u00bb<br \/>\n\u00ab Il n\u2019y a pas de volont\u00e9 politique nationale de cr\u00e9er les conditions du dialogue avec la police, donc on essaie de le faire au niveau de la ville. \u00bb<br \/>\n\u00ab Le climat de confiance commence \u00e0 s\u2019installer m\u00eame si la d\u00e9fiance est tr\u00e8s forte. \u00bb<br \/>\n\u00ab La caricature, notamment m\u00e9diatique, qui est faite des quartiers populaires est devenue insupportable pour les jeunes. \u00bb<br \/>\n\u00ab Les jeunes n\u2019ont pas rep\u00e9r\u00e9 une seule parole, du c\u00f4t\u00e9 de l\u2019Etat, qui les concerne. Tant qu\u2019il y aura ce d\u00e9sert dans le discours politique il y aura de la d\u00e9fiance et \u00e7a s\u2019exprime par la col\u00e8re. \u00bb<\/p>\n<p><em>\u00a0<strong>Sur l\u2019\u00e9conomie souterraine <\/em>\u00a0<\/strong><br \/>\n\u00ab Je suis surpris des discours sur cette question l\u00e0 comme si les trafics de drogue \u00e9taient une exclusivit\u00e9 des quartiers populaires ? \u00bb<br \/>\n\u00ab La col\u00e8re li\u00e9e au ralentissement des trafics dans les quartiers est peut-\u00eatre l\u2019une des causes des tensions actuelles mais elle me semble extr\u00eamement mineure par rapport \u00e0 toutes les causes et les r\u00e9alit\u00e9s qui existent dans les quartiers populaires. \u00bb<br \/>\n\u00ab Je vois dans nos quartiers tous ceux qui partent le matin bosser : les caissi\u00e8res, les agents de s\u00e9curit\u00e9, les livreurs, tous ces petits boulots, ces petites gens comme certains les appellent, qui font tourner aujourd\u2019hui la France. Il faut leur rendre hommage et les remercier. \u00bb<\/p>\n<p><em>\u00a0<strong>Sur la crise alimentaire et le ramadan dans les quartiers<\/em>\u00a0<\/strong><br \/>\n\u00ab Cette situation de crise alimentaire dans les quartiers populaires existait avant la crise sanitaire. Elle \u00e9tait peut-\u00eatre moins visible parce qu\u2019il y a une vraie solidarit\u00e9 avec un tissu social d\u2019entraide tr\u00e8s important. Le confinement met en exergue ces in\u00e9galit\u00e9s-l\u00e0. \u00bb<br \/>\n\u00ab Les conditions d\u2019organisation du ramadan sont r\u00e9unies pour que \u00e7a se passe bien et que \u00e7a s\u2019inscrive dans les r\u00e8gles r\u00e9publicaines de confinement et de gestes barri\u00e8res. \u00bb<\/p>\n<p><em>\u00a0<strong>Sur l\u2019organisation de la rentr\u00e9e scolaire le 11 mai<\/em>\u00a0<\/strong><br \/>\n\u00ab Il y a une id\u00e9e qui m\u2019int\u00e9resse qui serait de donner la possibilit\u00e9 aux familles les plus en difficult\u00e9s de permettre aux enfants d\u2019aller respirer \u00e0 l\u2019\u00e9cole tout en respectant les r\u00e8gles de distanciation sociale. \u00bb<\/p>\n<p><em>\u00a0<strong>Sur le 21 avril et le danger Rassemblement national (RN)<\/em>\u00a0<\/strong><br \/>\n\u00ab Je pr\u00e9f\u00e8re ne pas imaginer le RN au pouvoir mais si on commence \u00e0 mettre dans la cocotte minute tous les ingr\u00e9dients qui feraient exploser le pays, c\u2019est une hypoth\u00e8se qui est sur la table. Il faut \u00eatre attentif \u00e0 \u00e7a. \u00bb<br \/>\n\u00ab J\u2019ai une absolue confiance \u00e0 l\u2019\u00e9lan r\u00e9publicain de la nation et j\u2019esp\u00e8re qu\u2019on saura tous \u00e0 chaque fois se rassembler pour emp\u00eacher d\u2019avoir un jour le RN au pouvoir. \u00bb<\/p>\n<p><em>\u00a0<strong>Sur les contr\u00f4les au faci\u00e8s <\/em>\u00a0<\/strong><br \/>\n\u00ab Vitry est une ville populaire avec des quartiers populaires o\u00f9 les jeunes sont victimes de contr\u00f4les au faci\u00e8s. \u00bb<br \/>\n\u00ab Le contr\u00f4le au faci\u00e8s n\u2019est pas une utopie. \u00bb<div id='gallery-1' class='gallery galleryid-12246 gallery-columns-3 gallery-size-thumbnail'><figure class='gallery-item'>\n\t\t\t<div class='gallery-icon landscape'>\n\t\t\t\t<a href='https:\/\/archives.regards.fr\/wp-content\/uploads\/2020\/04\/capture_d_e_cran_2020-04-21_a_12-8ea.15.16.png'><img loading=\"lazy\" decoding=\"async\" width=\"150\" height=\"150\" src=\"https:\/\/archives.regards.fr\/wp-content\/uploads\/2020\/04\/capture_d_e_cran_2020-04-21_a_12-8ea.15.16-150x150.png\" class=\"attachment-thumbnail size-thumbnail\" alt=\"capture_d_e_cran_2020-04-21_a_12.15.16.png\" \/><\/a>\n\t\t\t<\/div><\/figure>\n\t\t<\/div>\n<\/p>\n","protected":false},"excerpt":{"rendered":"<p>Crise sanitaire, sociale et alimentaire, tensions avec les forces de l\u2019ordre : les quartiers populaires sont-ils en train de s\u2019embraser ? Hocine Tmimi, \u00e9lu \u00e0 la jeunesse de Vitry et conseiller d\u00e9partemental du Val-de-Marne, est l\u2019invit\u00e9 de #LaMidinale<\/p>\n","protected":false},"author":1204,"featured_media":29131,"comment_status":"open","ping_status":"open","sticky":false,"template":"","format":"standard","meta":{"_themeisle_gutenberg_block_has_review":false,"footnotes":""},"categories":[238],"tags":[517],"class_list":["post-12246","post","type-post","status-publish","format-standard","has-post-thumbnail","hentry","category-la-midinale","tag-covid-19"],"_links":{"self":[{"href":"https:\/\/archives.regards.fr\/index.php?rest_route=\/wp\/v2\/posts\/12246","targetHints":{"allow":["GET"]}}],"collection":[{"href":"https:\/\/archives.regards.fr\/index.php?rest_route=\/wp\/v2\/posts"}],"about":[{"href":"https:\/\/archives.regards.fr\/index.php?rest_route=\/wp\/v2\/types\/post"}],"author":[{"embeddable":true,"href":"https:\/\/archives.regards.fr\/index.php?rest_route=\/wp\/v2\/users\/1204"}],"replies":[{"embeddable":true,"href":"https:\/\/archives.regards.fr\/index.php?rest_route=%2Fwp%2Fv2%2Fcomments&post=12246"}],"version-history":[{"count":0,"href":"https:\/\/archives.regards.fr\/index.php?rest_route=\/wp\/v2\/posts\/12246\/revisions"}],"wp:featuredmedia":[{"embeddable":true,"href":"https:\/\/archives.regards.fr\/index.php?rest_route=\/wp\/v2\/media\/29131"}],"wp:attachment":[{"href":"https:\/\/archives.regards.fr\/index.php?rest_route=%2Fwp%2Fv2%2Fmedia&parent=12246"}],"wp:term":[{"taxonomy":"category","embeddable":true,"href":"https:\/\/archives.regards.fr\/index.php?rest_route=%2Fwp%2Fv2%2Fcategories&post=12246"},{"taxonomy":"post_tag","embeddable":true,"href":"https:\/\/archives.regards.fr\/index.php?rest_route=%2Fwp%2Fv2%2Ftags&post=12246"}],"curies":[{"name":"wp","href":"https:\/\/api.w.org\/{rel}","templated":true}]}}