{"id":12237,"date":"2020-04-16T14:27:14","date_gmt":"2020-04-16T12:27:14","guid":{"rendered":"https:\/\/wp.muchomaas.com\/article-le-covid-19-tue-les-vautours-planent\/"},"modified":"2023-06-23T23:55:49","modified_gmt":"2023-06-23T21:55:49","slug":"article-le-covid-19-tue-les-vautours-planent","status":"publish","type":"post","link":"https:\/\/archives.regards.fr\/?p=12237","title":{"rendered":"Le Covid-19 tue, les vautours planent"},"content":{"rendered":"<p class=\"post_excerpt\">Rien de tel qu&#8217;une bonne crise sanitaire pour se refaire une sant\u00e9&#8230; \u00e9conomique et financi\u00e8re. Pendant que les premi\u00e8res lignes charbonnent, les \u00ab premiers de cord\u00e9e \u00bb guettent les charognes.<\/p>\n<p>Au moins 17.000 morts en France depuis d\u00e9but mars. La barre des 20.000 devrait \u00eatre d\u00e9pass\u00e9e d&#8217;ici quelques jours. Le Covid-19 tue. Et pendant ce temps-l\u00e0, pendant que tous les soignants sont mobilis\u00e9s pour faire front, pendant que la plupart des travailleurs pr\u00e9caires s&#8217;\u00e9chinent \u00e0 faire tourner la machine \u2013 au risque de leurs vies \u2013, certains se gavent, trichent, mentent et abusent de la situation.<\/p>\n<p>&nbsp;<\/p>\n<p>\n<strong>LIRE AUSSI SUR REGARDS.FR<br \/>\n>><\/strong> <em><a href=\"https:\/\/wp.muchomaas.com\/politique\/article\/pour-le-monde-post-covid-19-la-macronie-distille-ses-idees-et-ca-n-est-pas-le\">Pour le monde post-Covid-19, la Macronie distille ses id\u00e9es (et \u00e7a n\u2019est pas le grand soir !)<\/a><\/em><\/p>\n<p>&nbsp;<\/p>\n<p>C&#8217;est le cas des grands patrons \u2013 <a href=\"https:\/\/wp.muchomaas.com\/economie\/article\/covid-19-c-est-pas-la-crise-financiere-pour-tout-le-monde\">on l&#8217;a d\u00e9j\u00e0 vu ici<\/a> \u2013 qui profitent de la chute des bourses pour acheter en masse des actions de leurs propres entreprises. Pour eux, les jours heureux, c&#8217;est demain. <a href=\"https:\/\/wp.muchomaas.com\/economie\/les-choses-lues-par-monsieur-marx\/article\/lettre-a-mes-banquiers\">M\u00eame topo concernant les dividendes<\/a> : \u00e7a va ruisseler s\u00e9v\u00e8re dans les poches des actionnaires ! Et le gouvernement peut faire les gros yeux, le politique n&#8217;a qu&#8217;un avis consultatif face \u00e0 la finance.<\/p>\n<p>Ayons ici une pens\u00e9e \u00e9mue pour la charit\u00e9 dont font preuve les soci\u00e9t\u00e9s fran\u00e7aises d&#8217;autoroutes : <em>\u00ab Afin de soutenir les acteurs de premi\u00e8re ligne dans la crise du Covid-19, les soci\u00e9t\u00e9s concessionnaires proposent de proc\u00e9der au remboursement des frais de p\u00e9age des personnels soignants \u00bb<\/em>. C&#8217;est beau comme du Bruno Le Maire. Mais il y a une petite ast\u00e9risque, que l&#8217;on peut lire dans <em>Le Canard encha\u00een\u00e9<\/em> : <em>\u00ab Aucune de ces richissimes entreprises ne fait la publicit\u00e9 sur son site de cette initiative si g\u00e9n\u00e9reuse [&#8230;] &#8220;Consigne a \u00e9t\u00e9 donn\u00e9e de faire le strict minimum&#8221;, reconna\u00eet un concessionnaire priv\u00e9. \u00bb<\/em><\/p>\n<p>Elle est pas belle la <em>start-up nation<\/em> ?<\/p>\n<h2>Amazon, l&#8217;exemple ultime<\/h2>\n<p>En parlant de \u00e7a, mardi 14 avril, la justice fran\u00e7aise a pris une d\u00e9cision historique : tordre le bras d&#8217;une des plus grandes entreprises mondiales, le g\u00e9ant de la livraison Amazon. Estimant qu&#8217;Amazon France avait <em>\u00ab m\u00e9connu son obligation de s\u00e9curit\u00e9 et de pr\u00e9vention de la sant\u00e9 des salari\u00e9s \u00bb<\/em>, la justice lui a demand\u00e9 de limiter son activit\u00e9 aux seuls produits essentiels, sous peine d&#8217;une astreinte d&#8217;un million d&#8217;euros par jour de retard et par infraction.<\/p>\n<p>R\u00e9ponse quasi-imm\u00e9diate d&#8217;Amazon : allez-vous faire foutre ! (nous paraphrasons). Non seulement Amazon fait appel \u2013 ce qui est son droit le plus \u00e9l\u00e9mentaire \u2013, mais l&#8217;entreprise fait un chantage sans pr\u00e9c\u00e9dent. <a href=\"https:\/\/twitter.com\/AmazonNewsFR\/status\/1250481148209369088\">Sur Twitter<\/a>, Amazon \u00e9crit :<\/p>\n<p><em>\u00ab A la suite du jugement rendu par le tribunal judiciaire de Nanterre mardi 14 avril, nous devons suspendre temporairement les activit\u00e9s dans nos centres de distribution en France. [&#8230;] L&#8217;action syndicale qui a conduit \u00e0 cette d\u00e9cision aura probablement des cons\u00e9quences pour de nombreuses personnes dans notre pays. Notamment qu\u2019il s\u2019agisse de nos milliers de collaborateurs, des clients qui comptent sur nous en ce moment plus que jamais ou des nombreuses TPE et PME fran\u00e7aises qui s\u2019appuient sur Amazon pour se d\u00e9velopper. Cette semaine, nous demanderons aux employ\u00e9s de nos centres de distribution de rester chez eux. \u00c0 plus long terme, nous \u00e9valuons l\u2019impact de cette d\u00e9cision pour eux et notre r\u00e9seau logistique fran\u00e7ais. \u00bb<\/em><\/p>\n<p>\u00c0 quoi reconna\u00eet-on une telle entreprise ?<\/p>\n<ul>\n<li> 1\/ elle ne paie pas ses imp\u00f4ts \u00e0 leur juste niveau.<\/li>\n<\/ul>\n<ul>\n<li> 2\/ elle se croit au-dessus des lois.<\/li>\n<\/ul>\n<ul>\n<li> 3\/ elle fait payer \u00e0 ses employ\u00e9s, \u00e0 ses partenaires \u00e9conomiques, le prix de ses propres fautes.<\/li>\n<\/ul>\n<ul>\n<li> 4\/ elle d\u00e9teste le syndicalisme \u2013 profitons-en pour mentionner le fait qu&#8217;Amazon a \u00e9galement <a href=\"https:\/\/docs.google.com\/document\/d\/13ch_gx6zj6CzDP8_m-Pm_xmzgR3N_61Ta_XDBCxBPqo\/edit\">licenci\u00e9 deux de ses employ\u00e9es parce qu&#8217;ils ont partag\u00e9 une p\u00e9tition<\/a> concernant les risques pour leur sant\u00e9 durant l&#8217;\u00e9pid\u00e9mie. Ce qui n&#8217;est pas sans nous rappeler cette <a href=\"https:\/\/reflets.info\/articles\/une-aide-soignante-syndicaliste-de-l-hopital-de-hautmont-mise-a-pied\">aide-soignante syndicaliste de l&#8217;h\u00f4pital de Hautmont mise \u00e0 pied<\/a> apr\u00e8s avoir interpell\u00e9 la direction sur le manque de mat\u00e9riel de protection&#8230;<\/li>\n<\/ul>\n<p>De nombreux \u00e9conomistes et \u00e9ditorialistes ont pris la d\u00e9fense d&#8217;Amazon face \u00e0 la justice politique, face aux m\u00e9chants syndicalistes et face aux salari\u00e9s fain\u00e9ants. N&#8217;oubliez pas que pour ces gens-l\u00e0, <a href=\"https:\/\/wp.muchomaas.com\/economie\/les-choses-lues-par-monsieur-marx\/article\/face-au-covid-19-les-economistes-orthodoxes-ne-se-repentent-pas\">une vie en France vaut 3 millions d\u2019euros<\/a>. Une ligne de plus dans leur comptabilit\u00e9.<\/p>\n<h2>Apr\u00e8s la crise, l&#8217;\u00e9cologie ?<\/h2>\n<p>C&#8217;est un axe politique que l&#8217;on commence \u00e0 bien saisir, incarn\u00e9 en France par le duo Jadot-Berger. Main dans la main, l&#8217;eurod\u00e9put\u00e9 \u00e9colo et le patron de la CFDT multiplient les coups. Dernier en date : une tribune publi\u00e9e dans plusieurs m\u00e9dias europ\u00e9ens (<a href=\"https:\/\/www.lemonde.fr\/idees\/article\/2020\/04\/14\/en-europe-il-nous-faudra-developper-un-modele-de-prosperite-nouveau_6036495_3232.html\">en France dans <em>Le Monde<\/em><\/a>) pour appeler \u00e0 une <em>\u00ab alliance europ\u00e9enne pour une relance verte \u00bb<\/em>.<\/p>\n<p>La liste des signataires est pour le moins significative :<\/p>\n<ul>\n<li> 79 eurod\u00e9put\u00e9s, des \u00e9colos (Jadot, Rivasi) \u00e0 la droite conservatrice en passant par les socio-d\u00e9mocrates et les marcheurs (Loiseau, Canfin, Durant)<\/li>\n<li> 37 patrons et hauts responsables d&#8217;entreprise telles que L&#8217;Or\u00e9al, Suez, Ikea, Danone, Nestl\u00e9 ou Coca-Cola<\/li>\n<li> 28 associations d&#8217;entreprises<\/li>\n<li> la conf\u00e9d\u00e9ration europ\u00e9enne des syndicats, avec \u00e0 sa t\u00eate la CDFT<\/li>\n<li> des ministres de onze pays, dont Elisabeth Borne, Brune Poirson et Emmanuelle Wargon<\/li>\n<li> six think tanks et sept ONG (dont WWF)<\/li>\n<\/ul>\n<p>Tout ce beau monde qui tient \u00e0 <em>\u00ab saluer les actions men\u00e9es par les gouvernements europ\u00e9ens, les institutions europ\u00e9ennes, les autorit\u00e9s locales, les scientifiques, les soignants, tous les volontaires, les citoyens et les acteurs \u00e9conomiques \u00bb<\/em>. D&#8217;apr\u00e8s eux, concernant la <em>\u00ab relance verte \u00bb<\/em> : <em>\u00ab La volont\u00e9 politique est l\u00e0 \u00bb<\/em>. Ils vont m\u00eame jusqu&#8217;\u00e0 \u00e9voquer un \u00ab <a href=\"https:\/\/wp.muchomaas.com\/ecologie\/article\/video-quand-la-cgt-greenpeace-et-attac-debattent-d-un-green-new-deal-europeen\"><em>green new deal<\/em><\/a> \u00bb !<\/p>\n<p>Tout cela serait magnifique si les mots et les actes avaient un quelconque rapport. Or, \u00e7a n&#8217;est pas le cas. <a href=\"https:\/\/www.contexte.com\/article\/energie\/coronavirus-les-grandes-entreprises-francaises-profitent-de-la-crise-pour-repousser-les-mesures-du-green-deal_114113.html\">Comme le r\u00e9v\u00e8le le m\u00e9dia en ligne Contexte<\/a>, ces m\u00eames entreprises <em>\u00ab profitent de la crise pour demander le report des mesures du Green Deal \u00bb<\/em>. Crise oblige, ces multinationales demandent le report sine die de toute nouvelle r\u00e9gulation europ\u00e9enne en mati\u00e8re \u00e9cologique. Pis encore, on peut lire <a href=\"https:\/\/www.bastamag.net\/CAC-40-Transition-ecologique-monde-d-apres-dividendes-lobbying\">sur le site de Basta !<\/a> : <em>\u00ab Les industriels fran\u00e7ais veulent continuer \u00e0 b\u00e9n\u00e9ficier de subventions pour payer la taxe carbone bien moins cher que les m\u00e9nages fran\u00e7ais, ce qui revient \u00e0 les subventionner lorsqu\u2019ils rejettent des \u00e9missions de GES dans l\u2019atmosph\u00e8re. Ces aides publiques aux gros pollueurs sont jug\u00e9es &#8220;indispensables pour une partie de l\u2019industrie&#8221;. Business Europe, l\u2019\u00e9quivalent du Medef europ\u00e9en d\u00e9sormais dirig\u00e9 par Pierre Gattaz, a transmis des demandes similaires de reports au Commissaire en charge du Green Deal europ\u00e9en, Frans Timmermans. \u00bb<\/em><\/p>\n<p>Mais c&#8217;est bien aux salari\u00e9s que <a href=\"https:\/\/www.lefigaro.fr\/societes\/geoffroy-roux-de-bezieux-la-reprise-c-est-maintenant-20200410\">le Medef a os\u00e9 dessiner<\/a> un apr\u00e8s-Covid o\u00f9 ils travailleraient plus, o\u00f9 ils mettraient <em>\u00ab un coup de collier \u00bb<\/em>, o\u00f9 le temps de travail, les cong\u00e9s pay\u00e9s et les RTT seraient remis en cause.<\/p>\n<p>Et ce sont tous ces gens-l\u00e0 qui vont s&#8217;occuper de b\u00e2tir le \u00ab monde d&#8217;apr\u00e8s \u00bb. C\u2019est une chose trop grave pour la leur confier.<\/p>\n<p>&nbsp;<\/p>\n<p>\n<a href=\"https:\/\/wp.muchomaas.com\/auteur\/loic-le-clerc\"><strong>Lo\u00efc Le Clerc<\/strong><\/a><div id='gallery-1' class='gallery galleryid-12237 gallery-columns-3 gallery-size-thumbnail'><figure class='gallery-item'>\n\t\t\t<div class='gallery-icon landscape'>\n\t\t\t\t<a href='https:\/\/archives.regards.fr\/wp-content\/uploads\/2020\/04\/befunky-collage-232-200-scaled.jpg'><img loading=\"lazy\" decoding=\"async\" width=\"150\" height=\"150\" src=\"https:\/\/archives.regards.fr\/wp-content\/uploads\/2020\/04\/befunky-collage-232-200-150x150.jpg\" class=\"attachment-thumbnail size-thumbnail\" alt=\"befunky-collage-232.jpg\" \/><\/a>\n\t\t\t<\/div><\/figure>\n\t\t<\/div>\n<\/p>\n","protected":false},"excerpt":{"rendered":"<p>Rien de tel qu&#8217;une bonne crise sanitaire pour se refaire une sant\u00e9&#8230; \u00e9conomique et financi\u00e8re. Pendant que les premi\u00e8res lignes charbonnent, les \u00ab premiers de cord\u00e9e \u00bb guettent les charognes.<\/p>\n","protected":false},"author":1203,"featured_media":29113,"comment_status":"open","ping_status":"open","sticky":false,"template":"","format":"standard","meta":{"_themeisle_gutenberg_block_has_review":false,"footnotes":""},"categories":[6],"tags":[517],"class_list":["post-12237","post","type-post","status-publish","format-standard","has-post-thumbnail","hentry","category-actu","tag-covid-19"],"_links":{"self":[{"href":"https:\/\/archives.regards.fr\/index.php?rest_route=\/wp\/v2\/posts\/12237","targetHints":{"allow":["GET"]}}],"collection":[{"href":"https:\/\/archives.regards.fr\/index.php?rest_route=\/wp\/v2\/posts"}],"about":[{"href":"https:\/\/archives.regards.fr\/index.php?rest_route=\/wp\/v2\/types\/post"}],"author":[{"embeddable":true,"href":"https:\/\/archives.regards.fr\/index.php?rest_route=\/wp\/v2\/users\/1203"}],"replies":[{"embeddable":true,"href":"https:\/\/archives.regards.fr\/index.php?rest_route=%2Fwp%2Fv2%2Fcomments&post=12237"}],"version-history":[{"count":0,"href":"https:\/\/archives.regards.fr\/index.php?rest_route=\/wp\/v2\/posts\/12237\/revisions"}],"wp:featuredmedia":[{"embeddable":true,"href":"https:\/\/archives.regards.fr\/index.php?rest_route=\/wp\/v2\/media\/29113"}],"wp:attachment":[{"href":"https:\/\/archives.regards.fr\/index.php?rest_route=%2Fwp%2Fv2%2Fmedia&parent=12237"}],"wp:term":[{"taxonomy":"category","embeddable":true,"href":"https:\/\/archives.regards.fr\/index.php?rest_route=%2Fwp%2Fv2%2Fcategories&post=12237"},{"taxonomy":"post_tag","embeddable":true,"href":"https:\/\/archives.regards.fr\/index.php?rest_route=%2Fwp%2Fv2%2Ftags&post=12237"}],"curies":[{"name":"wp","href":"https:\/\/api.w.org\/{rel}","templated":true}]}}