{"id":12230,"date":"2020-04-14T15:06:54","date_gmt":"2020-04-14T13:06:54","guid":{"rendered":"https:\/\/wp.muchomaas.com\/article-discours-d-emmanuel-macron-le-dezoom-de-regards\/"},"modified":"2023-06-23T23:55:39","modified_gmt":"2023-06-23T21:55:39","slug":"article-discours-d-emmanuel-macron-le-dezoom-de-regards","status":"publish","type":"post","link":"https:\/\/archives.regards.fr\/?p=12230","title":{"rendered":"Discours d&#8217;Emmanuel Macron : le dezoom de Regards"},"content":{"rendered":"<p class=\"post_excerpt\">Lundi soir, Emmanuel Macron a pris la parole \u00e0 20h02 pour s&#8217;adresser aux Fran\u00e7ais une troisi\u00e8me fois depuis le d\u00e9but de l&#8217;\u00e9pid\u00e9mie de Covid-19. Qui a-t-il convaincu ? Quelles questions restent en suspens ? Le jour d&#8217;apr\u00e8s par le Pr\u00e9sident de la R\u00e9publique, doit-on y croire ? On y r\u00e9pond avec Pierre Jacquemain, Pablo Pillaud-Vivien et Catherine Tricot.<\/p>\n<p><iframe loading=\"lazy\" width=\"490\" height=\"276\" src=\"https:\/\/www.youtube.com\/embed\/VLfeFcObYnA\" frameborder=\"0\" allow=\"accelerometer; autoplay; encrypted-media; gyroscope; picture-in-picture\" allowfullscreen><\/iframe><div id='gallery-1' class='gallery galleryid-12230 gallery-columns-3 gallery-size-thumbnail'><figure class='gallery-item'>\n\t\t\t<div class='gallery-icon landscape'>\n\t\t\t\t<a href='https:\/\/archives.regards.fr\/wp-content\/uploads\/2020\/04\/capture_d_e_cran_2020-04-14_a_15-119.04.00.png'><img loading=\"lazy\" decoding=\"async\" width=\"150\" height=\"150\" src=\"https:\/\/archives.regards.fr\/wp-content\/uploads\/2020\/04\/capture_d_e_cran_2020-04-14_a_15-119.04.00-150x150.png\" class=\"attachment-thumbnail size-thumbnail\" alt=\"capture_d_e_cran_2020-04-14_a_15.04.00.png\" \/><\/a>\n\t\t\t<\/div><\/figure>\n\t\t<\/div>\n<\/p>\n","protected":false},"excerpt":{"rendered":"<p>Lundi soir, Emmanuel Macron a pris la parole \u00e0 20h02 pour s&#8217;adresser aux Fran\u00e7ais une troisi\u00e8me fois depuis le d\u00e9but de l&#8217;\u00e9pid\u00e9mie de Covid-19. Qui a-t-il convaincu ? Quelles questions restent en suspens ? Le jour d&#8217;apr\u00e8s par le Pr\u00e9sident de la R\u00e9publique, doit-on y croire ? On y r\u00e9pond avec Pierre Jacquemain, Pablo Pillaud-Vivien et Catherine Tricot.<\/p>\n","protected":false},"author":1204,"featured_media":29097,"comment_status":"open","ping_status":"open","sticky":false,"template":"","format":"standard","meta":{"_themeisle_gutenberg_block_has_review":false,"footnotes":""},"categories":[279],"tags":[],"class_list":["post-12230","post","type-post","status-publish","format-standard","has-post-thumbnail","hentry","category-videos"],"_links":{"self":[{"href":"https:\/\/archives.regards.fr\/index.php?rest_route=\/wp\/v2\/posts\/12230","targetHints":{"allow":["GET"]}}],"collection":[{"href":"https:\/\/archives.regards.fr\/index.php?rest_route=\/wp\/v2\/posts"}],"about":[{"href":"https:\/\/archives.regards.fr\/index.php?rest_route=\/wp\/v2\/types\/post"}],"author":[{"embeddable":true,"href":"https:\/\/archives.regards.fr\/index.php?rest_route=\/wp\/v2\/users\/1204"}],"replies":[{"embeddable":true,"href":"https:\/\/archives.regards.fr\/index.php?rest_route=%2Fwp%2Fv2%2Fcomments&post=12230"}],"version-history":[{"count":0,"href":"https:\/\/archives.regards.fr\/index.php?rest_route=\/wp\/v2\/posts\/12230\/revisions"}],"wp:featuredmedia":[{"embeddable":true,"href":"https:\/\/archives.regards.fr\/index.php?rest_route=\/wp\/v2\/media\/29097"}],"wp:attachment":[{"href":"https:\/\/archives.regards.fr\/index.php?rest_route=%2Fwp%2Fv2%2Fmedia&parent=12230"}],"wp:term":[{"taxonomy":"category","embeddable":true,"href":"https:\/\/archives.regards.fr\/index.php?rest_route=%2Fwp%2Fv2%2Fcategories&post=12230"},{"taxonomy":"post_tag","embeddable":true,"href":"https:\/\/archives.regards.fr\/index.php?rest_route=%2Fwp%2Fv2%2Ftags&post=12230"}],"curies":[{"name":"wp","href":"https:\/\/api.w.org\/{rel}","templated":true}]}}