{"id":12222,"date":"2020-04-11T14:11:11","date_gmt":"2020-04-11T12:11:11","guid":{"rendered":"https:\/\/wp.muchomaas.com\/article-monsieur-le-ministre-qui-doit-faire-des-efforts\/"},"modified":"2023-06-23T23:55:26","modified_gmt":"2023-06-23T21:55:26","slug":"article-monsieur-le-ministre-qui-doit-faire-des-efforts","status":"publish","type":"post","link":"https:\/\/archives.regards.fr\/?p=12222","title":{"rendered":"Monsieur le ministre, qui doit faire des efforts ?"},"content":{"rendered":"<p class=\"post_excerpt\">Hier, Bruno Le Maire a voulu rassurer ceux qui craignent que des le\u00e7ons ne soient tir\u00e9es de la crise. Que personne ne s\u2019inqui\u00e8te, la \u00ab croissance \u00bb reste l\u2019imp\u00e9ratif supr\u00eame.<\/p>\n<p><em>\u00ab Rien ne sera comme avant \u00bb<\/em>, assurait Emmanuel Macron. C\u2019\u00e9tait il y a fort peu de temps mais, pour le pouvoir en place, l\u2019id\u00e9e de changement de paradigme para\u00eet d\u00e9j\u00e0 loin\u2026  et la dette, la dette, la dette est d\u00e9j\u00e0 agit\u00e9e comme un \u00e9pouvantail pour pr\u00e9parer les attaques des droits et protections.<\/p>\n<p>&nbsp;<\/p>\n<p>\n<strong>LIRE AUSSI SUR REGARDS.FR<br \/>\n>><\/strong> <em><a href=\"https:\/\/wp.muchomaas.com\/idees-culture\/article\/covid-19-la-gauche-doit-gagner-la-bataille-du-recit\">Covid-19 : la gauche doit gagner la bataille du r\u00e9cit<\/a><\/em><\/p>\n<p>&nbsp;<\/p>\n<p>Traduisons-les : le syst\u00e8me doit repartir et non changer. Il faut, <a href=\"https:\/\/www.europe1.fr\/economie\/coronavirus-contre-la-crise-nous-avons-choisi-la-dette-le-seul-choix-responsable-estime-le-maire-3961012\">nous dit le ministre de l&#8217;\u00c9conomie Bruno Le Maire<\/a>, <em>\u00ab se remettre fortement au travail \u00bb<\/em>. Les dispositions des ordonnances coronavirus, qui d\u00e9truisent le code du travail, vont-elles \u00eatre transcrites dans le droit commun apr\u00e8s la crise ? Les propos du ministre de l\u2019\u00c9conomie en donne clairement le sentiment.<\/p>\n<p>Mettre \u00e0 contribution les plus riches et les flux financiers ? Repenser la valeur des m\u00e9tiers ? Partager le temps de travail pour lutter contre le ch\u00f4mage et am\u00e9liorer la qualit\u00e9 de vie ? Relancer l\u2019activit\u00e9 en investissant dans la transition \u00e9nerg\u00e9tique ou les m\u00e9tiers du soin ? Refonder notre mod\u00e8le de d\u00e9veloppement afin de modifier ce que l\u2019on produit, de r\u00e9pondre aux besoins pour une vie qui ait du sens et une activit\u00e9 \u00e9conomique soutenable \u00e9cologiquement ? Accro\u00eetre le socle des droits et protections ? Annuler la dette des \u00c9tats ? Pour une telle r\u00e9orientation politique, nous ne voyons rien venir\u2026 La raison est profonde : le cadre de pens\u00e9e du gouvernement emp\u00eache d\u2019enclencher les bifurcations n\u00e9cessaires. Il faut changer de cadre.<\/p>\n<p>Dans cette trajectoire vers un nouveau choc n\u00e9olib\u00e9ral, l\u2019Union europ\u00e9enne se r\u00e9v\u00e8le un alli\u00e9 d\u00e9cid\u00e9ment solide. Si affaiblie, et depuis longtemps, aux yeux des peuples europ\u00e9ens, l\u2019Union a d\u2019abord montr\u00e9 toute son impuissance et son inanit\u00e9 pendant les longues premi\u00e8res semaines de crise sanitaire. Pendant que l\u2019institution europ\u00e9enne brillait par son absence, les Chinois ou les Cubains apportaient du mat\u00e9riel ! Hier soir au Journal T\u00e9l\u00e9vis\u00e9, c\u2019est avec tambours et trompettes que l\u2019on nous annon\u00e7ait le plan de soutien europ\u00e9en. Miracle, nous disait-on en substance, un accord a \u00e9t\u00e9 trouv\u00e9 ! On y voyait une image de Bruno Le Maire dans son bureau avec ses collaborateurs, bras en l\u2019air de joie. Le champagne \u00e9tait sans doute au frais. Pourtant, ce n\u2019est vraiment pas Byzance\u2026 Face \u00e0 l\u2019ampleur de la r\u00e9cession qui s\u2019annonce, aux difficult\u00e9s en cha\u00eene pour une grande partie de la population, \u00e9videmment la moins privil\u00e9gi\u00e9e, la montagne a encore accouch\u00e9 d\u2019une petite souris.<\/p>\n<p>Le chiffre de 540 milliards peut impressionner mais rapport\u00e9 aux besoins des \u00c9tats qui vont affronter une r\u00e9cession hors norme et compte-tenu des conditions de pr\u00eat, il n\u2019y a vraiment pas de quoi saluer un geste in\u00e9dit, \u00e0 la hauteur d\u2019une crise in\u00e9dite[[\u00c0 lire : http:\/\/emmanuelmaurel.eu\/2020\/04\/10\/eurogroupe-la-solidarite-europeenne-toujours-confinee\/]]. Le volet d\u2019aide au ch\u00f4mage partiel \u2013 100 milliards \u2013 va permettre de soulager un peu les \u00c9tats. Mais prenons l\u2019exemple de la France, sans doute bien en-de\u00e7\u00e0 des drames sociaux \u00e0 venir en Italie ou en Espagne : avec environ 7 millions de ch\u00f4meurs en perspective, ce sont 40 milliards d\u2019euros qui sont n\u00e9cessaire pour notre seul pays ! Nous sommes donc tr\u00e8s loin du compte.<\/p>\n<p>Surtout, le M\u00e9canisme Europ\u00e9en de Stabilit\u00e9 autorise les \u00c9tats \u00e0 emprunter de l\u2019argent \u00e0 de faibles taux d\u2019int\u00e9r\u00eat mais \u00e0 condition qu\u2019ils se soumettent au contr\u00f4le budg\u00e9taire de la Commission europ\u00e9enne, ici pour tout ce qui ne concerne pas la sant\u00e9. C\u2019est en tout cas la lecture n\u00e9erlandaise du texte de l\u2019accord, et probablement la plus juste. On reste dans les clous du dogme de l\u2019Union, avec ses normes d\u2019aust\u00e9rit\u00e9. Le triste r\u00e9sultat est pourtant connu, il n\u2019y a qu\u2019\u00e0 regarder l\u2019\u00e9tat de la Gr\u00e8ce apr\u00e8s les cures impos\u00e9es \u00e0 r\u00e9p\u00e9tition. Changer de braquet, l\u2019Union europ\u00e9enne ne s\u2019y appr\u00eate pas du tout. Elle fonce dans le m\u00eame mur. La mutualisation des dettes fait l\u2019objet d\u2019un refus cat\u00e9gorique des partisans de l\u2019orthodoxie budg\u00e9taire, en l\u2019occurrence, l\u2019Allemagne et les Pays-Bas. Les \u00e9go\u00efsmes nationaux tiennent le fil du d\u00e9sastre.<\/p>\n<blockquote><p>Le n\u00e9olib\u00e9ralisme visc\u00e9ral et dominant emp\u00eache de prendre les mesures qui permettraient d\u2019anticiper et de bifurquer.<\/p><\/blockquote>\n<p>Il faut bien comprendre qu\u2019il s\u2019agit l\u00e0 simplement de pr\u00eats. Or, contrairement aux id\u00e9es-re\u00e7ues, il est parfaitement possible de faire tourner la planche \u00e0 billets ! Je rappelle qu\u2019au moment de la bataille sur le Trait\u00e9 Constitutionnel Europ\u00e9en en 2005, avec les partisans du non de gauche, nous n\u2019avons cess\u00e9 de d\u00e9noncer l\u2019ind\u00e9pendance de la Banque Centrale Europ\u00e9enne (BCE). Et pour cause\u2026 La BCE doit \u00eatre un outil permettant de ne pas passer par les march\u00e9s financiers pour intervenir mais d\u2019assurer des aides directes, d\u2019effacer tout ou partie de la dette d\u2019un \u00c9tat ou de financer une s\u00e9rie d\u2019investissements, \u00e9cologiques ou sociaux, par la cr\u00e9ation mon\u00e9taire. Or scoop : <a href=\"https:\/\/www.mediapart.fr\/journal\/economie\/090420\/la-banque-d-angleterre-brise-le-tabou-du-non-financement-des-etats\">le 9 avril dernier<\/a>, la banque d\u2019Angleterre a annonc\u00e9 qu\u2019elle allait financer directement <em>\u00ab sur une base temporaire et \u00e0 court terme \u00bb<\/em> les d\u00e9penses suppl\u00e9mentaires du gouvernement britannique li\u00e9es aux cons\u00e9quences de la pand\u00e9mie. Un verrou saute dans le pays phare du n\u00e9olib\u00e9ralisme. L\u2019Union va-t-elle en prendre de la graine ? Elle n\u2019en prend malheureusement pas le chemin.<\/p>\n<p>La dette est un pr\u00e9texte, une forme contemporaine pour d\u00e9truire les solidarit\u00e9s. La notion de croissance signe le m\u00e9pris du d\u00e9sastre productiviste et consum\u00e9riste. Cette voie n\u2019est non seulement pas souhaitable mais elle n\u2019a absolument rien d\u2019in\u00e9luctable. Elle rel\u00e8ve du choix politique et provient de dirigeants totalement aveugl\u00e9s par leur carcan id\u00e9ologique.<\/p>\n<p>Puisqu\u2019ils en sont incapables, \u00e0 nous de nous emparer des solutions alternatives qui jaillissent de toutes parts dans une coh\u00e9rence nouvelle qui s\u2019affirme. Vite.<\/p>\n<p>&nbsp;<\/p>\n<p>\n<a href=\"https:\/\/wp.muchomaas.com\/auteur\/clementine-autain\"><strong>Cl\u00e9mentine Autain<\/strong><\/a><div id='gallery-1' class='gallery galleryid-12222 gallery-columns-3 gallery-size-thumbnail'><figure class='gallery-item'>\n\t\t\t<div class='gallery-icon landscape'>\n\t\t\t\t<a href='https:\/\/archives.regards.fr\/wp-content\/uploads\/2020\/04\/befunky-collage-227-23b-scaled.jpg'><img loading=\"lazy\" decoding=\"async\" width=\"150\" height=\"150\" src=\"https:\/\/archives.regards.fr\/wp-content\/uploads\/2020\/04\/befunky-collage-227-23b-150x150.jpg\" class=\"attachment-thumbnail size-thumbnail\" alt=\"befunky-collage-227.jpg\" \/><\/a>\n\t\t\t<\/div><\/figure>\n\t\t<\/div>\n<\/p>\n","protected":false},"excerpt":{"rendered":"<p>Hier, Bruno Le Maire a voulu rassurer ceux qui craignent que des le\u00e7ons ne soient tir\u00e9es de la crise. Que personne ne s\u2019inqui\u00e8te, la \u00ab croissance \u00bb reste l\u2019imp\u00e9ratif supr\u00eame.<\/p>\n","protected":false},"author":570,"featured_media":29080,"comment_status":"open","ping_status":"open","sticky":false,"template":"","format":"standard","meta":{"_themeisle_gutenberg_block_has_review":false,"footnotes":""},"categories":[267],"tags":[357,517,359],"class_list":["post-12222","post","type-post","status-publish","format-standard","has-post-thumbnail","hentry","category-a-lheure-du-covid-19-chroniques-de-clementine-autain","tag-chronique","tag-covid-19","tag-exclure-de-la-home"],"_links":{"self":[{"href":"https:\/\/archives.regards.fr\/index.php?rest_route=\/wp\/v2\/posts\/12222","targetHints":{"allow":["GET"]}}],"collection":[{"href":"https:\/\/archives.regards.fr\/index.php?rest_route=\/wp\/v2\/posts"}],"about":[{"href":"https:\/\/archives.regards.fr\/index.php?rest_route=\/wp\/v2\/types\/post"}],"author":[{"embeddable":true,"href":"https:\/\/archives.regards.fr\/index.php?rest_route=\/wp\/v2\/users\/570"}],"replies":[{"embeddable":true,"href":"https:\/\/archives.regards.fr\/index.php?rest_route=%2Fwp%2Fv2%2Fcomments&post=12222"}],"version-history":[{"count":0,"href":"https:\/\/archives.regards.fr\/index.php?rest_route=\/wp\/v2\/posts\/12222\/revisions"}],"wp:featuredmedia":[{"embeddable":true,"href":"https:\/\/archives.regards.fr\/index.php?rest_route=\/wp\/v2\/media\/29080"}],"wp:attachment":[{"href":"https:\/\/archives.regards.fr\/index.php?rest_route=%2Fwp%2Fv2%2Fmedia&parent=12222"}],"wp:term":[{"taxonomy":"category","embeddable":true,"href":"https:\/\/archives.regards.fr\/index.php?rest_route=%2Fwp%2Fv2%2Fcategories&post=12222"},{"taxonomy":"post_tag","embeddable":true,"href":"https:\/\/archives.regards.fr\/index.php?rest_route=%2Fwp%2Fv2%2Ftags&post=12222"}],"curies":[{"name":"wp","href":"https:\/\/api.w.org\/{rel}","templated":true}]}}