{"id":12220,"date":"2020-04-10T08:00:00","date_gmt":"2020-04-10T06:00:00","guid":{"rendered":"https:\/\/wp.muchomaas.com\/article-monsieur-le-president-de-la-republique-je-suis-un-maire-tres-en-colere-et-je\/"},"modified":"2023-06-23T23:55:22","modified_gmt":"2023-06-23T21:55:22","slug":"article-monsieur-le-president-de-la-republique-je-suis-un-maire-tres-en-colere-et-je","status":"publish","type":"post","link":"https:\/\/archives.regards.fr\/?p=12220","title":{"rendered":"\u00ab Monsieur le pr\u00e9sident de la R\u00e9publique, je suis un maire tr\u00e8s en col\u00e8re et je vais vous dire pourquoi&#8230; \u00bb"},"content":{"rendered":"<p class=\"post_excerpt\">Le maire communiste de Champigny-sur-Marne, Christian Fautr\u00e9, \u00e9crit une lettre ouverte au pr\u00e9sident de la R\u00e9publique pour lui dire sa col\u00e8re de ne pas avoir \u00e9t\u00e9 \u00e9cout\u00e9, comme beaucoup d&#8217;autres, plus t\u00f4t.<\/p>\n<p>Monsieur le pr\u00e9sident de la R\u00e9publique,<\/p>\n<p>Je suis maire de Champigny-sur-Marne, une commune de plus de 78.000 habitants ; un maire aujourd\u2019hui tr\u00e8s en col\u00e8re et je vais vous dire pourquoi.<\/p>\n<p>Depuis maintenant plusieurs semaines, une \u00e9pid\u00e9mie sans pr\u00e9c\u00e9dent frappe la France, l\u2019Europe et le monde. La pand\u00e9mie due au SARS-CoV-2, d\u00e9sormais plus connue sous le nom de Covid-19, a fait, depuis son apparition fin d\u00e9cembre en Chine, au moins 75.000 morts dans le monde, dont 54.000 en Europe, un million et demie de personnes sont contamin\u00e9es. A ce jour, dans notre pays, on nous annonce pr\u00e8s de 9.000 d\u00e9c\u00e8s et plus de 7.000 personnes en r\u00e9animation.<\/p>\n<p>&nbsp;<\/p>\n<p>\n<strong>LIRE AUSSI SUR REGARDS.FR<br \/>\n>><\/strong> <em><a href=\"https:\/\/wp.muchomaas.com\/politique\/a-l-heure-du-covid-19-chroniques-de-clementine-autain\/article\/en-avant-pas-comme-avant\">En avant, pas comme avant<\/a><\/em><\/p>\n<p>&nbsp;<\/p>\n<p>Cette crise sanitaire est in\u00e9dite, par son ampleur, mais aussi par la remise en cause qu\u2019elle occasionne de notre mod\u00e8le de soci\u00e9t\u00e9. Les fondations m\u00eame en sont \u00e9branl\u00e9es, voire fissur\u00e9es et des changements importants sont \u00e0 pr\u00e9voir dans le jour d\u2019apr\u00e8s. Oui, j\u2019en suis persuad\u00e9, rien ne DOIT plus jamais \u00eatre comme avant. <\/p>\n<p>Mardi 1er avril, dans une usine de fabrication de masques, vous avez affirm\u00e9 : <em>\u00ab On vit quelque chose d\u2019in\u00e9dit, on ne peut pas demander \u00e0 des gens de l\u2019avoir pr\u00e9vu il y a dix ans \u00bb<\/em>. <\/p>\n<blockquote><p>Si personne ne pouvait anticiper le Covid-19, on pouvait pr\u00e9voir l\u2019effondrement de notre syst\u00e8me public de sant\u00e9.<\/p><\/blockquote>\n<p>Combien d\u2019alertes depuis dix ans ? Des centaines, voire des milliers. Partout, sur tout le territoire national, soignants, infirmiers, m\u00e9decins, directeurs d\u2019h\u00f4pital, internes, personnel des EHPAD, ont cri\u00e9, ensemble, leur col\u00e8re face aux politiques d\u2019aust\u00e9rit\u00e9 impos\u00e9es par les gouvernements successifs. <\/p>\n<p>En 2018, \u00e0 Champigny, dans le cadre d\u2019un mouvement national historique, les agents de l\u2019EHPAD se sont mobilis\u00e9s pour exiger plus de moyens humains et financiers. Le \u00ab Plan grand \u00e2ge \u00bb imagin\u00e9 apr\u00e8s la canicule de 2003, pr\u00e9voyait 1 soignant pour un r\u00e9sident ; dans le Val-de-Marne, nous sommes sur une fourchette comprise entre 0,07 \u00e0 0,13 soignant par r\u00e9sident. Votre ministre de la Sant\u00e9 de l\u2019\u00e9poque, Agn\u00e8s Buzyn, avait r\u00e9pondu par le d\u00e9blocage de 50 millions d\u2019euros, bien loin des moyens exig\u00e9s par les enjeux pos\u00e9s par la question de la d\u00e9pendance. <\/p>\n<p>Les politiques lib\u00e9rales de sante\u0301 par leurs actions et leurs orientations ont aussi contribu\u00e9 \u00e0 faire de certains secteurs, comme celui de la psychiatrie, un secteur \u00e9conomique comme un autre ; c\u2019est aujourd\u2019hui <em>le parent pauvre<\/em> de la sant\u00e9 publique, avec des personnels en souffrance et des patients en d\u00e9tresse. <em>\u00ab Le but n&#8217;est plus de soigner, mais de r\u00e9habiliter \u00e9conomiquement \u00bb<\/em>, confient de nombreux infirmiers. <\/p>\n<p>Il ne faut pas non plus oublier le secteur du handicap, qui ne dispose pas aujourd\u2019hui des moyens n\u00e9cessaires, humains et financiers, pour mener une politique publique ambitieuse et de qualit\u00e9, et rendre de la dignit\u00e9 aux familles concern\u00e9es. <\/p>\n<p><em>\u00ab Nous sommes \u00e0 l\u2019os ! \u00bb<\/em> Combien de fois n\u2019avons-nous pas entendu cette phrase sur les plateaux t\u00e9l\u00e9s ou dans les manifestations !  On se souvient tous de l\u2019\u00e9t\u00e9 2019, o\u00f9 chaque semaine \u00e9tait battu le record du temps pass\u00e9 sur un brancard. 60 heures par-ci, 96 par-l\u00e0, jusqu\u2019\u00e0 120 heures \u00e0 l\u2019h\u00f4pital de Saint-\u00c9tienne. Nous avons connu de terribles drames. Je pense \u00e0 cet homme, victime de la maladie d\u2019Alzheimer, retrouv\u00e9 mort 15 jours apr\u00e8s sa disparition dans un couloir d\u00e9saffect\u00e9 de l\u2019h\u00f4pital de Marseille.<\/p>\n<p>L\u00e0 aussi, les cris d\u2019alerte ont foisonn\u00e9. Lison, aide-soignante aux urgences de Saint-Malo : <em>\u00ab \u00c7a devient de l\u2019abattage \u00bb<\/em>. Emma, infirmi\u00e8re : <em>\u00ab Je viens au travail la boule au ventre \u00bb<\/em>. Ou encore Xavier infirmier <em>\u00ab Je me sens \u00e0 bout \u00bb<\/em>.<\/p>\n<p>Rien n\u2019a \u00e9t\u00e9 fait, ou si peu. <\/p>\n<p><em>\u00ab Du d\u00e9ni, nous sommes pass\u00e9s au m\u00e9pris. \u00bb<\/em> Je me souviens encore de cette r\u00e9ponse d\u2019un urgentiste aux 750 millions d\u2019euros que vous avez mis sur la table en 2019 pour tenter d\u2019\u00e9teindre la col\u00e8re. Le journaliste Yves Calvi avait m\u00eame os\u00e9 parler de <em>\u00ab la pleurniche permanente hospitali\u00e8re \u00bb<\/em>. <\/p>\n<h2>Comment en est-on arriv\u00e9 l\u00e0 ?<\/h2>\n<p>Nous le savons, la fa\u00e7on dont le syst\u00e8me de sant\u00e9 d\u2019un pays est financ\u00e9 et administr\u00e9 est cruciale. En France, depuis des dizaines ann\u00e9es, le choix a \u00e9t\u00e9 fait de g\u00e9rer les h\u00f4pitaux comme des entreprises. On ne parle plus de patient, mais de client. On ne parle plus de prestations, mais de tarifications \u00e0 l\u2019acte. On ne parle plus de directeur d\u2019h\u00f4pital, mais de directoire voir de gouvernance. <\/p>\n<p>Enferm\u00e9s dans une logique purement comptable, o\u00f9 les tableurs Excel et autres indices de performances sont devenus les seuls crit\u00e8res d\u2019\u00e9valuation de nos h\u00f4pitaux, mais plus largement de notre politique de sant\u00e9 publique, nos dirigeants n\u2019ont eu de cesse de porter des coups au service public de sant\u00e9. <\/p>\n<p>Depuis votre arriv\u00e9e au pouvoir en 2017, le budget des h\u00f4pitaux publics a \u00e9t\u00e9 amput\u00e9 d\u20191,5 milliard d\u2019euros. Un chiffre r\u00e9sume l\u2019\u00e9tendue de la casse : en 15 ans, 100.000 lits hospitaliers ont \u00e9t\u00e9 supprim\u00e9s. <\/p>\n<p>Nous le savions et la crise le d\u00e9voile au grand jour, nous n\u2019\u00e9tions pas pr\u00eats \u00e0 affronter une \u00e9pid\u00e9mie d\u2019une telle ampleur. Comment pourrions-nous l\u2019\u00eatre alors que nous avons ferm\u00e9 des milliers de lits et supprim\u00e9 des centaines de postes ? <\/p>\n<p>Aujourd\u2019hui tout le monde a le regard riv\u00e9 sur la r\u00e9gion Grand-Est et l\u2019Ile-de-France et salue, \u00e0 juste titre, le d\u00e9vouement exceptionnel du personnel m\u00e9dical. Mais cela ne doit en aucun nous faire oublier les choix politiques qui ont men\u00e9 \u00e0 cette situation. Pas plus tard qu\u2019en juillet dernier, l\u2019ARS (Agence R\u00e9gionale de Sant\u00e9) du Grand Est pr\u00e9voyait de supprimer 600 postes au CHU de Nancy au nom de r\u00e9duction budg\u00e9taire !  <\/p>\n<p>Notre incapacit\u00e9 \u00e0 produire des masques met en exergue des ann\u00e9es de casse industrielle, y compris \u00e0 l\u2019\u00e9gard d\u2019entreprise d\u2019utilit\u00e9 publique, o\u00f9 le choix a \u00e9t\u00e9 fait de d\u00e9localiser, d\u2019externaliser et de sous-traiter. M\u00eame la politique des stocks, indispensable pour anticiper les crises, a \u00e9t\u00e9 abandonn\u00e9e. Toujours au nom du m\u00eame dogme : faire des \u00e9conomies ! <\/p>\n<p>Dans cette crise du Covid-19, les communes jouent un r\u00f4le essentiel, la n\u00f4tre en particulier, a fait le choix volontaire il y a 15 jours, d\u2019ouvrir dans un gymnase le premier centre de consultation Covid-19 du d\u00e9partement, tout en maintenant les services de nos deux centres municipaux de sant\u00e9, les appels t\u00e9l\u00e9phoniques aux personnes fragiles, le port de repas \u00e0 domicile.<\/p>\n<p>Les communes rappellent avec force qu\u2019elles demeurent le lieu de proximit\u00e9 le plus ad\u00e9quat, essentiel \u00e0 la vie quotidienne comme lors de graves crises. Je tiens ici \u00e0 saluer le formidable d\u00e9vouement des agents communaux qui assurent la continuit\u00e9 de ces services publics. Le pays tient aussi gr\u00e2ce \u00e0 eux ! <\/p>\n<p>En 2018, lors d\u2019une remise de p\u00e9tition sign\u00e9e par plus de 3000 Campinois, je vous avais alert\u00e9 sur les cons\u00e9quences des politiques de r\u00e9duction des dotations publiques. Pour Champigny, cela repr\u00e9sente une perte s\u00e8che de plus de 27 millions d\u2019euros ! \u00c0 l\u2019\u00e9poque, votre Premier ministre n\u2019avait m\u00eame pas daign\u00e9 nous recevoir, pr\u00e9f\u00e9rant envoyer un conseiller nous rencontrer sur <em>un bout<\/em> de trottoir. D\u00e9j\u00e0 le m\u00e9pris \u00e9tait la marque de votre gouvernement. <\/p>\n<p>Monsieur le Pr\u00e9sident, il serait bon de se rappeler que les communes existent, et pas seulement lors de graves crises ! <\/p>\n<h2>Que faire ? <\/h2>\n<p>Cette \u00e9pid\u00e9mie et sa gestion, sont un miroir extr\u00eamement puissant des faiblesses de notre soci\u00e9t\u00e9, bas\u00e9e sur des logiques de concurrence et de profits. Nous assistons \u00e0 un effondrement du logiciel lib\u00e9ral. La crise actuelle touche la finance, l&#8217;\u00e9conomie, les \u00e9cosyst\u00e8mes, le politique, le g\u00e9opolitique, l&#8217;alimentation, l\u2019\u00e9ducation, le logement, etc. Aucun secteur n\u2019est et ne sera \u00e9pargn\u00e9. Personne n\u2019en mesure aujourd\u2019hui les cons\u00e9quences. <\/p>\n<p>Si cette pand\u00e9mie met \u00e0 nu les choix politiques contraires faits depuis des ann\u00e9es, notre responsabilit\u00e9 est de pr\u00e9parer <em>le jour d\u2019apr\u00e8s<\/em>. En v\u00e9rit\u00e9, il a d\u00e9j\u00e0 commenc\u00e9. Ne soyons pas dupes, les choix qui vont structurer le monde de demain, vont se jouer dans les prochaines semaines. <\/p>\n<p><em>\u00ab Il est des biens et des services qui doivent \u00eatre plac\u00e9s en dehors des lois du march\u00e9 \u00bb<\/em>, ces mots sont les v\u00f4tres, le 12 mars dernier. Vous avez r\u00e9cidiv\u00e9 le 31 mars en affirmant <em>\u00ab qu\u2019il faut produire plus sur le sol national pour r\u00e9duire notre d\u00e9pendance et nous \u00e9quiper dans la dur\u00e9e \u00bb<\/em> ; vous avez m\u00eame os\u00e9 le terme de <em>\u00ab ma\u00eetrise de protection industrielle \u00bb<\/em>. <\/p>\n<p>En m\u00eame temps, vous refusez de sauver la derni\u00e8re usine d\u2019Europe situ\u00e9e pr\u00e8s de Clermont-Ferrand, qui fabrique des bouteilles d\u2019oxyg\u00e8ne, acceptant ainsi que la France soit d\u00e9pendante des march\u00e9s \u00e9trangers.<\/p>\n<p>Il y a urgence \u00e0 agir, maintenant, non pas pour interroger notre mod\u00e8le \u00e9conomique et social, mais pour en construire un nouveau. Oui, il faudra des choix de rupture !<\/p>\n<p>Ensemble, nous devons proposer un nouvel imaginaire, un nouveau r\u00e9cit commun pour en finir avec les trait\u00e9s de libre-\u00e9change qui sacrifient notre souverainet\u00e9 et \u00e9rigent la concurrence comme l\u2019alpha et l\u2019om\u00e9ga de toutes nos d\u00e9cisions politiques. <\/p>\n<p>Il est temps d\u2019en finir avec l\u2019obsession des profits, de la rentabilit\u00e9 du <em>courtermisme<\/em>. Ce sont les m\u00eames personnels de la sant\u00e9 qui le demandent, en s\u2019offusquant des appels aux dons qui font honte \u00e0 la 6\u00e8me puissance financi\u00e8re mondiale.<\/p>\n<p>D\u2019autres choix sont possibles. Des choix qui priorisent les services publics, nationaux comme communaux, et les \u00e9rigent en bien commun de la nation, des choix qui placent l\u2019\u00e9cologie, la juste r\u00e9partition des richesses, l\u2019int\u00e9r\u00eat g\u00e9n\u00e9ral et la justice sociale au c\u0153ur des politiques publiques de ce pays. <\/p>\n<p>La sant\u00e9, par exemple, doit \u00e9chapper aux lois du march\u00e9 d\u2019o\u00f9 qu\u2019elles viennent. Nous avons besoin d\u2019un grand plan d\u2019investissement pour l\u2019h\u00f4pital public et pour la recherche m\u00e9dicale, en revalorisant ces fili\u00e8res d\u2019\u00e9tudes, en permettant des milliers d\u2019embauches, des ouvertures d\u2019h\u00f4pitaux de proximit\u00e9, la revalorisation des salaires, et une autre gouvernance ! <\/p>\n<blockquote><p>Face \u00e0 la gravit\u00e9 de la crise qui nous frappe, les r\u00e9ponses doivent \u00eatre \u00e0 la hauteur des enjeux. Il s\u2019agit de changer de logique et de changer le monde !<\/p><\/blockquote>\n<p>Cela ne sera pas simple. Les tenants de la finance sont d\u00e9j\u00e0 \u00e0 l\u2019offensive pour proposer des solutions cosm\u00e9tiques leur permettant de garder la mainmise sur les richesses et sur nos vies, tout en \u00e9chappant \u00e0 leurs responsabilit\u00e9s. <\/p>\n<p>Je suis pour ma part favorable \u00e0 ce que les services publics soient sanctuaris\u00e9s dans notre Constitution, en r\u00e9affirmant une id\u00e9e majeure : c\u2019est notre bien commun, inali\u00e9nable. <\/p>\n<p>Monsieur le Pr\u00e9sident, alors que des millions de salari\u00e9s sont en situation de ch\u00f4mage partiel, que des milliers risquent de perdre leur emploi, que de nombreuses TPE et PME risquent de disparaitre, je vous demande de prendre des mesures imm\u00e9diates pour interdire aux entreprises du CAC-40 de verser des dividendes \u00e0 leurs actionnaires, et d\u2019utiliser cet argent pour alimenter un grand fond de solidarit\u00e9 nationale \u00e0 destination des communes, des associations et de tous les acteurs qui se retrouvent aujourd\u2019hui en premi\u00e8re ligne dans la lutte contre le Covid-19.<\/p>\n<p>Cette d\u00e9cision est \u00e0 votre port\u00e9e et de votre responsabilit\u00e9.<\/p>\n<p>Alors que l\u2019Europe vient d\u2019abolir la r\u00e8gle d\u00e9j\u00e0 infond\u00e9e des 3% de d\u00e9ficit, je vous demande de mettre fin \u00e0 <em>la r\u00e8gle d\u2019or des communes<\/em> pour permettre \u00e0 celle-ci de se donner les moyens de r\u00e9pondre aux besoins des habitants. <\/p>\n<p>Votre responsabilit\u00e9 est de tout mettre en \u0153uvre pour \u00e9viter, apr\u00e8s la crise sanitaire, que celle-ci ne se transforme en crise sociale et \u00e9conomique, sans doute \u00e9ducative aussi, avec des cons\u00e9quences dramatiques pour des millions de personnes. <\/p>\n<p>Cette crise offre une occasion en or de revenir sur nos fondamentaux. La t\u00e2che est immense mais passionnante. <\/p>\n<p>Vous avez parl\u00e9 de guerre en \u00e9voquant la lutte contre la pand\u00e9mie. Je vous appelle, d\u00e8s maintenant, \u00e0 ouvrir une nouvelle page progressiste de notre soci\u00e9t\u00e9, en construisant un nouveau programme des jours heureux.  <\/p>\n<p>Respectueusement,<\/p>\n<p>&nbsp;<\/p>\n<p>\n<strong>Christian Fautr\u00e9<\/strong>, maire de Champigny-sur-Marne<div id='gallery-1' class='gallery galleryid-12220 gallery-columns-3 gallery-size-thumbnail'><figure class='gallery-item'>\n\t\t\t<div class='gallery-icon landscape'>\n\t\t\t\t<a href='https:\/\/archives.regards.fr\/wp-content\/uploads\/2020\/04\/h3lwbnqbff5wes75msgeoxgvei-017.jpg'><img loading=\"lazy\" decoding=\"async\" width=\"150\" height=\"150\" src=\"https:\/\/archives.regards.fr\/wp-content\/uploads\/2020\/04\/h3lwbnqbff5wes75msgeoxgvei-017-150x150.jpg\" class=\"attachment-thumbnail size-thumbnail\" alt=\"h3lwbnqbff5wes75msgeoxgvei.jpg\" \/><\/a>\n\t\t\t<\/div><\/figure>\n\t\t<\/div>\n<\/p>\n","protected":false},"excerpt":{"rendered":"<p>Le maire communiste de Champigny-sur-Marne, Christian Fautr\u00e9, \u00e9crit une lettre ouverte au pr\u00e9sident de la R\u00e9publique pour lui dire sa col\u00e8re de ne pas avoir \u00e9t\u00e9 \u00e9cout\u00e9, comme beaucoup d&#8217;autres, plus t\u00f4t.<\/p>\n","protected":false},"author":1,"featured_media":29071,"comment_status":"open","ping_status":"open","sticky":false,"template":"","format":"standard","meta":{"_themeisle_gutenberg_block_has_review":false,"footnotes":""},"categories":[6],"tags":[517,406],"class_list":["post-12220","post","type-post","status-publish","format-standard","has-post-thumbnail","hentry","category-actu","tag-covid-19","tag-pcf"],"_links":{"self":[{"href":"https:\/\/archives.regards.fr\/index.php?rest_route=\/wp\/v2\/posts\/12220","targetHints":{"allow":["GET"]}}],"collection":[{"href":"https:\/\/archives.regards.fr\/index.php?rest_route=\/wp\/v2\/posts"}],"about":[{"href":"https:\/\/archives.regards.fr\/index.php?rest_route=\/wp\/v2\/types\/post"}],"author":[{"embeddable":true,"href":"https:\/\/archives.regards.fr\/index.php?rest_route=\/wp\/v2\/users\/1"}],"replies":[{"embeddable":true,"href":"https:\/\/archives.regards.fr\/index.php?rest_route=%2Fwp%2Fv2%2Fcomments&post=12220"}],"version-history":[{"count":0,"href":"https:\/\/archives.regards.fr\/index.php?rest_route=\/wp\/v2\/posts\/12220\/revisions"}],"wp:featuredmedia":[{"embeddable":true,"href":"https:\/\/archives.regards.fr\/index.php?rest_route=\/wp\/v2\/media\/29071"}],"wp:attachment":[{"href":"https:\/\/archives.regards.fr\/index.php?rest_route=%2Fwp%2Fv2%2Fmedia&parent=12220"}],"wp:term":[{"taxonomy":"category","embeddable":true,"href":"https:\/\/archives.regards.fr\/index.php?rest_route=%2Fwp%2Fv2%2Fcategories&post=12220"},{"taxonomy":"post_tag","embeddable":true,"href":"https:\/\/archives.regards.fr\/index.php?rest_route=%2Fwp%2Fv2%2Ftags&post=12220"}],"curies":[{"name":"wp","href":"https:\/\/api.w.org\/{rel}","templated":true}]}}