{"id":12219,"date":"2020-04-09T19:12:04","date_gmt":"2020-04-09T17:12:04","guid":{"rendered":"https:\/\/wp.muchomaas.com\/article-stephane-peu-il-y-a-des-raisons-d-etre-extremement-inquiet-sur-le-drame-social\/"},"modified":"2023-06-23T23:55:22","modified_gmt":"2023-06-23T21:55:22","slug":"article-stephane-peu-il-y-a-des-raisons-d-etre-extremement-inquiet-sur-le-drame-social","status":"publish","type":"post","link":"https:\/\/archives.regards.fr\/?p=12219","title":{"rendered":"St\u00e9phane Peu : \u00ab Il y a des raisons d\u2019\u00eatre extr\u00eamement inquiet sur le drame social \u00e0 venir \u00bb"},"content":{"rendered":"<p class=\"post_excerpt\">Auditions de Christophe Castaner et de C\u00e9dric O. La situation en Seine-Saint-Denis. Le jour d\u2019apr\u00e8s. Le r\u00f4le de la gauche et des \u00e9cologistes. Le d\u00e9put\u00e9 communiste de la Seine-Saint-Denis, St\u00e9phane Peu, est l\u2019invit\u00e9 de #LaMidinale.<\/p>\n<h2>UNE MIDINALE \u00c0 VOIR&#8230;<\/h2>\n<p><iframe loading=\"lazy\" width=\"490\" height=\"276\" src=\"https:\/\/www.youtube.com\/embed\/BcXWg_b1Wa8\" frameborder=\"0\" allow=\"accelerometer; autoplay; encrypted-media; gyroscope; picture-in-picture\" allowfullscreen><\/iframe><\/p>\n<p>&nbsp;<\/p>\n<p><h2>ET \u00c0 LIRE&#8230;<\/h2>\n<p><em>\u00a0<strong>Sur les in\u00e9galit\u00e9s en p\u00e9riode de confinement <\/em>\u00a0<\/strong><br \/>\n\u00ab Ma premi\u00e8re crainte c\u2019est l\u2019\u00e9tat sanitaire pour la population de la Seine-Saint-Denis. \u00bb<br \/>\n\u00ab En Seine-Saint-Denis, le taux de mortalit\u00e9 a augment\u00e9 dans des proportions nettement sup\u00e9rieures aux autres d\u00e9partements. Et nos lits de r\u00e9animation sont complets. \u00bb<br \/>\n\u00ab La population de la Seine-Saint-Denis fait partie de ces petites mains qu\u2019on applaudit \u00e0 20h &#8211; et j\u2019esp\u00e8re qu\u2019on ne les oubliera pas &#8211; qui ne sont pas en t\u00e9l\u00e9travail et qui vont au travail chaque matin, dans les grandes surfaces, dans les entrep\u00f4ts, sur les chantiers, dans les camions. Ces personnes s\u2019exposent davantage sans b\u00e9n\u00e9ficier de toutes les protections n\u00e9cessaires m\u00eame si va un peu mieux depuis quelques jours. \u00bb<br \/>\n\u00ab Derri\u00e8re le drame sanitaire, il y a un drame social qui est en train de se nouer. \u00bb<br \/>\n\u00ab Les gens qui sont au chromage partiel sont \u00e0 84% de leur net et 84% du net quand vous \u00eates \u00e0 1600 euros, m\u00e8re seule avec deux enfants, c\u2019est 250 \u00e0 300 euros en moins sur le salaire \u00e0 la fin du mois. \u00bb<br \/>\n\u00ab Les grandes surfaces sont en train de se gaver en ce moment en augmentant les prix. \u00bb<br \/>\n\u00ab Le prix des cadis augmente et les salaires baisses consid\u00e9rablement. \u00bb<br \/>\n\u00ab Il y a des raisons d\u2019\u00eatre extr\u00eamement inquiet sur le drame social \u00e0 venir. \u00bb<\/p>\n<p><em>\u00a0<strong>Sur la stigmatisation de la Seine-Saint-Denis<\/em>\u00a0<\/strong><br \/>\n\u00ab Je suis tr\u00e8s en col\u00e8re sur ces articles, commentateurs ou responsables politiques qui pointent du doigt la Seine-Saint-Denis alors qu\u2019on devrait applaudir ses habitants. \u00bb<br \/>\n\u00ab J\u2019ai horreur de la m\u00e9taphore de la guerre utilis\u00e9e par le pr\u00e9sident de la R\u00e9publique mais pour reprendre cette m\u00e9taphore, les habitants de la Seine-Saint-Denis sont les tirailleurs s\u00e9n\u00e9galais ou les bretons qui \u00e9taient dans les tranch\u00e9es de 14-18 et qui ont \u00e9t\u00e9 oubli\u00e9s de nos monuments aux morts et de nos hommages longtemps apr\u00e8s. \u00bb<br \/>\n\u00ab J\u2019ai vu plus de monde dans les beaux quartiers parisiens qu\u2019il n\u2019y en a dans les rues de Saint-Denis ou en bas des cit\u00e9s. \u00bb<\/p>\n<p><em>\u00a0<strong>Sur la fermeture des rayons non essentiels des supermarch\u00e9s <\/em>\u00a0<\/strong><br \/>\n\u00ab L\u2019id\u00e9e fait son chemin. \u00bb<br \/>\n\u00ab Les produits essentiels, c\u2019est les produits alimentaires ou les produits d\u2019hygi\u00e8ne. \u00bb<br \/>\n\u00ab Les librairies devraient \u00eatre ouvertes. \u00bb<br \/>\n\u00ab On a fait un mauvais sort au petit commerce. On a ferm\u00e9 les petits commerces et les march\u00e9s alimentaires : c\u2019est une b\u00eatise. \u00bb<br \/>\n\u00ab C\u2019est open bar pour les grandes surfaces et les GAFA en ce moment. \u00bb<\/p>\n<p><em>\u00a0<strong>Sur le secteur du b\u00e2timent <\/em>\u00a0<\/strong><br \/>\n\u00ab Il faut arr\u00eater le secteur du b\u00e2timent et de la construction. Normalement les chantiers ont \u00e9t\u00e9 arr\u00eat\u00e9s. Reprendre les chantiers serait une b\u00eatise. \u00bb<br \/>\n\u00ab Il est faux de dire que le chantier du Charles de Gaulle Express est essentiel. Pareil pour le chantier des Jeux Olympiques dont il est probable qu\u2019ils soient d\u00e9cal\u00e9s puisque ceux de Tokyo sont report\u00e9s \u00e0 2021. \u00bb<\/p>\n<p><em>\u00a0<strong>Sur l\u2019audition de C\u00e9dric O et les libert\u00e9s individuelles<\/em>\u00a0<\/strong><br \/>\n\u00ab L\u2019hypoth\u00e8se du tracking serait une ligne rouge. \u00bb<br \/>\n\u00ab On n\u2019est pas en guerre, on est en \u00e9tat d\u2019urgence sanitaire. \u00bb<br \/>\n\u00ab La lutte contre le Covid-19 passe par la d\u00e9mocratie et la discussion. \u00bb<br \/>\n\u00ab On ne mobilise pas un peuple comme le peuple fran\u00e7ais \u00e0 la trique. Pas en France : \u00e7a n\u2019est pas notre histoire, \u00e7a n\u2019est pas notre culture. \u00bb<br \/>\n\u00ab Il y a une tentation autoritaire de ce pouvoir qui ne date pas d\u2019aujourd\u2019hui et une fascination de la startup nation sur tout ce qui est num\u00e9rique. \u00bb<\/p>\n<p><em>\u00a0<strong>Sur la visite de Macron au Pr Raoult<\/em>\u00a0<\/strong><br \/>\n\u00ab Je ne m\u2019immisce pas dans les d\u00e9bats que je ne maitrise pas sur la qualit\u00e9 ou la pertinence m\u00e9dicale et de recherche du professeur Raoult. \u00bb<br \/>\n\u00ab Les Fran\u00e7ais jugent s\u00e9v\u00e8rement la fa\u00e7on dont jusqu\u2019\u00e0 pr\u00e9sent le gouvernement et les conseillers scientifiques autour de lui ont balay\u00e9 d\u2019un revers de main ce qui est une esp\u00e9rance de soins sur cette maladie. Il y a eu beaucoup de m\u00e9pris et de condescendance. \u00bb<br \/>\n\u00ab Le pr\u00e9sident de la R\u00e9publique essai de rattraper ce qui a \u00e9t\u00e9 une erreur &#8211; comme il y en a eu tant d\u2019autres &#8211; que de traiter par le m\u00e9pris et la condescendance ce que faisait le professeur Raoult et son institut &#8211; dont. Je me garde de jug\u00e9 la pertinence des travaux. \u00bb<\/p>\n<p><em>\u00a0<strong>Sur la prise de parole de Macron ce lundi<\/em>\u00a0<\/strong><br \/>\n\u00ab Il faudrait que le pr\u00e9sident de la R\u00e9publique mette le pays en perspective et qu\u2019il donne de la coh\u00e9rence \u00e0 la parole publique. \u00bb<br \/>\n\u00ab J\u2019\u00e9vite d\u2019\u00eatre trop s\u00e9v\u00e8re parce que c\u2019est une crise in\u00e9dite mais il y a une impr\u00e9paration s\u00e9v\u00e8re. \u00bb<br \/>\n\u00ab Macron doit prendre la mesure de ce que doit \u00eatre le jour d\u2019apr\u00e8s. \u00bb<br \/>\n\u00ab Macron doit indiquer un chemin qui ne soit pas celui qu\u2019il poursuit depuis le d\u00e9but du quinquennat. \u00bb<\/p>\n<p><em>\u00a0<strong>Sur la gauche et les \u00e9cologistes <\/em>\u00a0<\/strong><br \/>\n\u00ab Avant le Covid-19 il y avait d\u00e9j\u00e0 une n\u00e9cessit\u00e9 d\u2019\u00eatre rassembl\u00e9s et la crise du Covid-19 acc\u00e9l\u00e8re cette urgence. \u00bb<br \/>\n\u00ab On vit l\u2019\u00e9chec d \u00bb\u2019une mondialisation financiaris\u00e9e, lib\u00e9rale et productiviste. \u00bb<br \/>\n\u00ab Seuls la gauche et les \u00e9cologistes peuvent montrer le chemin. \u00bb<div id='gallery-1' class='gallery galleryid-12219 gallery-columns-3 gallery-size-thumbnail'><figure class='gallery-item'>\n\t\t\t<div class='gallery-icon landscape'>\n\t\t\t\t<a href='https:\/\/archives.regards.fr\/wp-content\/uploads\/2020\/04\/capture_d_e_cran_2020-04-09_a_19-d25.09.43.png'><img loading=\"lazy\" decoding=\"async\" width=\"150\" height=\"150\" src=\"https:\/\/archives.regards.fr\/wp-content\/uploads\/2020\/04\/capture_d_e_cran_2020-04-09_a_19-d25.09.43-150x150.png\" class=\"attachment-thumbnail size-thumbnail\" alt=\"capture_d_e_cran_2020-04-09_a_19.09.43.png\" \/><\/a>\n\t\t\t<\/div><\/figure>\n\t\t<\/div>\n<\/p>\n","protected":false},"excerpt":{"rendered":"<p>Auditions de Christophe Castaner et de C\u00e9dric O. La situation en Seine-Saint-Denis. Le jour d\u2019apr\u00e8s. Le r\u00f4le de la gauche et des \u00e9cologistes. Le d\u00e9put\u00e9 communiste de la Seine-Saint-Denis, St\u00e9phane Peu, est l\u2019invit\u00e9 de #LaMidinale.<\/p>\n","protected":false},"author":1204,"featured_media":29069,"comment_status":"open","ping_status":"open","sticky":false,"template":"","format":"standard","meta":{"_themeisle_gutenberg_block_has_review":false,"footnotes":""},"categories":[238],"tags":[517,293],"class_list":["post-12219","post","type-post","status-publish","format-standard","has-post-thumbnail","hentry","category-la-midinale","tag-covid-19","tag-entretien"],"_links":{"self":[{"href":"https:\/\/archives.regards.fr\/index.php?rest_route=\/wp\/v2\/posts\/12219","targetHints":{"allow":["GET"]}}],"collection":[{"href":"https:\/\/archives.regards.fr\/index.php?rest_route=\/wp\/v2\/posts"}],"about":[{"href":"https:\/\/archives.regards.fr\/index.php?rest_route=\/wp\/v2\/types\/post"}],"author":[{"embeddable":true,"href":"https:\/\/archives.regards.fr\/index.php?rest_route=\/wp\/v2\/users\/1204"}],"replies":[{"embeddable":true,"href":"https:\/\/archives.regards.fr\/index.php?rest_route=%2Fwp%2Fv2%2Fcomments&post=12219"}],"version-history":[{"count":0,"href":"https:\/\/archives.regards.fr\/index.php?rest_route=\/wp\/v2\/posts\/12219\/revisions"}],"wp:featuredmedia":[{"embeddable":true,"href":"https:\/\/archives.regards.fr\/index.php?rest_route=\/wp\/v2\/media\/29069"}],"wp:attachment":[{"href":"https:\/\/archives.regards.fr\/index.php?rest_route=%2Fwp%2Fv2%2Fmedia&parent=12219"}],"wp:term":[{"taxonomy":"category","embeddable":true,"href":"https:\/\/archives.regards.fr\/index.php?rest_route=%2Fwp%2Fv2%2Fcategories&post=12219"},{"taxonomy":"post_tag","embeddable":true,"href":"https:\/\/archives.regards.fr\/index.php?rest_route=%2Fwp%2Fv2%2Ftags&post=12219"}],"curies":[{"name":"wp","href":"https:\/\/api.w.org\/{rel}","templated":true}]}}