{"id":12215,"date":"2020-04-08T11:35:35","date_gmt":"2020-04-08T09:35:35","guid":{"rendered":"https:\/\/wp.muchomaas.com\/article-nous-sommes-inquiets-d-une-possible-derive-de-la-tracabilite-par-le-telephone\/"},"modified":"2023-06-23T23:55:17","modified_gmt":"2023-06-23T21:55:17","slug":"article-nous-sommes-inquiets-d-une-possible-derive-de-la-tracabilite-par-le-telephone","status":"publish","type":"post","link":"https:\/\/archives.regards.fr\/?p=12215","title":{"rendered":"\u00ab Nous sommes inquiets d\u2019une possible d\u00e9rive de la tra\u00e7abilit\u00e9 par le t\u00e9l\u00e9phone portable \u00bb"},"content":{"rendered":"<p class=\"post_excerpt\">Nos libert\u00e9s vont-elles rester confin\u00e9es apr\u00e8s la crise sanitaire ? C\u00e9cile Coudriou, pr\u00e9sidente d\u2019Amnesty France, est l\u2019invit\u00e9e de #LaMidinale.<\/p>\n<h2>UNE MIDINALE \u00c0 VOIR&#8230;<\/h2>\n<p><iframe loading=\"lazy\" width=\"490\" height=\"276\" src=\"https:\/\/www.youtube.com\/embed\/-umrSDBoqYM\" frameborder=\"0\" allow=\"accelerometer; autoplay; encrypted-media; gyroscope; picture-in-picture\" allowfullscreen><\/iframe><\/p>\n<p>&nbsp;<\/p>\n<p><h2>ET \u00c0 LIRE&#8230;<\/h2>\n<p><strong>Sur la libert\u00e9 d\u2019informer en Chine<\/strong><br \/>\n\u00ab L\u2019acc\u00e8s \u00e0 l\u2019information, dans des p\u00e9riodes pareilles, est essentiel. \u00bb<br \/>\n\u00ab Le Covid-19 met en lumi\u00e8re des violations de libert\u00e9s pr\u00e9existantes et qui sont m\u00eame aggrav\u00e9es par cette pand\u00e9mie : des Etats autoritaires comme la Chine n\u2019ont de cesse de montrer qu\u2019ils peuvent maitriser la situation et ils n\u2019ont qu\u2019une crainte, c\u2019est que la population d\u00e9mente cette capacit\u00e9 \u00e0 maitriser la pand\u00e9mie. Ils font tout pour censurer et r\u00e9primer d\u00e8s lors qu\u2019une personne devient lanceur d\u2019alerte. \u00bb<br \/>\n\u00ab La Chine ment sur ses chiffres. \u00bb<br \/>\n\u00ab Ne pas donner l\u2019acc\u00e8s \u00e0 l\u2019information, c\u2019est condamner \u00e0 mort plus de personnes encore \u00e0 cause de cette pand\u00e9mie. \u00bb<\/p>\n<p><strong>Sur le confinement comme privation de libert\u00e9s<\/strong><br \/>\n\u00ab Nous on d\u00e9fend les libert\u00e9s au nom du respect du droit international donc c\u2019est bien important de rappeler qu\u2019il y a des privations de libert\u00e9s qui sont l\u00e9gitimes et n\u00e9cessaires, si elles sont proportionn\u00e9es, dans des situations extr\u00eames comme celle que nous vivons en ce moment. \u00bb<br \/>\n\u00ab \u00c0 travers la plan\u00e8te, certains gouvernement autoritaires abusent de la situation &#8211; y compris en Europe, comme la Hongrie. \u00bb<br \/>\n\u00ab Le droit international pr\u00e9voit l\u2019Etat d\u2019urgence en g\u00e9n\u00e9ral mais il est pr\u00e9cis\u00e9 qu\u2019il doit \u00eatre temporaire. Et nous sommes inquiets parce qu\u2019il y a le risque de mettre dans le droit commun des dispositions temporaires. \u00bb<\/p>\n<p><strong>Sur l\u2019urgence sanitaire en France<\/strong><br \/>\n\u00ab On a pu observer, notamment dans le cadre de la lutte antiterroriste, que certaines mesures ont \u00e9t\u00e9 int\u00e9gr\u00e9es dans le droit commun. \u00bb<br \/>\n\u00ab Il y a des pr\u00e9c\u00e9dents en France et dans le monde qui doivent nous rendre vigilants. \u00bb<\/p>\n<p><strong>Sur la situation des mineurs isol\u00e9s<\/strong><br \/>\n\u00ab Le Covid-19 agit comme un r\u00e9v\u00e9lateur mais aussi comme un acc\u00e9l\u00e9rateur d\u2019in\u00e9galit\u00e9s. \u00bb<br \/>\n\u00ab La situation des mineurs isol\u00e9s s\u2019aggrave. \u00bb<br \/>\n\u00ab On demande des mesures d\u2019urgence \u00e0 l\u2019Etat (\u2026). Il faut acc\u00e9l\u00e9rer le processus de mise \u00e0 l\u2019abris des enfants. \u00bb<br \/>\n\u00ab \u00c0 Grande-Synthe et \u00e0 Calais, la situation est explosive. \u00bb<br \/>\n\u00ab Au Portugal, le gouvernement a propos\u00e9 de r\u00e9gulariser les personnes qui sont en cours de r\u00e9gularisation. \u00bb<br \/>\n\u00ab L\u2019accord sign\u00e9 par l&#8217;Union europ\u00e9enne avec la Turquie est un accord d\u00e9sastreux et qui est responsable de la situation explosive sur certaines iles grecques. \u00bb<br \/>\n\u00ab Ce qui se passe sur les iles grecques, comme \u00e7a s\u2019est pass\u00e9 avant en Italie, est le r\u00e9sultat d\u2019une absence d\u2019anticipation et de solidarit\u00e9 au sein m\u00eame de l\u2019Union europ\u00e9enne. \u00bb<br \/>\n\u00ab Il faut appeler la France \u00e0 prendre plut\u00f4t exemple sur les Etats qui restent g\u00e9n\u00e9reux tout en \u00e9tant pragmatique plut\u00f4t que des Etats qui tombent dans l\u2019autoritarisme et qui s\u2019\u00e9loignent du respect des droits humains. \u00bb<\/p>\n<p><strong>Sur l\u2019attestation d\u00e9rogatoire num\u00e9rique et la g\u00e9olocalisation<\/strong><br \/>\n\u00ab Il faut rappeler que l\u2019usage du formulaire en ligne n\u2019est pas obligatoire. \u00bb<br \/>\n\u00ab Il pourrait y avoir une tentation de collecter et de garder les informations &#8211; m\u00eame si le gouvernement dit le contraire &#8211; au moment o\u00f9 le policier scanne le QR code : \u00e7a sera condamnable au nom du respect du droit. \u00bb<br \/>\n\u00ab Sur la g\u00e9olocalisation, le discours du gouvernement est en train d\u2019\u00e9voluer et c\u2019est tr\u00e8s inqui\u00e9tant. \u00bb<br \/>\n\u00ab Il faut respecter le principe du consentement. \u00bb<br \/>\n\u00ab Il faut respecter le droit \u00e0 la vie priv\u00e9e, et notamment de la vie priv\u00e9e par rapport \u00e0 la sant\u00e9. \u00bb<br \/>\n\u00ab Nous sommes inquiets d\u2019une possible d\u00e9rive de la tra\u00e7abilit\u00e9 des personnes avec le t\u00e9l\u00e9phone portable. \u00bb<div id='gallery-1' class='gallery galleryid-12215 gallery-columns-3 gallery-size-thumbnail'><figure class='gallery-item'>\n\t\t\t<div class='gallery-icon landscape'>\n\t\t\t\t<a href='https:\/\/archives.regards.fr\/wp-content\/uploads\/2020\/04\/capture_d_e_cran_2020-04-08_a_11-763.31.30.png'><img loading=\"lazy\" decoding=\"async\" width=\"150\" height=\"150\" src=\"https:\/\/archives.regards.fr\/wp-content\/uploads\/2020\/04\/capture_d_e_cran_2020-04-08_a_11-763.31.30-150x150.png\" class=\"attachment-thumbnail size-thumbnail\" alt=\"capture_d_e_cran_2020-04-08_a_11.31.30.png\" \/><\/a>\n\t\t\t<\/div><\/figure>\n\t\t<\/div>\n<\/p>\n","protected":false},"excerpt":{"rendered":"<p>Nos libert\u00e9s vont-elles rester confin\u00e9es apr\u00e8s la crise sanitaire ? C\u00e9cile Coudriou, pr\u00e9sidente d\u2019Amnesty France, est l\u2019invit\u00e9e de #LaMidinale.<\/p>\n","protected":false},"author":1204,"featured_media":29061,"comment_status":"open","ping_status":"open","sticky":false,"template":"","format":"standard","meta":{"_themeisle_gutenberg_block_has_review":false,"footnotes":""},"categories":[238],"tags":[517,293],"class_list":["post-12215","post","type-post","status-publish","format-standard","has-post-thumbnail","hentry","category-la-midinale","tag-covid-19","tag-entretien"],"_links":{"self":[{"href":"https:\/\/archives.regards.fr\/index.php?rest_route=\/wp\/v2\/posts\/12215","targetHints":{"allow":["GET"]}}],"collection":[{"href":"https:\/\/archives.regards.fr\/index.php?rest_route=\/wp\/v2\/posts"}],"about":[{"href":"https:\/\/archives.regards.fr\/index.php?rest_route=\/wp\/v2\/types\/post"}],"author":[{"embeddable":true,"href":"https:\/\/archives.regards.fr\/index.php?rest_route=\/wp\/v2\/users\/1204"}],"replies":[{"embeddable":true,"href":"https:\/\/archives.regards.fr\/index.php?rest_route=%2Fwp%2Fv2%2Fcomments&post=12215"}],"version-history":[{"count":0,"href":"https:\/\/archives.regards.fr\/index.php?rest_route=\/wp\/v2\/posts\/12215\/revisions"}],"wp:featuredmedia":[{"embeddable":true,"href":"https:\/\/archives.regards.fr\/index.php?rest_route=\/wp\/v2\/media\/29061"}],"wp:attachment":[{"href":"https:\/\/archives.regards.fr\/index.php?rest_route=%2Fwp%2Fv2%2Fmedia&parent=12215"}],"wp:term":[{"taxonomy":"category","embeddable":true,"href":"https:\/\/archives.regards.fr\/index.php?rest_route=%2Fwp%2Fv2%2Fcategories&post=12215"},{"taxonomy":"post_tag","embeddable":true,"href":"https:\/\/archives.regards.fr\/index.php?rest_route=%2Fwp%2Fv2%2Ftags&post=12215"}],"curies":[{"name":"wp","href":"https:\/\/api.w.org\/{rel}","templated":true}]}}