{"id":12178,"date":"2020-03-28T15:54:35","date_gmt":"2020-03-28T14:54:35","guid":{"rendered":"https:\/\/wp.muchomaas.com\/article-covid-19-ce-miroir-des-fractures-territoriales\/"},"modified":"2023-06-23T23:54:17","modified_gmt":"2023-06-23T21:54:17","slug":"article-covid-19-ce-miroir-des-fractures-territoriales","status":"publish","type":"post","link":"https:\/\/archives.regards.fr\/?p=12178","title":{"rendered":"Covid-19, ce miroir des fractures territoriales"},"content":{"rendered":"<p class=\"post_excerpt\">Les r\u00e9gions p\u00e9riph\u00e9riques, \u00e0 l\u2019\u00e9chelle d\u2019un pays comme du monde, sont les premi\u00e8res victimes de la pand\u00e9mie. Comme la sant\u00e9 de chacun.e d\u00e9pend de la sant\u00e9 des autres, allons-nous enfin avancer vers un monde solidaire et coop\u00e9ratif, plus soucieux de la vie humaine que des march\u00e9s financiers ?<\/p>\n<p>Je suis inqui\u00e8te pour la Seine-Saint-Denis, mon d\u00e9partement, touch\u00e9 comme toute l\u2019\u00cele-de-France par la vague \u00e9pid\u00e9mique. Je dis \u00ab comme \u00bb mais en r\u00e9alit\u00e9, j\u2019ai en t\u00eate les in\u00e9galit\u00e9s sociales qui frappent la population de notre territoire populaire. Le syst\u00e8me de sant\u00e9 du 93 n\u2019est pas celui de Paris. Il y a un an, avec douze de mes coll\u00e8gues parlementaires, toutes tendances politiques \u2013 c\u2019est dire combien le r\u00e9el est grave \u2013, nous avions tir\u00e9 la sonnette d\u2019alarme <a href=\"http:\/\/www.leparisien.fr\/seine-saint-denis-93\/la-faillite-des-politiques-de-sante-en-seine-saint-denis-est-sans-appel-03-03-2019-8023635.php\">dans une tribune adress\u00e9e au Premier ministre<\/a>. En Seine-Saint-Denis, la densit\u00e9 de m\u00e9decins g\u00e9n\u00e9ralistes est inf\u00e9rieure de 30% au taux national. Plus de la moiti\u00e9 des communes du d\u00e9partement se trouvent en zone prioritaire de lutte contre la d\u00e9sertification m\u00e9dicale. Les h\u00f4pitaux se r\u00e9v\u00e8lent largement sous dot\u00e9s au regard du volume de patients accueillis. Les services y sont, pour la plupart, en sous-effectif et manquent de mat\u00e9riel pour assurer leurs missions.<\/p>\n<p>&nbsp;<\/p>\n<p>\n<strong>LIRE AUSSI SUR REGARDS.FR<br \/>\n>><\/strong> <em><a href=\"https:\/\/wp.muchomaas.com\/idees-culture\/article\/tribune-coronavirus-le-capitalisme-est-exsangue-vive-l-ecofeminisme\">TRIBUNE. Coronavirus : le capitalisme est exsangue, vive l\u2019\u00e9cof\u00e9minisme !<\/a><\/em><\/p>\n<p>&nbsp;<\/p>\n<p>Ce constat, c\u2019\u00e9tait avant\u2026 Avant que le coronavirus ne d\u00e9barque. Et maintenant, Romain Dufau, chef du service des urgences de Jean Verdier \u00e0 Bondy, <a href=\"https:\/\/www.lemonde.fr\/planete\/article\/2020\/03\/26\/il-n-y-a-plus-une-seule-place-de-reanimation-dans-le-93_6034502_3244.html\">nous dit dans <em>Le Monde<\/em><\/a> qu\u2019il n\u2019y a plus une seule place de disponible en r\u00e9animation dans notre d\u00e9partement. J\u2019ai imm\u00e9diatement interrog\u00e9 le pr\u00e9fet qui s\u2019est montr\u00e9 rassurant, le 26 mars, mettant en avant des efforts de restructuration ayant permis d\u2019ouvrir des places. Je ne sais pas quelle est la situation exacte \u00e0 cet instant o\u00f9 j\u2019\u00e9cris mais \u00e0 l\u2019\u00e9vidence, nous touchons \u00e0 l\u2019os. Je m\u2019inqui\u00e8te d\u2019autant que, m\u00eame si la Seine-Saint-Denis pr\u00e9sente l\u2019atout de sa jeunesse, le virus est plus agressif envers les populations qui ont des troubles cardio-vasculaires ou du diab\u00e8te de type 2. Or ces maladies touchent nettement les milieux les plus d\u00e9favoris\u00e9es, qui sont surrepr\u00e9sent\u00e9s en Seine-Saint-Denis.<\/p>\n<h2>Alors j\u2019enrage.<\/h2>\n<p>J\u2019enrage encore et toujours contre des d\u00e9cennies de casse de l\u2019h\u00f4pital public. J\u2019enrage face \u00e0 l\u2019inaction des gouvernements successifs pour combler la rupture d\u2019\u00e9galit\u00e9 qui frappe la Seine-Saint-Denis. Le r\u00e9sultat aujourd\u2019hui est morbide. Il l\u2019est d\u2019autant plus que le pouvoir n\u2019a pas anticip\u00e9 la production pour que des tests soient disponibles d\u00e8s le d\u00e9but en masse, avec du mat\u00e9riel, masques ou respirateurs, en nombre suffisant. Et comme je ne vois pas venir le plan de fabrication avec les r\u00e9quisitions n\u00e9cessaires, j\u2019enrage plus encore\u2026 Et aussi parce que le confinement, ce n\u2019est pas la m\u00eame histoire dans un petit appartement insalubre aux Beaudottes que dans une villa dans un ghetto de riches. Le mal logement n\u2019est pas d\u2019ampleur \u00e9gale entre Seine-Saint-Denis et les Hauts de Seine par exemple\u2026 Pourtant, les jeunes qui ont, un temps, continu\u00e9 \u00e0 jouer au foot dans les quartiers populaires ont \u00e9t\u00e9 regard\u00e9s bien plus de travers que les Parisiens fuyant vers leur r\u00e9sidence secondaire, au risque de d\u00e9m\u00e9nager le virus. Les uns ont pris des amendes, pas les autres. Comme s\u2019il n\u2019y a pas d\u2019in\u00e9galit\u00e9s entre les territoires de la maison dans laquelle nous sommes aujourd\u2019hui enferm\u00e9s.<\/p>\n<p>La pand\u00e9mie nous plonge dans un paradoxe : alors que nous sommes assign\u00e9s \u00e0 r\u00e9sidence dans un petit espace, notre int\u00e9rieur, nous sommes projet\u00e9s dans la mondialit\u00e9. Parce que nos sorts sont scell\u00e9s. Nous avons conscience que si nous n\u2019emp\u00eachons pas partout \u00e0 travers le monde le virus de prosp\u00e9rer, nous continuerons de vivre dans la peur et le risque de contagion. Or les diff\u00e9rentes r\u00e9gions du monde ne sont pas \u00e0 \u00e9galit\u00e9 pour faire face au Covid-19.<\/p>\n<p>Je pense d\u2019abord \u00e0 l\u2019Afrique. Ce continent a pour l\u2019instant sembl\u00e9 \u00e9pargn\u00e9 par la pand\u00e9mie. L\u2019extr\u00eame jeunesse de sa population \u2013 l\u2019\u00e2ge m\u00e9dian y est de 19,7 ans contre 43 en Europe \u2013 a peut-\u00eatre rendu optimiste. Mais le coronavirus arrive, \u00e0 grands pas. <em>\u00ab Il faut se pr\u00e9parer au pire \u00bb<\/em>, <a href=\"https:\/\/www.france24.com\/fr\/afrique\/20200327-lentretien-coronavirus-afrique-oms-moeti-evolution-preoccupante\">a affirm\u00e9 cette semaine Adhanom Ghebreyesus<\/a>, \u00e0 la t\u00eate de l\u2019Organisation mondiale de la Sant\u00e9 (OMS). Il appelle \u00e0 <em>\u00ab se r\u00e9veiller \u00bb<\/em> face \u00e0 cette <em>\u00ab bombe \u00e0 retardement \u00bb<\/em> africaine. Le dernier bilan que j\u2019ai lu marque le d\u00e9but de l\u2019\u00e9pid\u00e9mie : 40 pays touch\u00e9s, surtout l\u2019Afrique du Sud, le Ghana et le Burkina Faso, 3426 cas d\u00e9tect\u00e9s officiellement, 73 morts. Dans de nombreux \u00c9tats, le confinement est enclench\u00e9. Mais les difficult\u00e9s sont multiples. Populariser les gestes barri\u00e8re n\u2019est pas simple quand ce ne sont pas leurs conditions concr\u00e8tes d\u2019application qui sont mat\u00e9riellement inaccessibles. Comment se laver les mains quand on n\u2019a pas acc\u00e8s \u00e0 l\u2019eau ? Et les \u00e9conomies sont si fragiles que le confinement n\u2019est pas \u00e0 la port\u00e9e du grand nombre : <em>\u00ab La plupart des gens mangent le soir ce qu\u2019ils ont gagn\u00e9 la journ\u00e9e car ils n\u2019ont aucune ressource pour survivre, ni \u00e9pargne, ni patrimoine \u00bb<\/em>, <a href=\"https:\/\/kivupress.com\/11716-coronavirus-lafrique-risque-davoir-du-mal-a-faire-face-a-la-pandemie\/\">comme le rel\u00e8ve Alexandre Augier<\/a>, directeur g\u00e9n\u00e9ral d\u2019une OMS sant\u00e9, Alima. Face au virus, il faut aussi prendre la mesure des facteurs de complications en Afrique li\u00e9s au paludisme, \u00e0 la malnutrition ou encore au VIH, contract\u00e9 par 15% de la population. Surtout, le syst\u00e8me de sant\u00e9 est extr\u00eamement fragile et absolument pas pr\u00eat \u00e0 faire face. On compte en moyenne un m\u00e9decin pour\u2026 10.000 personnes ! Au Japon par exemple, c\u2019est 134. Prenons les unit\u00e9s de soins intensifs : il en existe 1000 en Afrique du Sud pour 57 millions d\u2019habitants quand la France en poss\u00e8de\u2026 200.000. Cette comparaison de chiffres donne le vertige et toute la mesure des in\u00e9galit\u00e9s \u00e0 l\u2019\u00e9chelle mondiale. Difficile de faire des projections mais il est clair que la situation africaine est terriblement dangereuse. Le chef de la cellule riposte au Covid en RDC, le Dr Jean-Jacques Muyembe, estime que le taux de mortalit\u00e9 pourrait atteindre 15% de la population. Effroyable.<\/p>\n<p>Alors si nous ne sommes pas capables d\u2019organiser un couloir sanitaire, d\u2019aider les pays africains \u00e0 produire le mat\u00e9riel manquant \u2013 notamment des respirateurs et des masques \u2013, d\u2019en acheminer, nous courons vers une immense catastrophe humanitaire. Les milliards se d\u00e9bloquent pour les banques, pour sauver la finance, mais o\u00f9 est le partage, la prise en charge internationale visant le bien commun ?<\/p>\n<h2>Vous savez quoi ? J\u2019enrage.<\/h2>\n<p>Alors je regarde \u00e0 un autre bout du globe, les \u00c9tats-Unis. Nous sommes au c\u0153ur de cet Occident arrogant qui s\u2019est vautr\u00e9 dans le n\u00e9olib\u00e9ralisme le plus agressif. \u00c0 New-York ou en Louisiane, le virus galope. Le pays a d\u00e9pass\u00e9 les 100.000 cas, d\u00e9passant la Chine (81.000 cas) ou l\u2019Italie (83.000 cas). Donald Trump a d\u2019abord pris de haut le virus, pariant comme Boris Johnson en Grande-Bretagne sur l\u2019immunit\u00e9 collective, avant de faire volte-face. Le confinement n\u2019est pas total et le Pr\u00e9sident a d\u00e9j\u00e0 appel\u00e9 \u00e0 une reprise graduelle de l\u2019activit\u00e9. Il faut dire que l\u2019\u00e9conomie a s\u00e9v\u00e8rement plong\u00e9, avec une explosion de la demande d\u2019allocation ch\u00f4mage \u2013 +1000% ! Un record historique. Le vice-pr\u00e9sident du Texas a donn\u00e9 \u00e0 voir le visage du cynisme le plus cru Outre-Atlantique : <em>\u00ab les personnes \u00e2g\u00e9es devraient consentir \u00e0 mourir pour sauver l\u2019\u00e9conomie \u00bb<\/em> (sic).<\/p>\n<p>Pendant ce temps, le d\u00e9faut de protection en mati\u00e8re de sant\u00e9 produit ses premiers ravages. Les t\u00e9moignages circulent sur les montants astronomiques devant \u00eatre r\u00e9gl\u00e9s pour \u00eatre soign\u00e9. Un reportage publi\u00e9 la semaine derni\u00e8re dans le magazine Time \u00e9voquait une facture de plus de 34 000 dollars am\u00e9ricains pour une patiente du Massachusetts qui a \u00e9t\u00e9 test\u00e9e, puis trait\u00e9e dans un centre hospitalier apr\u00e8s avoir \u00e9t\u00e9 contamin\u00e9e par la COVID-19. Joie et bonheur de la privatisation de la sant\u00e9\u2026 Et pendant ce temps-l\u00e0, les ventes d\u2019armes bondissent. Le sh\u00e9rif de Los Angeles, qui a d\u00e9cid\u00e9 de fermer ce type de magasin, a \u00e9cop\u00e9 de <a href=\"https:\/\/www.lemonde.fr\/international\/article\/2020\/03\/28\/coronavirus-aux-etats-unis-la-nra-saisit-la-justice-pour-garder-les-armureries-ouvertes_6034730_3210.html\">deux plaintes du lobby et d\u2019autres associations pro-armes<\/a>. Quand on pense que 16.000 personnes ont \u00e9t\u00e9 tu\u00e9es en 2019 par armes \u00e0 feu\u2026 Et 24.000 suicides\u2026 Nous ne sommes pas \u00e9gaux entre les territoires pour ne pas mourir fusill\u00e9 par son voisin. Mis\u00e8re.<\/p>\n<p>L\u2019impression que l\u2019Occident vit au Moyen-\u00c2ge me gagne\u2026 La modernit\u00e9 n\u2019est pas l\u00e0 o\u00f9 la pens\u00e9e dominante le croit. Dans <a href=\"https:\/\/reporterre.net\/Depister-et-fabriquer-des-masques-sinon-le-confinement-n-aura-servi-a-rien\">un texte dont je vous recommande chaudement la lecture<\/a>, Ga\u00ebl Giraud, chercheur au CNRS, explique que le Covid aurait d\u00fb rester une <em>\u00ab pand\u00e9mie un peu plus virale et l\u00e9tale que la grippe saisonni\u00e8re, dont les effets sont b\u00e9nins sur une vaste majorit\u00e9 de la population mais tr\u00e8s grave sur une fraction. Au lieu de cela, le d\u00e9mant\u00e8lement du syst\u00e8me europ\u00e9en et nord-am\u00e9ricain commenc\u00e9 depuis plus de dix ans a transform\u00e9 ce virus en catastrophe in\u00e9dite de l\u2019histoire de l\u2019humanit\u00e9 qui menace l\u2019enti\u00e8ret\u00e9 de nos syst\u00e8mes \u00e9conomiques. \u00bb<\/em> Si avec \u00e7a, on ne remet pas en cause notre mod\u00e8le de d\u00e9veloppement ! \u00c0 bon entendeur\u2026<\/p>\n<p>&nbsp;<\/p>\n<p>\n<a href=\"https:\/\/wp.muchomaas.com\/auteur\/clementine-autain\"><strong>Cl\u00e9mentine Autain<\/strong><\/a><div id='gallery-1' class='gallery galleryid-12178 gallery-columns-3 gallery-size-thumbnail'><figure class='gallery-item'>\n\t\t\t<div class='gallery-icon landscape'>\n\t\t\t\t<a href='https:\/\/archives.regards.fr\/wp-content\/uploads\/2020\/03\/befunky-collage_2_-12-92b-scaled.jpg'><img loading=\"lazy\" decoding=\"async\" width=\"150\" height=\"150\" src=\"https:\/\/archives.regards.fr\/wp-content\/uploads\/2020\/03\/befunky-collage_2_-12-92b-150x150.jpg\" class=\"attachment-thumbnail size-thumbnail\" alt=\"befunky-collage_2_-12.jpg\" \/><\/a>\n\t\t\t<\/div><\/figure>\n\t\t<\/div>\n<\/p>\n","protected":false},"excerpt":{"rendered":"<p>Les r\u00e9gions p\u00e9riph\u00e9riques, \u00e0 l\u2019\u00e9chelle d\u2019un pays comme du monde, sont les premi\u00e8res victimes de la pand\u00e9mie. Comme la sant\u00e9 de chacun.e d\u00e9pend de la sant\u00e9 des autres, allons-nous enfin avancer vers un monde solidaire et coop\u00e9ratif, plus soucieux de la vie humaine que des march\u00e9s financiers ?<\/p>\n","protected":false},"author":570,"featured_media":28988,"comment_status":"open","ping_status":"open","sticky":false,"template":"","format":"standard","meta":{"_themeisle_gutenberg_block_has_review":false,"footnotes":""},"categories":[267],"tags":[357,517,359],"class_list":["post-12178","post","type-post","status-publish","format-standard","has-post-thumbnail","hentry","category-a-lheure-du-covid-19-chroniques-de-clementine-autain","tag-chronique","tag-covid-19","tag-exclure-de-la-home"],"_links":{"self":[{"href":"https:\/\/archives.regards.fr\/index.php?rest_route=\/wp\/v2\/posts\/12178","targetHints":{"allow":["GET"]}}],"collection":[{"href":"https:\/\/archives.regards.fr\/index.php?rest_route=\/wp\/v2\/posts"}],"about":[{"href":"https:\/\/archives.regards.fr\/index.php?rest_route=\/wp\/v2\/types\/post"}],"author":[{"embeddable":true,"href":"https:\/\/archives.regards.fr\/index.php?rest_route=\/wp\/v2\/users\/570"}],"replies":[{"embeddable":true,"href":"https:\/\/archives.regards.fr\/index.php?rest_route=%2Fwp%2Fv2%2Fcomments&post=12178"}],"version-history":[{"count":0,"href":"https:\/\/archives.regards.fr\/index.php?rest_route=\/wp\/v2\/posts\/12178\/revisions"}],"wp:featuredmedia":[{"embeddable":true,"href":"https:\/\/archives.regards.fr\/index.php?rest_route=\/wp\/v2\/media\/28988"}],"wp:attachment":[{"href":"https:\/\/archives.regards.fr\/index.php?rest_route=%2Fwp%2Fv2%2Fmedia&parent=12178"}],"wp:term":[{"taxonomy":"category","embeddable":true,"href":"https:\/\/archives.regards.fr\/index.php?rest_route=%2Fwp%2Fv2%2Fcategories&post=12178"},{"taxonomy":"post_tag","embeddable":true,"href":"https:\/\/archives.regards.fr\/index.php?rest_route=%2Fwp%2Fv2%2Ftags&post=12178"}],"curies":[{"name":"wp","href":"https:\/\/api.w.org\/{rel}","templated":true}]}}