{"id":12171,"date":"2020-03-26T11:54:17","date_gmt":"2020-03-26T10:54:17","guid":{"rendered":"https:\/\/wp.muchomaas.com\/article-ils-ne-confineront-pas-notre-colere\/"},"modified":"2023-06-23T23:54:01","modified_gmt":"2023-06-23T21:54:01","slug":"article-ils-ne-confineront-pas-notre-colere","status":"publish","type":"post","link":"https:\/\/archives.regards.fr\/?p=12171","title":{"rendered":"Ils ne confineront pas notre col\u00e8re"},"content":{"rendered":"<p class=\"post_excerpt\">Hier, la journ\u00e9e fut sinistre. Elle a commenc\u00e9 au son des 25 ordonnances du gouvernement. Du jamais vu depuis 1958, en pleine guerre d\u2019Alg\u00e9rie. Elle s\u2019est termin\u00e9e au son lugubre d\u2019un pr\u00e9sident de la R\u00e9publique qui se met en sc\u00e8ne comme un chef de guerre, en esp\u00e9rant ainsi masquer le vide de son discours.<\/p>\n<p>J\u2019ai beau avoir lues et relues dans la journ\u00e9e ces ordonnances, rien de rien sur les r\u00e9quisitions d\u2019entreprises, les nationalisations n\u00e9cessaires. Pas le d\u00e9but d\u2019un plan pour produire ce dont nous avons besoin comme mat\u00e9riels pour les h\u00f4pitaux et pour nous prot\u00e9ger collectivement \u2013 notamment celles et ceux qui travaillent dans des secteurs essentiels.<\/p>\n<p>&nbsp;<\/p>\n<p>\n<strong>LIRE AUSSI SUR REGARDS.FR<br \/>\n>><\/strong> <em><a href=\"https:\/\/wp.muchomaas.com\/politique\/article\/chloroquine-en-pleine-crise-du-covid-19-l-etat-laisse-mourir-son-industrie\">Chloroquine : en pleine crise du Covid-19, l\u2019\u00c9tat laisse mourir son industrie pharmaceutique<\/a><\/em><\/p>\n<p>&nbsp;<\/p>\n<p>En revanche, ces ordonnances sont carabin\u00e9es pour d\u00e9truire le code du travail, avec la semaine de 60 heures autoris\u00e9e et des remises en cause impressionnantes de conquis sociaux. Les 48h maximum impos\u00e9es par les normes europ\u00e9ennes sont all\u00e8grement pi\u00e9tin\u00e9es. Toute la souplesse est donn\u00e9e aux patrons pour flexibiliser, pr\u00e9cariser, intensifier le travail. Adieu vacances et dimanches\u2026 Les dates des jours de RTT et les jours de repos affect\u00e9s au compte-\u00e9pargne temps du salari\u00e9 pourront \u00eatre dict\u00e9es ou modifi\u00e9es \u00ab unilat\u00e9ralement \u00bb par la direction, sans qu\u2019un accord collectif soit requis. Le recours au ch\u00f4mage partiel est facilit\u00e9. Ne nous y trompons pas : non seulement les ouvriers et employ\u00e9s des secteurs essentiels sont d\u00e8s aujourd\u2019hui transform\u00e9s en chair \u00e0 canon mais tout est pr\u00e9par\u00e9 pour imposer durablement un nouveau choc ultra-lib\u00e9ral.<\/p>\n<p>Les banques sont au centre des aides \u00e9conomiques pr\u00e9vues par les ordonnances, sans aucune exigence de contreparties. On aurait pu r\u00eaver que les ordonnances interdisent le reversement de dividendes, au moins cette ann\u00e9e, pour aider au partage des richesses. Nada. L\u2019annonce de 4 milliards d\u2019aide pour les start-up fait un dr\u00f4le d\u2019effet quand on ne conna\u00eet toujours pas le montant du soutien aux h\u00f4pitaux\u2026<\/p>\n<p>Nous n\u2019avons pas sign\u00e9 de ch\u00e8que en blanc au gouvernement le week-end dernier en votant contre la loi portant sur les mesures d\u2019urgence sanitaire. Si certains doutaient de notre position, elle prend tout son sens avec cette mise en application concr\u00e8te de ces 25 ordonnances\u2026<\/p>\n<p>Dans la matin\u00e9e, nous recevons sur nos boucles Telegram un message de notre coll\u00e8gue eurod\u00e9put\u00e9 Younous Omarjee : tant attendus par les soignants lib\u00e9raux, les 200.000 masques livr\u00e9s \u00e0 l\u2019\u00eele de La R\u00e9union sont moisis et t\u00e2ch\u00e9s, certains avec des insectes dedans ! Idem \u00e0 Mayotte. Quand le pire se produit en France, c\u2019est toujours le pire du pire dans les Outre-Mer\u2026 Accablant.<\/p>\n<p>Un peu plus tard, je d\u00e9couvre ce sondage : pour 65% des Fran\u00e7ais, le gouvernement est responsable de la p\u00e9nurie car <a href=\"https:\/\/www.francetvinfo.fr\/sante\/maladie\/coronavirus\/coronavirus-sept-francais-sur-dix-estiment-que-le-gouvernement-ne-leur-dit-pas-la-verite-selon-un-sondage_3884425.html?fbclid=IwAR2McwLlgiDA6_kx3miXSotHYzFKnvyhx4Dzk5aRemO1rpTdo3OuGC1olJM\">il n\u2019a pas pris les bonnes mesures pour rectifier le tir<\/a>. La col\u00e8re monte&#8230; Ils ne r\u00e9ussiront pas \u00e0 la confiner.<\/p>\n<p>La journ\u00e9e fut affreusement anim\u00e9e par les d\u00e9clarations de la porte-parole du gouvernement, Sibeth N\u2019Dyae. En pleine crise sanitaire, nous pourrions en rire si nous n\u2019avions pas la gorge si nou\u00e9e par la gravit\u00e9 de la situation quand en point presse, elle d\u00e9clare : <em>\u00ab Nous n\u2019entendons pas demander \u00e0 un enseignant qui aujourd\u2019hui ne travaille pas de traverser toute la France pour aller r\u00e9colter des fraises \u00bb<\/em>. Chassez le naturel&#8230; On se demande comment ce gouvernement peut nous ass\u00e9ner <em>\u00ab il y a une continuit\u00e9 p\u00e9dagogique \u00bb<\/em>, puisque les profs doivent trouver les moyens d\u2019assurer cours et\/ou devoirs, et, \u00ab en m\u00eame temps \u00bb, se voir traiter avec autant de m\u00e9pris et comme s\u2019ils ne faisaient rien de leurs saintes journ\u00e9es\u2026 La porte-parole ne s\u2019est pas arr\u00eat\u00e9e l\u00e0 : <em>\u00ab Le Pr\u00e9sident ne porte pas de masques parce qu\u2019il n\u2019y en a pas besoin quand on respecte les distances de protection \u00bb<\/em>.<\/p>\n<p>Une fois de plus, on ne comprend rien aux consignes. Or ces contradictions du pouvoir ont un impact concret sur les pratiques des gens et leurs angoisses. Macron nous incite \u00e0 aller au th\u00e9\u00e2tre et, cinq jours plus tard, l\u2019arr\u00eat\u00e9 de confinement est sign\u00e9, les espaces culturels sont ferm\u00e9s. Les ministres Blanquer et V\u00e9ran nous disent de ne pas avoir peur d\u2019envoyer les enfants \u00e0 l\u2019\u00e9cole et, trois jours plus tard, les \u00e9tablissements scolaires sont ferm\u00e9s. Le gouvernement maintient la tenue des \u00e9lections municipales mais, la veille, le Premier ministre annonce les mesures de confinement. C\u2019est ainsi que les Fran\u00e7ais ressentent une navigation \u00e0 vue au sommet de l\u2019\u00c9tat de nature \u00e0 accro\u00eetre le sentiment de ne pas \u00eatre prot\u00e9g\u00e9.<\/p>\n<p>C\u2019est pour finir avec un masque que nous avons d\u00e9couvert Emmanuel Macron au journal t\u00e9l\u00e9vis\u00e9 hier dans un h\u00f4pital \u00e0 Mulhouse. C\u2019est ensuite dans un d\u00e9cor de guerre soigneusement calibr\u00e9, avec ses tentes militaires, qu\u2019Emmanuel Macron a prononc\u00e9 son discours. Le Pr\u00e9sident apparaissait tout petit devant les \u00e9v\u00e9nements. Il n\u2019a trouv\u00e9 ni les mots, ni les actes \u00e0 la hauteur du d\u00e9fi sanitaire. Aucune annonce, en dehors d\u2019un plan pour l\u2019h\u00f4pital, d\u00e9j\u00e0 annonc\u00e9 et r\u00e9-annonc\u00e9, m\u00eame s\u2019il est maintenant <em>\u00ab massif \u00bb<\/em>, mais nous ne connaissons toujours pas le montant de la dotation aux h\u00f4pitaux, ni celui des primes imm\u00e9diates\u2026 Notons que seuls 22 millions de Fran\u00e7ais l\u2019ont \u00e9cout\u00e9 contre 35 millions lors de sa pr\u00e9c\u00e9dente intervention. Un signe de d\u00e9fiance ?<\/p>\n<p>Avant de m\u2019endormir, comme un lot intime de consolation dans ce terrible paysage, j\u2019ai entonn\u00e9 ce refrain d\u2019un chant r\u00e9volutionnaire de 1871 :<\/p>\n<p><quote>Oui mais !<br \/>\n\u00c7a branle dans le manche,<br \/>\nLes mauvais jours finiront.<br \/>\nEt gare ! \u00e0 la revanche<br \/>\nQuand tous les pauvres s\u2019y mettront.<br \/>\nQuand tous les pauvres s\u2019y mettront.<\/quote><\/p>\n<p>&nbsp;<\/p>\n<p>\n<a href=\"https:\/\/wp.muchomaas.com\/auteur\/clementine-autain\"><strong>Cl\u00e9mentine Autain<\/strong><\/a><br \/>\n<div id='gallery-1' class='gallery galleryid-12171 gallery-columns-3 gallery-size-thumbnail'><figure class='gallery-item'>\n\t\t\t<div class='gallery-icon landscape'>\n\t\t\t\t<a href='https:\/\/archives.regards.fr\/wp-content\/uploads\/2020\/03\/befunky-collage-212-6dc-scaled.jpg'><img loading=\"lazy\" decoding=\"async\" width=\"150\" height=\"150\" src=\"https:\/\/archives.regards.fr\/wp-content\/uploads\/2020\/03\/befunky-collage-212-6dc-150x150.jpg\" class=\"attachment-thumbnail size-thumbnail\" alt=\"befunky-collage-212.jpg\" \/><\/a>\n\t\t\t<\/div><\/figure>\n\t\t<\/div>\n<\/p>\n","protected":false},"excerpt":{"rendered":"<p>Hier, la journ\u00e9e fut sinistre. Elle a commenc\u00e9 au son des 25 ordonnances du gouvernement. Du jamais vu depuis 1958, en pleine guerre d\u2019Alg\u00e9rie. Elle s\u2019est termin\u00e9e au son lugubre d\u2019un pr\u00e9sident de la R\u00e9publique qui se met en sc\u00e8ne comme un chef de guerre, en esp\u00e9rant ainsi masquer le vide de son discours.<\/p>\n","protected":false},"author":570,"featured_media":28971,"comment_status":"open","ping_status":"open","sticky":false,"template":"","format":"standard","meta":{"_themeisle_gutenberg_block_has_review":false,"footnotes":""},"categories":[267],"tags":[357,517,359],"class_list":["post-12171","post","type-post","status-publish","format-standard","has-post-thumbnail","hentry","category-a-lheure-du-covid-19-chroniques-de-clementine-autain","tag-chronique","tag-covid-19","tag-exclure-de-la-home"],"_links":{"self":[{"href":"https:\/\/archives.regards.fr\/index.php?rest_route=\/wp\/v2\/posts\/12171","targetHints":{"allow":["GET"]}}],"collection":[{"href":"https:\/\/archives.regards.fr\/index.php?rest_route=\/wp\/v2\/posts"}],"about":[{"href":"https:\/\/archives.regards.fr\/index.php?rest_route=\/wp\/v2\/types\/post"}],"author":[{"embeddable":true,"href":"https:\/\/archives.regards.fr\/index.php?rest_route=\/wp\/v2\/users\/570"}],"replies":[{"embeddable":true,"href":"https:\/\/archives.regards.fr\/index.php?rest_route=%2Fwp%2Fv2%2Fcomments&post=12171"}],"version-history":[{"count":0,"href":"https:\/\/archives.regards.fr\/index.php?rest_route=\/wp\/v2\/posts\/12171\/revisions"}],"wp:featuredmedia":[{"embeddable":true,"href":"https:\/\/archives.regards.fr\/index.php?rest_route=\/wp\/v2\/media\/28971"}],"wp:attachment":[{"href":"https:\/\/archives.regards.fr\/index.php?rest_route=%2Fwp%2Fv2%2Fmedia&parent=12171"}],"wp:term":[{"taxonomy":"category","embeddable":true,"href":"https:\/\/archives.regards.fr\/index.php?rest_route=%2Fwp%2Fv2%2Fcategories&post=12171"},{"taxonomy":"post_tag","embeddable":true,"href":"https:\/\/archives.regards.fr\/index.php?rest_route=%2Fwp%2Fv2%2Ftags&post=12171"}],"curies":[{"name":"wp","href":"https:\/\/api.w.org\/{rel}","templated":true}]}}