{"id":12146,"date":"2020-03-21T12:00:00","date_gmt":"2020-03-21T11:00:00","guid":{"rendered":"https:\/\/wp.muchomaas.com\/article-tribune-face-a-la-pandemie-retournons-la-strategie-du-choc-en-deferlante-de\/"},"modified":"2020-03-21T12:00:00","modified_gmt":"2020-03-21T11:00:00","slug":"article-tribune-face-a-la-pandemie-retournons-la-strategie-du-choc-en-deferlante-de","status":"publish","type":"post","link":"https:\/\/archives.regards.fr\/?p=12146","title":{"rendered":"TRIBUNE. Face \u00e0 la pand\u00e9mie, retournons la \u00ab strat\u00e9gie du choc \u00bb en d\u00e9ferlante de solidarit\u00e9 !"},"content":{"rendered":"<p class=\"post_excerpt\">Pr\u00e8s de 230 m\u00e9decins, infirmier.e.s., psychologues, r\u00e9animateurs, enseignant.e.s, com\u00e9dien.ne.s, paysan.ne.s, artistes, chercheuses, scientifiques, musicien.ne.s, syndicalistes, \u00e9diteurs, libraires et autres personnalit\u00e9s appellent \u00e0 s\u2019auto-organiser face \u00e0 la pand\u00e9mie de Covid-19 et \u00e0 rejoindre le r\u00e9seau de solidarit\u00e9 COVID-ENTRAIDE FRANCE.<\/p>\n<p>Depuis une semaine la France est entr\u00e9e dans une nouvelle r\u00e9alit\u00e9 vertigineuse. Le Covid-19 n\u2019est plus une <em>\u00ab petite grippe \u00bb<\/em>, selon nos gouvernants, mais la <em>\u00ab pire crise sanitaire depuis un si\u00e8cle \u00bb<\/em>. Un choc intime qui nous fait trembler pour nos proches et toutes les personnes particuli\u00e8rement fragiles. Une secousse g\u00e9opolitique qui fait s\u2019effondrer la mondialisation n\u00e9olib\u00e9rale comme un ch\u00e2teau de cartes. 2019 avait \u00e9t\u00e9 une ann\u00e9e d\u2019incendies ravageurs en Australie, Amazonie et ailleurs, et d\u2019immenses soul\u00e8vements populaires. 2020 a d\u2019ores et d\u00e9j\u00e0 les traits d\u2019une paralysie totale, une crise syst\u00e9mique majeure.<\/p>\n<p>&nbsp;<\/p>\n<p>\n<strong>LIRE AUSSI SUR REGARDS.FR<br \/>\n>><\/strong> <em><a href=\"https:\/\/wp.muchomaas.com\/politique\/article\/le-liberalisme-a-une-part-de-responsabilite-dans-les-difficultes-que-nous-avons\">\u00ab Le coronavirus montre, plus que jamais, la n\u00e9cessit\u00e9 de d\u00e9passer le capitalisme \u00bb<\/a><\/em><\/p>\n<p>&nbsp;<\/p>\n<p>Cette pand\u00e9mie ach\u00e8ve de rendre irrespirable la vie dans un syst\u00e8me politique et \u00e9conomique d\u00e9lirant, n\u00e9faste, mais surtout inutile au moment o\u00f9 un immense besoin de soin se fait sentir. Apr\u00e8s \u00eatre rest\u00e9 attentiste pendant un mois et demi, Emmanuel Macron a promis, pour ne pas perdre la face, que <em>\u00ab l\u2019\u00c9tat paiera [\u2026] quoi qu\u2019il en co\u00fbte \u00bb<\/em>. La <em>\u00ab mobilisation g\u00e9n\u00e9rale \u00bb<\/em> est d\u00e9cr\u00e9t\u00e9e. <em>\u00ab Nous sommes en guerre \u00bb<\/em>, para\u00eet-il, contre un <em>\u00ab ennemi invisible \u00bb<\/em>.<\/p>\n<p>Face \u00e0 cette rh\u00e9torique militariste, nous affirmons une autre logique. \u00c0 <em>\u00ab l\u2019union nationale \u00bb<\/em> nous pr\u00e9f\u00e9rons l\u2019entraide g\u00e9n\u00e9rale. \u00c0 la guerre, nous opposons le soin, de nos proches jusqu\u2019aux peuples du monde entier et au vivant. En France, comme dans les autres pays, nous allons tenir ensemble pour faire face \u00e0 l\u2019\u00e9pid\u00e9mie. Nous allons transformer l\u2019isolement impos\u00e9 en immense \u00e9lan d\u2019auto-organisation et de solidarit\u00e9 collective.<\/p>\n<p>Avec nos voisin.e.s, nos ami.e.s, nos familles, nos proches, nos coll\u00e8gues ; dans nos immeubles, nos rues, nos quartiers, nos villes et nos villages ; notamment en utilisant les r\u00e9seaux sociaux, nous allons construire l\u2019entraide \u00e0 la base. Pour aider les plus fragiles qui ne peuvent pas sortir \u00e0 obtenir de la nourriture. Pour garder les enfants de celles et ceux qui doivent continuer de travailler. Pour partager des informations v\u00e9rifi\u00e9es sur la situation. Pour se donner des nouvelles et se r\u00e9conforter dans cette situation d\u00e9chirante. Pour soutenir les plus pr\u00e9caires dans leurs luttes pour vivre. Pour faire face \u00e0 une crise \u00e9conomique, bancaire et financi\u00e8re qui s\u2019annonce d\u00e9vastatrice malgr\u00e9 les annonces faussement rassurantes des banques centrales. En restant chez nous pour le moment, mais dans la rue d\u00e8s que possible.<\/p>\n<p>Face \u00e0 l\u2019ampleur du bouleversement, m\u00eame Emmanuel Macron appelle \u00e0 <em>\u00ab innover dans la solidarit\u00e9 \u00bb<\/em>. Mais nous ne sommes pas dupes du fameux \u00ab en m\u00eame temps \u00bb : l\u2019entraide que nous construisons n\u2019est pas l\u2019auxiliaire d\u2019un \u00c9tat n\u00e9olib\u00e9ral d\u00e9faillant. Elle ne sera pas le cheval de Troie d\u2019une future \u00ab strat\u00e9gie du choc \u00bb \u00e0 base de t\u00e9l\u00e9travail, de \u00ab volontariat citoyen \u00bb dans des services publics d\u00e9truits, et de poursuite dans la destruction des acquis sociaux au nom de \u00ab l\u2019\u00e9tat d\u2019urgence sanitaire \u00bb.<\/p>\n<p>Notre solidarit\u00e9 est celle du peuple, de ceux d\u2019en bas, qui se serrent les coudes pour survivre et pour vivre dignement. Elle n\u2019a rien \u00e0 voir avec celle des \u00e9lites mondiales \u2013 facilement d\u00e9pist\u00e9es, elles \u2013, qui se retranchent dans leurs palais dor\u00e9s, prot\u00e9g\u00e9s et d\u00e9sinfect\u00e9s pendant que les soignant.e.s sont \u00ab au front \u00bb sans moyens et fabriquent leurs propres masques de protection en prenant tous les risques.<\/p>\n<p>Pendant que les travailleurs sociaux et les institutrices gardent leurs enfants, sans consigne officielle pour se prot\u00e9ger, s&#8217;exposant \u00e0 une contamination. Pendant que les plus pr\u00e9caires, les sans-logis, sans papiers, sans r\u00e9seaux sociaux, les int\u00e9rimaires sans ch\u00f4mage partiel, les \u00ab ind\u00e9pendants \u00bb contraints au travail en danger ou sans activit\u00e9, seront encore plus frapp\u00e9.e.s par la crise. Pendant que les personnes \u00e2g\u00e9es dans les EHPAD, les personnes handicap\u00e9-e-s \u00e0 mobilit\u00e9 r\u00e9duite, les personnes intern\u00e9es en h\u00f4pital psychiatrique se voient encore plus priv\u00e9s de liens sociaux. Pendant que les \u00ab d\u00e9j\u00e0 confin\u00e9.e.s \u00bb, les migrant.e.s enferm\u00e9.e.s en centres de r\u00e9tention et les prisonnier-e-s voient leur situation encore aggrav\u00e9e. Pendant que les habitant.e.s des quartiers populaires et les personnes racis\u00e9.e.s sont parmi les premier.e.s vis\u00e9.e.s par la r\u00e9pression li\u00e9e au confinement.<\/p>\n<blockquote><p>Jamais l\u2019alternative n\u2019a \u00e9t\u00e9 si claire, le scandale si palpable : nous jouons notre vie pendant qu\u2019eux g\u00e8rent l\u2019\u00e9conomie.<\/p><\/blockquote>\n<p>L\u2019entraide que nous allons construire s\u2019inscrit dans le sillage du soul\u00e8vement des peuples partout dans le monde au cours des derniers mois, du Chili au Liban, de l\u2019Alg\u00e9rie au Soudan. Cette vague a r\u00e9pandu sur la plan\u00e8te la n\u00e9cessit\u00e9 de mettre nos corps en jeu. Le Covid-19 rend indispensable, pour l\u2019heure, leur confinement. Mais r\u00e9volt\u00e9es ou confin\u00e9s, nous mourrons d\u2019un syst\u00e8me qui recherche le profit et l&#8217;efficacit\u00e9 et pas le soin, le pouvoir et la comp\u00e9tition et pas l\u2019entraide.<\/p>\n<p>Cette \u00e9pid\u00e9mie ravageuse n\u2019est pas une simple r\u00e9alit\u00e9 biologique. Elle est amplifi\u00e9e par les politiques n\u00e9olib\u00e9rales, la destruction m\u00e9thodique de l\u2019h\u00f4pital et de l\u2019ensemble des services publics. Si ce virus tue autant, c\u2019est aussi parce qu\u2019il n\u2019y a plus assez de soignant.e.s et de lits, pas assez de respirateurs ou parce que l\u2019h\u00f4pital tend \u00e0 devenir une entreprise \u00e0 flux tendu. Et si nous applaudissons chaque soir \u00e0 20h les soignant.e.s, c&#8217;est aussi pour contenir notre col\u00e8re contre les gouvernants qui savaient que la temp\u00eate arrivait depuis deux mois sans rien faire.<\/p>\n<p>Nous appelons donc \u00e0 renforcer la solidarit\u00e9 et l\u2019auto-organisation pour faire face \u00e0 la pand\u00e9mie et la crise syst\u00e9mique, partout o\u00f9 c\u2019est possible, sous toutes les formes imaginables, tout en respectant la n\u00e9cessit\u00e9 absolue du confinement pour freiner la propagation. Plus particuli\u00e8rement, nous appelons \u00e0 rejoindre <a href=\"https:\/\/covid-entraide.fr\/\">le r\u00e9seau de solidarit\u00e9 auto-organis\u00e9 #COVID-ENTRAIDE FRANCE<\/a> qui se constitue dans des dizaines de lieux depuis une dizaine de jours. Nous invitons \u00e0 cr\u00e9er des groupes d\u2019entraides locaux en ligne et sur le terrain, de notre hameau \u00e0 notre village, de notre immeuble \u00e0 notre ville. Nous appelons \u00e0 recenser les centaines d&#8217;initiatives qui se cr\u00e9ent \u00e0 travers <a href=\"https:\/\/covidentraide.gogocarto.fr\">une cartographie collaborative<\/a>.<\/p>\n<p>Ne restons pas sid\u00e9r\u00e9.e.s face \u00e0 cette situation qui nous bouleverse, nous enrage et nous fait trembler. Lorsque la pand\u00e9mie sera finie, d&#8217;autres crises viendront. Entre temps, il y aura des responsables \u00e0 aller chercher, des comptes \u00e0 rendre, des plaies \u00e0 r\u00e9parer et un monde \u00e0 construire. \u00c0 nous de faire en sorte que l&#8217;onde de choc mondiale du Covid-19 soit la \u00ab crise \u00bb de trop et marque un coup d\u2019arr\u00eat au r\u00e9gime actuel d\u2019exploitation et de destruction des conditions d\u2019existence sur Terre. Il n\u2019y aura pas de \u00ab sortie de crise \u00bb sans un bouleversement majeur de l\u2019organisation sociale et \u00e9conomique actuelle.<\/p>\n<p>Il y aura un avant et un apr\u00e8s. Nous sommes pour l&#8217;instant confin\u00e9-e-s, mais nous nous organisons. Et, pour s\u00fbr, nous reprendrons les rues, les jardins, les outils de travail, les moyens de communication et les assembl\u00e9es, ensemble. <\/p>\n<p>La strat\u00e9gie du choc doit s&#8217;inverser. Cette fois-ci le choc ne servira pas \u00e0 affermir le contr\u00f4le, le pouvoir central, les in\u00e9galit\u00e9s et le n\u00e9olib\u00e9ralisme, mais \u00e0 renforcer l&#8217;entraide et l&#8217;auto-organisation. \u00c0 les inscrire dans le marbre.<\/p>\n<h2>PREMIER.E.S SIGNATAIRES<\/h2>\n<p>Corinne Morel-Darleux, autrice, \u00e9lue r\u00e9gionale et militante \u00e9co-socialiste<br \/>\nPablo Servigne, chercheur in-terre-d\u00e9pendant<br \/>\n\u00c9ric Beynel, co-d\u00e9l\u00e9gu\u00e9 g\u00e9n\u00e9ral de Solidaires<br \/>\nC\u00e9cile Gondard-Lalanne, co-d\u00e9l\u00e9gu\u00e9e g\u00e9n\u00e9rale de Solidaires<br \/>\nHugo Huon, pour le Collectif Inter-Urgences<br \/>\nKarim Khelfaoui, m\u00e9decin g\u00e9n\u00e9raliste \u00e0 Marseille<br \/>\nAdrien Parrot, anesth\u00e9siste-r\u00e9animateur et informaticien<br \/>\nMatthieu Bellahsen, psychiatre et praticien hospitalier<br \/>\nSarah Kilani, m\u00e9decin anesth\u00e9siste-r\u00e9animateur<br \/>\nBenoit Blaes, pr\u00e9sident du Syndicat National des Jeunes M\u00e9decins G\u00e9n\u00e9ralistes (SNJMG)<br \/>\nSayaka Oguchi, m\u00e9decin g\u00e9n\u00e9raliste, tr\u00e9sori\u00e8re du SNJMG<br \/>\nEmmanuelle Lebhar, interne en m\u00e9decine g\u00e9n\u00e9rale, charg\u00e9e de mission au SNJMG<br \/>\nJulien Aron, m\u00e9decin n\u00e9phrologue, charg\u00e9 de mission au SNJMG<br \/>\nVladimir Adrien, interne de l\u2019AP-HP<br \/>\nJonas Pochard, anesth\u00e9siste r\u00e9animateur<br \/>\nAmaury Delarge, r\u00e9animateur<br \/>\nFran\u00e7oise Brun, infirmi\u00e8re<br \/>\nCatherine Fayet infirmi\u00e8re<br \/>\nBenjamin Royer, psychologue clinicien<br \/>\nFranck Prouhet, m\u00e9decin g\u00e9n\u00e9raliste<br \/>\nClaire Bourgogne, m\u00e9decin g\u00e9n\u00e9raliste<br \/>\nMarcy Pondi, anesth\u00e9siste-r\u00e9animatrice<br \/>\nJoachim M\u00fcllner, m\u00e9decin psychiatre<br \/>\nAmina Ben Salah, m\u00e9dedecin doctorante en Neurosciences<br \/>\nSabrina Ali Benali, m\u00e9decin \u00e0 Paris<br \/>\nBen Omrane Choukri, m\u00e9decin \u00e0 Paris<br \/>\nSt\u00e9phane Lerivray, infirmier anesth\u00e9siste<br \/>\nMichel Robin, infirmier<br \/>\nMarie Llorens, infirmi\u00e8re urgences<br \/>\nMathilde Martinot, psychiatre en h\u00f4pital public<br \/>\nDominique Seydoux, m\u00e9decin retrait\u00e9<br \/>\nAur\u00e9lien Barrau, astrophysicien<br \/>\nAnnick Coup\u00e9, secr\u00e9taire g\u00e9n\u00e9rale d\u2019Attac<br \/>\nAur\u00e9lie Trouv\u00e9, porte parole d&#8217;Attac<br \/>\nRapha\u00ebl Pradeau, porte parole d&#8217;Attac<br \/>\nMaximes Combes, porte parole d&#8217;Attac<br \/>\nNicolas Girod, porte-parole de la Conf\u00e9d\u00e9ration Paysanne<br \/>\nJean-Baptiste Eyraud, porte-parole du Droit au Logement<br \/>\nKhaled Gaiji, pr\u00e9sident des Amis de la Terre France<br \/>\nCyril Dion, r\u00e9alisateur<br \/>\nGenevi\u00e8ve Azam, essayiste<br \/>\nThomas Coutrot, \u00e9conomiste<br \/>\nBeno\u00eet Teste, secr\u00e9taire g\u00e9n\u00e9ral de la FSU<br \/>\nAnnie D\u00e9an, porte-parole du MAN<br \/>\nJean-Fran\u00e7ois Pellissier, porte-parole d&#8217;Ensemble!<br \/>\nJosep Rafanell i Orra, psychologue et \u00e9crivain<br \/>\nPatrick Farbiaz, cofondateur du collectif Pour une Ecologie Populaire et Sociale (PEPS)<br \/>\nVirginie  Maris, philosophe<br \/>\nChristophe Bonneuil, historien<br \/>\nLeslie Kaplan, \u00e9crivaine<br \/>\nMathilde Larr\u00e8re, historienne<br \/>\nDominique M\u00e9da, sociologue<br \/>\nC\u00e9line Pessis, historienne<br \/>\nBaptiste Monsaingeon, sociologue<br \/>\nLudivine Bantigny, historienne<br \/>\nJohan Badour, \u00e9diteur<br \/>\nCervaux non Disponibles<br \/>\nVincent Verzat, Partager c\u2019est Sympa<br \/>\nVictor Vauquois, Partager c\u2019est Sympa<br \/>\nMiguel Benasayag, philosophe<br \/>\nFran\u00e7ois Cusset, philosophe<br \/>\nDominique Bourg, philosophe<br \/>\nJean Gadrey, \u00e9conomiste<br \/>\nSamuel Hayat, politologue<br \/>\nIsabelle Cambourakis, \u00e9ditrice<br \/>\nJean-Marie Harribey, \u00e9conomiste<br \/>\nAudrey Vernon, com\u00e9dienne<br \/>\nXavier Ricard Lanata, essayiste et haut-fonctionnaire<br \/>\nYves Cochet, pr\u00e9sident de l\u2019institut Momentum<br \/>\nPierre Khalfa, \u00e9conomiste, Fondation Copernic<br \/>\nCatherine Zambon, autrice<br \/>\nSerge Quadruppani, \u00e9crivain<br \/>\nNathalie Quintane, \u00e9crivain<br \/>\nGuillaume Quintin, secr\u00e9taire ex\u00e9cutif national du PG<br \/>\nSezin Top\u00e7u, sociologue<br \/>\nAlain Damasio, \u00e9crivain<br \/>\nJ\u00e9r\u00f4me Baschet, historien<br \/>\nBernard Friot, sociologue<br \/>\nSt\u00e9phane Lavignotte, th\u00e9ologien<br \/>\nElise Lowy, cofondatrice de PEPS<br \/>\n&#8220;L&#8217;1consolable&#8221;, rappeur<br \/>\nKolin Kobayashi, journaliste in-terre-d\u00e9pendant<br \/>\nJean-Jacques Delfour, philosophe<br \/>\nGauthier Chapelle, chercheur in-Terre-d\u00e9pendant et co-auteur<br \/>\nPaul Ari\u00e8s, politologue,<br \/>\nD\u00e9n\u00e8tem Touam Bona, \u00e9crivain-artiste<br \/>\nVincent de Gaulejac, pr\u00e9sident du r\u00e9seau international de sociologie clinique<br \/>\nFran\u00e7ois Jarrige, enseignant-chercheur en histoire<br \/>\nArnaud Muyssen, m\u00e9decin \u00e0 Lille<br \/>\nAnne Thebaud Mony, sociologue<br \/>\nJacques Fradin, \u00e9conomiste<br \/>\nLaure Noualhat, documentariste<br \/>\nPierre Andr\u00e9 Juven, sociologue de la sant\u00e9<br \/>\nCyril Pedrosa, auteur de bande dessin\u00e9e<br \/>\nAnne-Sophie Novel, journaliste<br \/>\nFabrice Flipo, philosophe<br \/>\nSophie Gosselin, revue Terrestres<br \/>\nMaxime de Rostolan, fondateur de Fermes d\u2019Avenir<br \/>\nFr\u00e9d\u00e9ric Boone, chercheur en astrophyisque<br \/>\nVanessa Morisset, critique d&#8217;art et enseignante<br \/>\nFederico Tarragoni, sociologue<br \/>\nSofia Meister, chercheuse IRD<br \/>\nLucie Davy, avocate membre du Syndicat des Avocat de France<br \/>\nAnnie Ghiloni, militante du MAN<br \/>\nLouis-Marie Barnier, syndicaliste, sociologue du travail<br \/>\nLecomte Gabrielle, sociologue<br \/>\nAntoine Back, conseiller municipal \u00e0 Grenoble<br \/>\nL\u00e9na Dormeau, chercheuse en philosophie politique<br \/>\nLaurent Cauwet, auteur, \u00e9diteur<br \/>\nJulien Th\u00e9ry, historien<br \/>\nAnne Marchand, chercheuse en socio-histoire<br \/>\nFabrice Vigne, \u00e9crivain<br \/>\nRose-Marie Lagrave, sociologue<br \/>\nSt\u00e9phane Douiller, professeur \u00e9m\u00e9rite de philosophie de l&#8217;Universit\u00e9 Paris 8<br \/>\nG\u00e9rard Bras, philosophe<br \/>\nAur\u00e9lien Gabriel Cohen, revue Terrestres, Universit\u00e9 de Paris<br \/>\nPhilippe Boursier, professeur de SES<br \/>\nLo\u00efc Steffan, co-fondateur La Collapso Heureuse<br \/>\nPierre-Eric Sutter, co-fondateur de l&#8217;OBservatoire des VEcus du COllapse (OBVECO)<br \/>\nMarie Didier, \u00e9crivain m\u00e9decin<br \/>\nAna Rougier, journaliste ind\u00e9pendante<br \/>\nAlexis Judic, artiste plasticien<br \/>\nRoger Champ, militant de la Conf\u00e9d\u00e9ration Nationale du Logement<br \/>\nNelly Massera, artiste et r\u00e9alisatrice<br \/>\nCamille Riquier, sc\u00e9nographe<br \/>\nFred Ortuno, association Art Factories<br \/>\n\u00c9tienne Ciapin, sociologue<br \/>\nAnthony Laurent, journaliste scientifique, co-fondateur de Sciences Critiques<br \/>\nLola Ostier, m\u00e9diatrice socio-\u00e9ducative<br \/>\nPatrice Bride, coop\u00e9rative &#8220;Dire le travail&#8221;<br \/>\nAnne Jollet, historienne<br \/>\nJean-Luc Gautero, enseignant-chercheur<br \/>\nRaphaelle Doyon, ma\u00eetresse de conf\u00e9rences<br \/>\nFran\u00e7ois Jacquet, ing\u00e9nieur de recherche<br \/>\nGilles Gu\u00e9gan, sc\u00e9nographe-jardinier<br \/>\nCyril Piou, chercheur en \u00e9cologie<br \/>\nAgn\u00e8s Valentin, com\u00e9dienne<br \/>\nCoraly Zahonero, com\u00e9dienne<br \/>\nNicolas Le Coq, professeur des \u00e9coles<br \/>\nSandrine Costamagno, directrice de recherche CNRS<br \/>\nPhilippe Merlant, journaliste et conf\u00e9rencier gesticulant<br \/>\nGr\u00e9gory Poinsenet, cofondateur de Sorry Children<br \/>\nPierre Charrier, cofondateur de Sorry Children<br \/>\nFabienne Brugel, metteuse en sc\u00e8ne<br \/>\nRapha\u00ebl Sarfati, libraire<br \/>\nPierre-Jean Heude, r\u00e9gisseur<br \/>\nGuillaume Bagnolini, philosophe<br \/>\nSaskia Cousin, anthropologue<br \/>\nDavid Dupuis, anthropologue et psychologue clinicien<br \/>\nDelphine Schmoderer, plasticienne<br \/>\nJos\u00e9pha Dirringer, juriste<br \/>\nMakis Solomos, musicologue<br \/>\nLe\u00efla Frouillou, sociologue<br \/>\nIgor Babou, professeur \u00e0 l&#8217;universit\u00e9 Paris Diderot<br \/>\nSt\u00e9phane Bikialo, enseignant-chercheur en litt\u00e9rature<br \/>\nGwen de Bonneval, auteur de bande dessin\u00e9e<br \/>\nBernard Sch\u00e9o, enseignant-chercheur<br \/>\nOlivier Roueff, sociologue<br \/>\nSidi Mohammed Barkat, enseignant-chercheur<br \/>\nGuillaume Lecamus, metteur en sc\u00e8ne<br \/>\nStephen Bouquin, sociologue<br \/>\nSarah Mekdjian, enseignante-chercheure<br \/>\nMyriem Augier, sociologue<br \/>\nH\u00e9l\u00e8ne Tordjman, \u00e9conomiste<br \/>\nKolja Lindner, politiste<br \/>\nAntoine Leblois, \u00e9conomiste<br \/>\nSol\u00e8ne Derrien, plateforme pyr\u00e9n\u00e9enne d&#8217;observation atmosph\u00e9rique<br \/>\nLaurence Protteau, sociologue<br \/>\nLaurence Charlier, anthropologue<br \/>\nMari Oiry Varacca, g\u00e9ographe<br \/>\nCl\u00e9ment Barth\u00e9l\u00e9my, docteur en \u00e9cologie<br \/>\nJean-Michel Hup\u00e9, chercheur CNRS en neurosciences et \u00e9cologie<br \/>\nMattia Paco Rizzi, architecte<br \/>\nDenys Piningre, cin\u00e9aste<br \/>\nRosemary Faulkner, traductrice<br \/>\nPascal Maillard, univesitaire et syndicaliste<br \/>\nOthmar Eipeltauer, paysan arboriculteur<br \/>\nFran\u00e7ois G\u00e8ze, \u00e9diteur<br \/>\nChristelle Rabier, ma\u00eetresse de conf\u00e9rence<br \/>\nPierre L\u00e9nel Sociologue<br \/>\nRada Ivekovi\u0107, universitaire<br \/>\nJulien Wosnitza Fondateur Wings of the Ocean<br \/>\nThomas Berther, f\u00e9d\u00e9ration Habicoop<br \/>\nNicolas Voisin, La Suite du Monde<br \/>\nChristophe Masutti, chercheur<br \/>\nStuart Pluen Calvo, \u00e9diteur<br \/>\nAudrey Boulard, le Vent se L\u00e8ve<br \/>\nFloryan Reyne, naturopathe<br \/>\nChantal Charlot, formatrice<br \/>\nSonja Dicquemare, architecte enseignante<br \/>\nSamuel Pinaud, sociologue<br \/>\nFran\u00e7oise Bressat-Blum, pr\u00e9sidente de l\u2019Universit\u00e9 Populaire de Lyon<br \/>\nPhilippe Arnaud, co-secr\u00e9taire de Solidaires 33<br \/>\nAnne Macou-Lescieu, el\u2019cagette Roubaix<br \/>\nAd\u00e8le Cassigneul, chercheuse<br \/>\nMikael Motelica, enseignant-chercheur<br \/>\nPhilippe Birgy, enseignant-chercheur<br \/>\nClaude Crestani, psychologue du travail<br \/>\nMaria da Fonseca, enseignante-chercheuse<br \/>\nBrian Padilla, \u00e9cologue<br \/>\nPhilippo Michel, association LESA<br \/>\nFr\u00e9d\u00e9ric Verhaegen, universit\u00e9 de Lorraine<br \/>\nGuillaume Pellerin, physicien et informaticien<br \/>\nMarjorie Keters, association ACIDES<br \/>\nAgatha Frankowska-Thuinet, professeur des \u00e9coles<br \/>\nSophie Hoarau, com\u00e9dienne<br \/>\nBeno\u00eet Hodeu, arch\u00e9ologue<br \/>\nEmmanuel Ferrand, association La G\u00e9n\u00e9rale<br \/>\nSarah Labelle, ma\u00eetresse de conf\u00e9rence<br \/>\nJean Fauch\u00e9, pour Alternative et Autogestion<br \/>\nPhilippe Eustachon, metteur en sc\u00e8ne<br \/>\nTunvezh Gwlagen-Grandjean, journaliste radio<br \/>\nAmel Dahmani, secr\u00e9taire de Sud Collectivit\u00e9s Territoriales<br \/>\nFlorence Vallero, intermittente du spectacle et auteure<br \/>\nCyril Dutech, chercheur en biologie \u00e9volutive<br \/>\nAnthony Pecqueux, sociologue<br \/>\nFran\u00e7ois Piquemal, enseignant en lyc\u00e9e professionnel<br \/>\nJean Bourdoncle, animateur de Lien et Changement<br \/>\nLaurent Eyraud-Chaume, com\u00e9dien<br \/>\nAnne Isla, \u00e9conomiste<br \/>\nJ\u00e9r\u00e9my Bonner, enseignant<br \/>\nFr\u00e9d\u00e9rique Bey, ing\u00e9nieure<br \/>\nJulien Jourdan, enseignant<br \/>\nSt\u00e9phane Pauvret, artiste sc\u00e9nographe<br \/>\n\u00c9tienne G\u00e9rard, sociologue<br \/>\nMarie-Paule Frisot, tr\u00e9sori\u00e8re du Man Moselle<br \/>\nKatja Ploog, enseignante-chercheuse<br \/>\nAnne-Emmanuelle Berger, universitaire<br \/>\nJosiane Bru, anthropologue<br \/>\nJim Petit, musicien<br \/>\nSibylle d\u2019Orgeval, r\u00e9alisatrice<br \/>\nCatherine Scheer, anthropologue<br \/>\nAntoine Lamer, Data Scientist<br \/>\nNicolas Paris, informaticien<br \/>\nSt\u00e9phanie Mariette, charg\u00e9e de recherche \u00e0 l\u2019INRAE<br \/>\nMarina Sou, pour Libres Apprenants du Monde<br \/>\nFr\u00e9d\u00e9ric Bourdon, conseiller municipal de Vitry-sur-Seine<br \/>\nJules Desgouttes, coordinateur de Art Factories<br \/>\nH\u00e9l\u00e8ne Oblet, ing\u00e9nieure territorial<br \/>\nMarie Cuillerai, professeure des universit\u00e9s<br \/>\nNadine Forte, enseignante<br \/>\nFran\u00e7oise B\u00e9net, professeur de danse<br \/>\nJacques Pabst, com\u00e9dien<br \/>\nMonique Dental, r\u00e9seau f\u00e9ministe Ruptures<br \/>\nFranck Gaudichaud, enseignant-chercheur<br \/>\nThierry \u00c9lias, docteur en optique-atmosph\u00e9rique<br \/>\nPhilippe \u00c9lusse, r\u00e9alisateur<br \/>\nLaure Teuli\u00e8res, historienne<br \/>\nJimmy Markoum, enseignant<br \/>\nMarc Pion, paysan gesticulant<br \/>\nMartine Minne, pour Attac Flandres<br \/>\nCatherine Bodet, La Manufacture Coop\u00e9rative<\/p>\n","protected":false},"excerpt":{"rendered":"<p>Pr\u00e8s de 230 m\u00e9decins, infirmier.e.s., psychologues, r\u00e9animateurs, enseignant.e.s, com\u00e9dien.ne.s, paysan.ne.s, artistes, chercheuses, scientifiques, musicien.ne.s, syndicalistes, \u00e9diteurs, libraires et autres personnalit\u00e9s appellent \u00e0 s\u2019auto-organiser face \u00e0 la pand\u00e9mie de Covid-19 et \u00e0 rejoindre le r\u00e9seau de solidarit\u00e9 COVID-ENTRAIDE FRANCE.<\/p>\n","protected":false},"author":666,"featured_media":0,"comment_status":"open","ping_status":"open","sticky":false,"template":"","format":"standard","meta":{"_themeisle_gutenberg_block_has_review":false,"footnotes":""},"categories":[278],"tags":[517],"class_list":["post-12146","post","type-post","status-publish","format-standard","hentry","category-tribunes","tag-covid-19"],"_links":{"self":[{"href":"https:\/\/archives.regards.fr\/index.php?rest_route=\/wp\/v2\/posts\/12146","targetHints":{"allow":["GET"]}}],"collection":[{"href":"https:\/\/archives.regards.fr\/index.php?rest_route=\/wp\/v2\/posts"}],"about":[{"href":"https:\/\/archives.regards.fr\/index.php?rest_route=\/wp\/v2\/types\/post"}],"author":[{"embeddable":true,"href":"https:\/\/archives.regards.fr\/index.php?rest_route=\/wp\/v2\/users\/666"}],"replies":[{"embeddable":true,"href":"https:\/\/archives.regards.fr\/index.php?rest_route=%2Fwp%2Fv2%2Fcomments&post=12146"}],"version-history":[{"count":0,"href":"https:\/\/archives.regards.fr\/index.php?rest_route=\/wp\/v2\/posts\/12146\/revisions"}],"wp:attachment":[{"href":"https:\/\/archives.regards.fr\/index.php?rest_route=%2Fwp%2Fv2%2Fmedia&parent=12146"}],"wp:term":[{"taxonomy":"category","embeddable":true,"href":"https:\/\/archives.regards.fr\/index.php?rest_route=%2Fwp%2Fv2%2Fcategories&post=12146"},{"taxonomy":"post_tag","embeddable":true,"href":"https:\/\/archives.regards.fr\/index.php?rest_route=%2Fwp%2Fv2%2Ftags&post=12146"}],"curies":[{"name":"wp","href":"https:\/\/api.w.org\/{rel}","templated":true}]}}