{"id":12133,"date":"2020-03-17T15:33:40","date_gmt":"2020-03-17T14:33:40","guid":{"rendered":"https:\/\/wp.muchomaas.com\/article-dans-les-ehpad-je-crains-une-crise-de-la-meme-intensite-que-lors-de-la-canicule\/"},"modified":"2023-06-23T23:53:26","modified_gmt":"2023-06-23T21:53:26","slug":"article-dans-les-ehpad-je-crains-une-crise-de-la-meme-intensite-que-lors-de-la-canicule","status":"publish","type":"post","link":"https:\/\/archives.regards.fr\/?p=12133","title":{"rendered":"\u00ab Dans les EHPAD, je crains une crise de la m\u00eame intensit\u00e9 que lors de la canicule de 2003 \u00bb"},"content":{"rendered":"<p class=\"post_excerpt\">LA MIDINALE AVEC ANNE-SOPHIE PELLETIER. Les EHPAD sont en premi\u00e8re ligne dans la crise sanitaire li\u00e9e au Covid-19, tant les personnes \u00e2g\u00e9es qui y s\u00e9journent les personnels soignants qui y travaillent. On en parle avec Anne-Sophie Pelletier, aide m\u00e9dico-psychologique et eurod\u00e9put\u00e9e LFI, membre de la Gauche Unie Europ\u00e9enne.<\/p>\n<p><em> <strong>Anne-Sophie Pelletier<\/strong>\u00a0est d\u00e9put\u00e9e europ\u00e9enne et aide m\u00e9dico-psychologique en EHPAD<\/em><\/p>\n<p><strong>\u00a0<em>Regards<\/em>. Les 7000 \u00e9tablissements de France ont re\u00e7u ordre de ne plus autoriser les visites aux 600 000 r\u00e9sidents. C&#8217;est une bonne chose selon vous ?<\/strong><\/p>\n<p><strong>Anne-Sophie Pelletier<\/strong>. Oui, c&#8217;est une bonne chose : il faut pour le moins prendre des mesures de pr\u00e9cautions. En effet, \u00e0 ce stade, ce que nous connaissons pour le moment du virus, c&#8217;est, d&#8217;une part, qu&#8217;il est particuli\u00e8rement contagieux, et, d&#8217;autre part, que nos personnes \u00e2g\u00e9es sont particuli\u00e8rement fragiles face \u00e0 cette crise. Fragiles parce qu&#8217;elles ont souvent un syst\u00e8me immunitaire d\u00e9ficient et fatigu\u00e9 qui implique des pathologies respiratoires beaucoup plus lourdes.\u00a0De plus, dans un \u00e9tablissement pr\u00e8s de chez moi, \u00e0 Thise dans le Doubs, ce sont des dizaines de r\u00e9sidents qui sont infect\u00e9s. Il est donc primordial de prendre ces mesures de pr\u00e9cautions &#8211; m\u00eame si je sais que c&#8217;est difficile pour les familles. Et je rappelle que chacun de nous peut \u00eatre asymptomatique&#8230;<\/p>\n<p><strong>Le plan bleu a pourtant \u00e9t\u00e9 d\u00e9clench\u00e9 : ce n&#8217;est pas suffisant ?<\/strong><\/p>\n<p>Qu&#8217;est ce que le plan bleu ? Ce sont des mesures prises pour la s\u00e9curit\u00e9 des r\u00e9sidents et des soignants. Des plans bleus sont d\u00e9clench\u00e9 en cas d&#8217;\u00e9pid\u00e9mie de grippe ou de gastroent\u00e9rite dans les \u00e9tablissements, ce qui signifie souvent que les personnes \u00e2g\u00e9es, par exemple, restent dans leurs chambres \u00e0 l&#8217;heure des repas afin de ne pas contaminer tout le monde. Mais c&#8217;est un peu hypocrite tout \u00e7a : effectivement, on d\u00e9clenche le plan bleu mais, dans le m\u00eame temps, nombre de soignants n&#8217;ont pas de masques et ne sont pas prot\u00e9g\u00e9s dans les EHPAD en ce moment&#8230; cherchez l&#8217;erreur ! Ce n&#8217;est pas un plan bleu qui est d\u00e9clench\u00e9 mais un plan bleu tr\u00e8s p\u00e2le ou en mode d\u00e9grad\u00e9&#8230;<\/p>\n<p><strong>Pour les personnes \u00e2g\u00e9es qui sont chez elles et qui sont d\u00e9pendantes d&#8217;aides ext\u00e9rieures, comment cela va se passer ?<\/strong><\/p>\n<p>C&#8217;est une excellente question et une cause de grande inqui\u00e9tude. Les soignants manquent d\u00e9j\u00e0 de masques&#8230; alors les aides \u00e0 domicile, les auxiliaires de vie, forc\u00e9ment, c&#8217;est encore pire ! Je ne rejette pas\u00a0la faute sur les associations &#8211; elles n&#8217;y sont pour rien. Il y a une rupture de stock. Mais je pose la question : comment vont faire ces associations, sachant que nous pouvons tous et toutes \u00eatre porteur asymptomatique ? Evidemment, les aides \u00e0 domicile et les AVS vont respecter les gestes barri\u00e8re, mais il faut dans ce cas-l\u00e0, que l&#8217;on m&#8217;explique comment on se tient \u00e0 un m\u00e8tre d&#8217;une personne quand on doit l&#8217;aider dans les gestes de la vie quotidienne ? Je pense que l&#8217;on court \u00e0 la catastrophe.<\/p>\n<p><strong>Un tiers des r\u00e9sidents en EHPAD serait en d\u00e9tresse psychologique. Des mesures sp\u00e9cifiques sont pr\u00e9vues pour eux ?<\/strong><\/p>\n<p>Un tiers des r\u00e9sidents sont en d\u00e9tresse psychologique en EHPAD et \u00e7a, c&#8217;est au quotidien, sans plan bleu. Alors, avec le plan bleu, ce sera pire. Rien n&#8217;est v\u00e9ritablement mis en place pour nos ain\u00e9.e.s. Le plan bleu signifie tout m\u00eame une forme d&#8217;isolement pour les r\u00e9sidents. Evidemment, je ne doute pas que les soignants vont faire tout ce qu&#8217;ils peuvent pour casser cette solitude, mais plan bleu signifie fin des animations collectives par exemple. La d\u00e9tresse psychologique ne va donc pas s&#8217;att\u00e9nuer et m\u00eame si, je le rappelle, des mesures doivent \u00eatre prises pour la protection de tous et toutes, d&#8217;autres r\u00e9sidents risquent d&#8217;augmenter le nombre de r\u00e9sidents en d\u00e9tresse psychologique.<\/p>\n<p><strong>Les personnels de sant\u00e9 qui travaillent aupr\u00e8s de ces personnes \u00e2g\u00e9es &#8211; dont vous faisiez partie avant de devenir d\u00e9put\u00e9e europ\u00e9enne-vous trouvez qu&#8217;on les prot\u00e8ge assez ?<\/strong><\/p>\n<p>Clairement non. Toute l&#8217;ann\u00e9e, malgr\u00e9 leur d\u00e9vouement sans faille, ils sont m\u00e9pris\u00e9s. Aujourd&#8217;hui, ils sont encore une fois en premi\u00e8re ligne, et d&#8217;un seul coup, on veut nous faire croire que le gouvernement prend enfin conscience de leur utilit\u00e9 ? Quelle ind\u00e9cence&#8230; Depuis des ann\u00e9es, les soignants demandent plus de moyens sans qu&#8217;on ne leur offre aucune r\u00e9ponse. On les envoie au front alors qu&#8217;ils sont \u00e9puis\u00e9s, et de surcroit, manquent de mat\u00e9riel. Mais quand m\u00eame, il faut le voir pour le croire &#8211; ou le lire : combien de soignants \u00e9crivent &#8220;on n&#8217;a pas de masques&#8221; ou &#8220;on n&#8217;a pas de sur-blouse&#8221; ? C&#8217;est bien beau les discours du gouvernement, encore faut-il que ce soit suivi d&#8217;actes.<\/p>\n<p><strong>M\u00eame si le Covid19 commence \u00e0 toucher aussi les jeunes, les personnes \u00e2g\u00e9es demeurent la population la plus \u00e0 risques. Vous trouvez que le gouvernement est \u00e0 la hauteur ?<\/strong><\/p>\n<p>Je ne veux pas pol\u00e9miquer maintenant : la priorit\u00e9, c&#8217;est avant tout la sant\u00e9 et la protection de tous et toutes. N\u00e9anmoins, il sera important de tirer les le\u00e7ons de cette crise sanitaire. Il sera \u00e0 mon sens important de regarder si le pr\u00e9sident a bien mis en place ce qu&#8217;il a dit. Rappelez-vous, \u00e0 plusieurs, il a dit &#8220;quoi qu&#8217;il en coute&#8221;. Tr\u00e8s bien ! J&#8217;attends donc qu&#8217;il mette les moyens &#8211; et urgemment ! Parce que je crains sinon une crise de la m\u00eame intensit\u00e9 que\u00a0lors de la canicule de 2003.<\/p>\n<p><strong>On peine \u00e0 voir une r\u00e9ponse europ\u00e9enne hormis la d\u00e9cision r\u00e9cente de fermeture des fronti\u00e8res de l&#8217;espace Schengen. Que pourrait, que devrait l&#8217;Europe ?<\/strong><\/p>\n<p>C&#8217;est tout \u00e0 fait vrai : on n&#8217;a plus le sentiment que c&#8217;est &#8220;sauve-qui-peut&#8221; dans chaque \u00e9tat membre, sans que personne ne cherche \u00e0 trouver des solutions ensemble. Fermer les fronti\u00e8res est l&#8217;une des premi\u00e8res d\u00e9cisions concr\u00e8te \u00e0 l&#8217;\u00e9chelle europ\u00e9enne mais le virus n&#8217;a pas de passeport et je ne vois pas comment ces d\u00e9cisions vont impacter sa propagation. Certes, cela va diminuer la mobilit\u00e9 des citoyens europ\u00e9ens mais franchement, ce dont nous avons besoin, ce sont des r\u00e9ponses solidaires.\u00a0L&#8217;Union europ\u00e9enne doit reprendre ses premiers principes, ceux qui devaient la fonder, \u00e0 commencer par la solidarit\u00e9. Tout le monde a l&#8217;air de d\u00e9couvrir, les yeux \u00e9bahis, que la mondialisation, finalement, ce n&#8217;est peut \u00eatre pas ce qu&#8217;il y a de mieux &#8211; et je pense tout particuli\u00e8rement aux m\u00e9dicaments et \u00e0 leur production par exemple.<div id='gallery-1' class='gallery galleryid-12133 gallery-columns-3 gallery-size-thumbnail'><figure class='gallery-item'>\n\t\t\t<div class='gallery-icon landscape'>\n\t\t\t\t<a href='https:\/\/archives.regards.fr\/wp-content\/uploads\/2020\/03\/118142600_8f7251c825_o-fb6.jpg'><img loading=\"lazy\" decoding=\"async\" width=\"150\" height=\"150\" src=\"https:\/\/archives.regards.fr\/wp-content\/uploads\/2020\/03\/118142600_8f7251c825_o-fb6-150x150.jpg\" class=\"attachment-thumbnail size-thumbnail\" alt=\"118142600_8f7251c825_o.jpg\" \/><\/a>\n\t\t\t<\/div><\/figure>\n\t\t<\/div>\n<\/p>\n","protected":false},"excerpt":{"rendered":"<p>LA MIDINALE AVEC ANNE-SOPHIE PELLETIER. Les EHPAD sont en premi\u00e8re ligne dans la crise sanitaire li\u00e9e au Covid-19, tant les personnes \u00e2g\u00e9es qui y s\u00e9journent les personnels soignants qui y travaillent. On en parle avec Anne-Sophie Pelletier, aide m\u00e9dico-psychologique et eurod\u00e9put\u00e9e LFI, membre de la Gauche Unie Europ\u00e9enne.<\/p>\n","protected":false},"author":1204,"featured_media":28897,"comment_status":"open","ping_status":"open","sticky":false,"template":"","format":"standard","meta":{"_themeisle_gutenberg_block_has_review":false,"footnotes":""},"categories":[6],"tags":[517,293],"class_list":["post-12133","post","type-post","status-publish","format-standard","has-post-thumbnail","hentry","category-actu","tag-covid-19","tag-entretien"],"_links":{"self":[{"href":"https:\/\/archives.regards.fr\/index.php?rest_route=\/wp\/v2\/posts\/12133","targetHints":{"allow":["GET"]}}],"collection":[{"href":"https:\/\/archives.regards.fr\/index.php?rest_route=\/wp\/v2\/posts"}],"about":[{"href":"https:\/\/archives.regards.fr\/index.php?rest_route=\/wp\/v2\/types\/post"}],"author":[{"embeddable":true,"href":"https:\/\/archives.regards.fr\/index.php?rest_route=\/wp\/v2\/users\/1204"}],"replies":[{"embeddable":true,"href":"https:\/\/archives.regards.fr\/index.php?rest_route=%2Fwp%2Fv2%2Fcomments&post=12133"}],"version-history":[{"count":0,"href":"https:\/\/archives.regards.fr\/index.php?rest_route=\/wp\/v2\/posts\/12133\/revisions"}],"wp:featuredmedia":[{"embeddable":true,"href":"https:\/\/archives.regards.fr\/index.php?rest_route=\/wp\/v2\/media\/28897"}],"wp:attachment":[{"href":"https:\/\/archives.regards.fr\/index.php?rest_route=%2Fwp%2Fv2%2Fmedia&parent=12133"}],"wp:term":[{"taxonomy":"category","embeddable":true,"href":"https:\/\/archives.regards.fr\/index.php?rest_route=%2Fwp%2Fv2%2Fcategories&post=12133"},{"taxonomy":"post_tag","embeddable":true,"href":"https:\/\/archives.regards.fr\/index.php?rest_route=%2Fwp%2Fv2%2Ftags&post=12133"}],"curies":[{"name":"wp","href":"https:\/\/api.w.org\/{rel}","templated":true}]}}