{"id":12123,"date":"2020-03-13T13:58:23","date_gmt":"2020-03-13T12:58:23","guid":{"rendered":"https:\/\/wp.muchomaas.com\/article-marie-toussaint-les-regles-d-austerite-de-l-union-europeenne-ont-affaibli-nos\/"},"modified":"2023-06-23T23:53:14","modified_gmt":"2023-06-23T21:53:14","slug":"article-marie-toussaint-les-regles-d-austerite-de-l-union-europeenne-ont-affaibli-nos","status":"publish","type":"post","link":"https:\/\/archives.regards.fr\/?p=12123","title":{"rendered":"Marie Toussaint : \u00ab Les r\u00e8gles d\u2019aust\u00e9rit\u00e9 de l\u2019Union europ\u00e9enne ont affaibli nos services publics \u00bb"},"content":{"rendered":"<p class=\"post_excerpt\">Allocution pr\u00e9sidentielle, solidarit\u00e9s europ\u00e9ennes, accueil des migrants, annulation de la marche pour le climat et \u00e9lections municipales : on fait le point avec l\u2019eurod\u00e9put\u00e9e \u00e9cologiste, Marie Toussaint, qui est l\u2019invit\u00e9e de #LaMidinale.<\/p>\n<h2>UNE MIDINALE \u00c0 VOIR&#8230;<\/h2>\n<p><iframe loading=\"lazy\" width=\"490\" height=\"276\" src=\"https:\/\/www.youtube.com\/embed\/-vZrrxaWcS8\" frameborder=\"0\" allow=\"accelerometer; autoplay; encrypted-media; gyroscope; picture-in-picture\" allowfullscreen><\/iframe><\/p>\n<p>&nbsp;<\/p>\n<p><h2>ET \u00c0 LIRE&#8230;<\/h2>\n<p><em>\u00a0<strong>Sur l\u2019allocution pr\u00e9sidentielle<\/em>\u00a0<\/strong><br \/>\n\u00ab On fait face \u00e0 une crise sanitaire importante et on a besoin de la contenir. \u00bb<br \/>\n\u00ab Le pr\u00e9sident a soulign\u00e9 des faiblesses du syst\u00e8me fran\u00e7ais. \u00bb<br \/>\n\u00ab On a besoin de renforcer le syst\u00e8me de sant\u00e9 et de pr\u00e9vention et c\u2019est ce que montre la crise au niveau fran\u00e7ais comme europ\u00e9en. \u00bb<\/p>\n<p><em>\u00a0<strong>Sur les solidarit\u00e9s europ\u00e9ennes<\/em>\u00a0<\/strong><br \/>\n\u00ab J\u2019ai \u00e9t\u00e9 frapp\u00e9e par les d\u00e9clarations de la porte-parole du gouvernement, Sibeth Ndiaye l\u2019Italie en disant que l\u2019Italie n\u2019avait peut-\u00eatre pas fait ce qu\u2019il fallait (\u2026) on n\u2019est pas encore dans la bienveillance et la solidarit\u00e9 concr\u00e8te. \u00bb<br \/>\n\u00ab Les r\u00e8gles d\u2019aust\u00e9rit\u00e9 de l\u2019Union europ\u00e9enne ont affaibli nos services publics. \u00bb<br \/>\n\u00ab Il y a une incapacit\u00e9 de l\u2019Europe, au niveau de la recherche, de mettre en oeuvre ce que nous demandent les scientifiques depuis 10, 15, 20 ans, c\u2019est \u00e0 dire de lancer des grands programmes de recherche sur les pand\u00e9mies. \u00bb<br \/>\n\u00ab L\u2019Europe enti\u00e8re doit r\u00e9aliser ce besoin de pr\u00e9vention, de solidarit\u00e9, d\u2019investir dans la sant\u00e9 : \u00e7a doit \u00eatre un moment de sursaut pour l\u2019Union europ\u00e9enne. \u00bb<\/p>\n<p><em>\u00a0<strong>Sur le lien coronavirus et crise \u00e9cologique<\/em>\u00a0<\/strong><br \/>\n\u00ab Ces coronavirus sont renforc\u00e9s et d\u00e9multipli\u00e9s par la d\u00e9forestation, par l\u2019urbanisation massive et la perte de biodiversit\u00e9. \u00bb<\/p>\n<p><em>\u00a0<strong>Sur la question migratoire en Europe<\/em>\u00a0<\/strong><br \/>\n\u00ab C\u2019est la honte pour l\u2019Europe. \u00bb<br \/>\n\u00ab C\u2019est ind\u00e9cent et ignoble : il faut mettre de l\u2019argent de la solidarit\u00e9. \u00bb<br \/>\n\u00ab On a besoin d\u2019une solidarit\u00e9 pour aider les personnes qui sont aujourd\u2019hui en difficult\u00e9. \u00bb<br \/>\n\u00ab On est dans des attitudes de rejet qui violent les engagements internationaux et les droits humains. \u00bb<br \/>\n\u00ab On a besoin d\u2019am\u00e9nager nos vies et nos villes pour ne pas tout faire reposer sur des petits territoires. \u00bb<br \/>\n\u00ab L\u2019ensemble du territoire doit \u00eatre mis \u00e0 contribution. Vu le nombre de personnes qui frappent \u00e0 nos portes, c\u2019est tout a fait possible de les int\u00e9grer dans nos soci\u00e9t\u00e9s. \u00bb<br \/>\n\u00ab Le droit d\u2019asile est factuellement remis en cause. \u00bb<\/p>\n<p><em>\u00a0<strong>Sur l\u2019annulation de la marche pour le climat<\/em>\u00a0<\/strong><br \/>\n\u00ab L\u2019annulation de la marche pour le climat est une d\u00e9cision responsable. \u00bb<br \/>\n\u00ab C\u2019est important d\u2019agir pour le climat parce que la France ne fait toujours rien, l\u2019Union europ\u00e9enne ne fait toujours rien. \u00bb<br \/>\n\u00ab On le voit avec le coronavirus, quand on veut agir face \u00e0 une urgence, on est en capacit\u00e9 de mobiliser les forces vives de nos pays et on aura besoin demain de les mobiliser face \u00e0 l\u2019urgence climatique. \u00bb<br \/>\n\u00ab Il y aura des mobilisations virtuelles et des actions coup de poing. \u00bb<\/p>\n<p><em>\u00a0<strong>Sur les \u00e9lections municipales<\/em>\u00a0<\/strong><br \/>\n\u00ab On a besoin d\u2019aller voter et la d\u00e9cision de maintenir les \u00e9lections municipales est une d\u00e9cision de respect de l\u2019Etat de droit et de la d\u00e9mocratie. \u00bb<br \/>\n\u00ab On a besoin que l\u2019Etat de droit perdure. \u00bb<br \/>\n\u00ab Face \u00e0 l\u2019urgence climatique, face \u00e0 l\u2019urgence sanitaire et au besoin de solidarit\u00e9, on a besoin que celles et ceux qui dirigent nos villes, soient des personnes qui aient \u00e0 coeur de faire vivre cette solidarit\u00e9. \u00bb <div id='gallery-1' class='gallery galleryid-12123 gallery-columns-3 gallery-size-thumbnail'><figure class='gallery-item'>\n\t\t\t<div class='gallery-icon landscape'>\n\t\t\t\t<a href='https:\/\/archives.regards.fr\/wp-content\/uploads\/2020\/03\/capture_d_e_cran_2020-03-13_a_13-981.55.50.png'><img loading=\"lazy\" decoding=\"async\" width=\"150\" height=\"150\" src=\"https:\/\/archives.regards.fr\/wp-content\/uploads\/2020\/03\/capture_d_e_cran_2020-03-13_a_13-981.55.50-150x150.png\" class=\"attachment-thumbnail size-thumbnail\" alt=\"capture_d_e_cran_2020-03-13_a_13.55.50.png\" \/><\/a>\n\t\t\t<\/div><\/figure>\n\t\t<\/div>\n<\/p>\n","protected":false},"excerpt":{"rendered":"<p>Allocution pr\u00e9sidentielle, solidarit\u00e9s europ\u00e9ennes, accueil des migrants, annulation de la marche pour le climat et \u00e9lections municipales : on fait le point avec l\u2019eurod\u00e9put\u00e9e \u00e9cologiste, Marie Toussaint, qui est l\u2019invit\u00e9e de #LaMidinale.<\/p>\n","protected":false},"author":1039,"featured_media":28880,"comment_status":"open","ping_status":"open","sticky":false,"template":"","format":"standard","meta":{"_themeisle_gutenberg_block_has_review":false,"footnotes":""},"categories":[238],"tags":[517,293],"class_list":["post-12123","post","type-post","status-publish","format-standard","has-post-thumbnail","hentry","category-la-midinale","tag-covid-19","tag-entretien"],"_links":{"self":[{"href":"https:\/\/archives.regards.fr\/index.php?rest_route=\/wp\/v2\/posts\/12123","targetHints":{"allow":["GET"]}}],"collection":[{"href":"https:\/\/archives.regards.fr\/index.php?rest_route=\/wp\/v2\/posts"}],"about":[{"href":"https:\/\/archives.regards.fr\/index.php?rest_route=\/wp\/v2\/types\/post"}],"author":[{"embeddable":true,"href":"https:\/\/archives.regards.fr\/index.php?rest_route=\/wp\/v2\/users\/1039"}],"replies":[{"embeddable":true,"href":"https:\/\/archives.regards.fr\/index.php?rest_route=%2Fwp%2Fv2%2Fcomments&post=12123"}],"version-history":[{"count":0,"href":"https:\/\/archives.regards.fr\/index.php?rest_route=\/wp\/v2\/posts\/12123\/revisions"}],"wp:featuredmedia":[{"embeddable":true,"href":"https:\/\/archives.regards.fr\/index.php?rest_route=\/wp\/v2\/media\/28880"}],"wp:attachment":[{"href":"https:\/\/archives.regards.fr\/index.php?rest_route=%2Fwp%2Fv2%2Fmedia&parent=12123"}],"wp:term":[{"taxonomy":"category","embeddable":true,"href":"https:\/\/archives.regards.fr\/index.php?rest_route=%2Fwp%2Fv2%2Fcategories&post=12123"},{"taxonomy":"post_tag","embeddable":true,"href":"https:\/\/archives.regards.fr\/index.php?rest_route=%2Fwp%2Fv2%2Ftags&post=12123"}],"curies":[{"name":"wp","href":"https:\/\/api.w.org\/{rel}","templated":true}]}}