{"id":12122,"date":"2020-03-12T13:08:37","date_gmt":"2020-03-12T12:08:37","guid":{"rendered":"https:\/\/wp.muchomaas.com\/article-la-seule-solution-contre-le-coronavirus-c-est-un-masque-pour-tous-partout\/"},"modified":"2023-06-23T23:53:13","modified_gmt":"2023-06-23T21:53:13","slug":"article-la-seule-solution-contre-le-coronavirus-c-est-un-masque-pour-tous-partout","status":"publish","type":"post","link":"https:\/\/archives.regards.fr\/?p=12122","title":{"rendered":"\u00ab La seule solution contre le coronavirus, c\u2019est un masque pour tous, partout, pendant trois semaines \u00bb"},"content":{"rendered":"<p class=\"post_excerpt\">Le docteur Raybaud a \u00e9crit une longue tribune sur Mediapart dans laquelle il revient sur des mesures simples et radicales pour lutter efficacement contre le coronavirus. Pour lui, inutile de bloquer l\u2019\u00e9conomie et d\u2019interdire les rassemblements : la solution, c\u2019est une hygi\u00e8ne irr\u00e9prochable. Il est l\u2019invit\u00e9 de #LaMidinale.<\/p>\n<h2>UNE MIDINALE \u00c0 VOIR&#8230;<\/h2>\n<p><iframe loading=\"lazy\" width=\"490\" height=\"276\" src=\"https:\/\/www.youtube.com\/embed\/gPMwAcWeUZc\" frameborder=\"0\" allow=\"accelerometer; autoplay; encrypted-media; gyroscope; picture-in-picture\" allowfullscreen><\/iframe><\/p>\n<p>&nbsp;<\/p>\n<p><h2>ET \u00c0 LIRE&#8230;<\/h2>\n<p><em>\u00a0<strong>Sur la gravit\u00e9 du coronavirus<\/em>\u00a0<\/strong><br \/>\n\u00ab C\u2019est \u00e0 la fois grave et pas grave. L\u2019essentiel de l\u2019asymptomologie de ce virus donne des formes cliniques qui ne sont pas graves. \u00bb<br \/>\n\u00ab Il y a des formes graves qui touchent certaines personnes fragiles de plus de 65 ans et les personnes \u00e2g\u00e9es. \u00bb<br \/>\n\u00ab Si le nombre de cas augmente, le nombre de d\u00e9c\u00e8s augmentera de mani\u00e8re corr\u00e9lative. \u00bb<br \/>\n\u00ab Cette \u00e9pid\u00e9mie est insuffisamment contr\u00f4l\u00e9e. Les mesures sont tr\u00e8s r\u00e9ellement insuffisantes et inefficaces. \u00bb<br \/>\n\u00ab On peut envoyer des critiques \u00e0 l\u2019OMS qui n\u2019a pas \u00e9dict\u00e9 des mesures radicales et qui a sous estim\u00e9 l\u2019\u00e9pid\u00e9mie. \u00bb<br \/>\n\u00ab On est \u00e0 un stade sup\u00e9rieur aujourd\u2019hui et les mesures sont insuffisantes. \u00bb<br \/>\n\u00ab On \u00e0 affaire \u00e0 un virus extr\u00eamement contagieux mais qui est aussi fragile. Il se transmets par voies respiratoires et oro-f\u00e9cales c\u2019est-\u00e0-dire qu\u2019il est ex\u00e9cr\u00e9 dans les selles. \u00bb<\/p>\n<p><em>\u00a0<strong>Sur les solutions contre le coronavirus<\/em>\u00a0<\/strong><br \/>\n\u00ab Il \u00e9tait l\u00e9gitime au d\u00e9but de confiner les gens. Il ne me parait plus l\u00e9gitime de confiner et d\u2019isoler les personnes, \u00e7a ne sert \u00e0 rien. Le virus est partout. \u00bb<br \/>\n\u00ab Il faut prendre des mesures de protection beaucoup plus radicales. \u00bb<br \/>\n\u00ab Le virus se transmet par voies respiratoires : il suffit de bloquer cette barri\u00e8re et de porter un masque. \u00bb<br \/>\n\u00ab Il faut que tout le monde porte un masque tout le temps, partout et en permanence, pendant trois semaines, pour la totalit\u00e9 de la population. \u00bb<br \/>\n\u00ab Est-ce que la mesure qui consiste a tousser dans le coude est une bonne mesure ? Non parce qu\u2019on a montr\u00e9 qu\u2019en croisant les bras on pouvait se recontaminer \u00e0 nouveau. \u00bb<br \/>\n\u00ab On peut r\u00e9utiliser les masques en les s\u00e9chant avec un s\u00e8che-cheveux. \u00bb<br \/>\n\u00ab Il faut solliciter l\u2019Etat pour augmenter les capacit\u00e9s de production des masques pour que tout le monde ait un masque le plus rapidement possible. \u00bb<br \/>\n\u00ab Il faut que tout le monde porte un masque pendant trois semaines. \u00bb<br \/>\n\u00ab Il faut se laver les mains, utiliser des gels hydro-alcooliques ou de la Javel dilu\u00e9e. \u00bb<br \/>\n\u00ab La distance interpersonnelle minimum est d\u2019environ 1,50 m\u00e8tre : c\u2019est une mesure importante \u00e0 laquelle il faut tenir compte. \u00bb<br \/>\n\u00ab Il est pour moi inutile de ralentir l\u2019\u00e9conomie et d\u2019interdire les rassemblements. \u00bb<br \/>\n\u00ab Pourquoi ne pas faire une ou deux inhalations par jour, \u00e7a serait logique scientifiquement ? \u00bb<\/p>\n<p><em>\u00a0<strong>Sur la fragilit\u00e9 du virus <\/em>\u00a0<\/strong><br \/>\n\u00ab C\u2019est un virus qui est fragile. \u00bb<br \/>\n\u00ab Comme tous les virus expos\u00e9s \u00e0 la chaleur, ils sont d\u00e9truits \u00e0 des temp\u00e9ratures diff\u00e9rentes. \u00bb<br \/>\n\u00ab Le coronavirus, selon les \u00e9tudes, est tu\u00e9 entre une et dix minutes selon le niveau d\u2019exposition et la dur\u00e9e d\u2019exposition. \u00bb<br \/>\n\u00ab Le coronavirus est tu\u00e9 \u00e0 71 degr\u00e9s \u00e0 90% en une minute. \u00bb<br \/>\n\u00ab Le H1N1 est tu\u00e9 en une second \u00e0 100 degr\u00e9s quand le coronavirus l\u2019est en m\u00eame pas une demie seconde &#8211; d\u2019o\u00f9 l\u2019int\u00e9r\u00eat de passer au s\u00e8che cheveux les masques et les \u00e9charpes. \u00bb<\/p>\n<p><em>\u00a0<strong>Sur la contamination et la propagation du virus<\/em>\u00a0<\/strong><br \/>\n\u00ab Le nombre de cas en France est bien plus important qu\u2019on ne le croit : probablement entre 140.000 et 150.000. Il n\u2019y a pas d\u2019inqui\u00e9tude pour toutes ces personnes qui l\u2019attrapent. \u00bb<br \/>\n\u00ab La France, avec l\u2019institut Pasteur, peut montrer au monde entier qu\u2019on peut r\u00e9duire et contr\u00f4ler une grave \u00e9pid\u00e9mie. \u00bb<\/p>\n<p><em>\u00a0<strong>Sur la comparaison avec la grippe saisonni\u00e8re <\/em>\u00a0<\/strong><br \/>\n\u00ab La comparaison avec la grippe saisonni\u00e8re n\u2019est absolument pas pertinente. \u00bb<br \/>\n\u00ab 75% de ceux qui sont en r\u00e9animation ne sont pas vaccin\u00e9s, d\u2019o\u00f9 l\u2019importance du vaccin. \u00bb<br \/>\n\u00ab La vitesse de progression du coronavirus est beaucoup plus grande que la grippe. La contagiosit\u00e9 est encore plus grande. Plusieurs experts pensent que ce coronavirus est dix \u00e0 quinze fois plus mortel que la grippe. \u00bb<div id='gallery-1' class='gallery galleryid-12122 gallery-columns-3 gallery-size-thumbnail'><figure class='gallery-item'>\n\t\t\t<div class='gallery-icon landscape'>\n\t\t\t\t<a href='https:\/\/archives.regards.fr\/wp-content\/uploads\/2020\/03\/capture_d_e_cran_2020-03-12_a_13-f1d.06.45.png'><img loading=\"lazy\" decoding=\"async\" width=\"150\" height=\"150\" src=\"https:\/\/archives.regards.fr\/wp-content\/uploads\/2020\/03\/capture_d_e_cran_2020-03-12_a_13-f1d.06.45-150x150.png\" class=\"attachment-thumbnail size-thumbnail\" alt=\"capture_d_e_cran_2020-03-12_a_13.06.45.png\" \/><\/a>\n\t\t\t<\/div><\/figure>\n\t\t<\/div>\n<\/p>\n","protected":false},"excerpt":{"rendered":"<p>Le docteur Raybaud a \u00e9crit une longue tribune sur Mediapart dans laquelle il revient sur des mesures simples et radicales pour lutter efficacement contre le coronavirus. Pour lui, inutile de bloquer l\u2019\u00e9conomie et d\u2019interdire les rassemblements : la solution, c\u2019est une hygi\u00e8ne irr\u00e9prochable. Il est l\u2019invit\u00e9 de #LaMidinale.<\/p>\n","protected":false},"author":1204,"featured_media":28878,"comment_status":"open","ping_status":"open","sticky":false,"template":"","format":"standard","meta":{"_themeisle_gutenberg_block_has_review":false,"footnotes":""},"categories":[238],"tags":[517,293],"class_list":["post-12122","post","type-post","status-publish","format-standard","has-post-thumbnail","hentry","category-la-midinale","tag-covid-19","tag-entretien"],"_links":{"self":[{"href":"https:\/\/archives.regards.fr\/index.php?rest_route=\/wp\/v2\/posts\/12122","targetHints":{"allow":["GET"]}}],"collection":[{"href":"https:\/\/archives.regards.fr\/index.php?rest_route=\/wp\/v2\/posts"}],"about":[{"href":"https:\/\/archives.regards.fr\/index.php?rest_route=\/wp\/v2\/types\/post"}],"author":[{"embeddable":true,"href":"https:\/\/archives.regards.fr\/index.php?rest_route=\/wp\/v2\/users\/1204"}],"replies":[{"embeddable":true,"href":"https:\/\/archives.regards.fr\/index.php?rest_route=%2Fwp%2Fv2%2Fcomments&post=12122"}],"version-history":[{"count":0,"href":"https:\/\/archives.regards.fr\/index.php?rest_route=\/wp\/v2\/posts\/12122\/revisions"}],"wp:featuredmedia":[{"embeddable":true,"href":"https:\/\/archives.regards.fr\/index.php?rest_route=\/wp\/v2\/media\/28878"}],"wp:attachment":[{"href":"https:\/\/archives.regards.fr\/index.php?rest_route=%2Fwp%2Fv2%2Fmedia&parent=12122"}],"wp:term":[{"taxonomy":"category","embeddable":true,"href":"https:\/\/archives.regards.fr\/index.php?rest_route=%2Fwp%2Fv2%2Fcategories&post=12122"},{"taxonomy":"post_tag","embeddable":true,"href":"https:\/\/archives.regards.fr\/index.php?rest_route=%2Fwp%2Fv2%2Ftags&post=12122"}],"curies":[{"name":"wp","href":"https:\/\/api.w.org\/{rel}","templated":true}]}}