{"id":12115,"date":"2020-03-10T12:47:31","date_gmt":"2020-03-10T11:47:31","guid":{"rendered":"https:\/\/wp.muchomaas.com\/article-les-italiens-sont-depasses-par-le-coronavirus-parce-qu-ils-pratiquent-l\/"},"modified":"2023-06-23T23:53:07","modified_gmt":"2023-06-23T21:53:07","slug":"article-les-italiens-sont-depasses-par-le-coronavirus-parce-qu-ils-pratiquent-l","status":"publish","type":"post","link":"https:\/\/archives.regards.fr\/?p=12115","title":{"rendered":"\u00ab Les Italiens sont d\u00e9pass\u00e9s par le coronavirus parce qu&#8217;ils pratiquent l&#8217;aust\u00e9rit\u00e9 depuis 10 ans \u00bb"},"content":{"rendered":"<p class=\"post_excerpt\">En pleine crise du COVID-19, les places financi\u00e8res vacillent. La Bourse de Paris a chut\u00e9 de 8,39%. Du jamais vu depuis 2008. Thomas Porcher, \u00e9conomiste et auteur de <em>Les D\u00e9laiss\u00e9s<\/em>, est l\u2019invit\u00e9 de #LaMidinale. <\/p>\n<h2>UNE MIDINALE \u00c0 VOIR&#8230;<\/h2>\n<p><iframe loading=\"lazy\" width=\"490\" height=\"276\" src=\"https:\/\/www.youtube.com\/embed\/yt0gleTQfAQ\" frameborder=\"0\" allow=\"accelerometer; autoplay; encrypted-media; gyroscope; picture-in-picture\" allowfullscreen><\/iframe><\/p>\n<p>&nbsp;<\/p>\n<p><h2>ET \u00c0 LIRE&#8230;<\/h2>\n<p><em>\u00a0<strong>Sur l\u2019impact du Coronavirus dans l\u2019\u00e9conomie<\/em>\u00a0<\/strong><br \/>\n\u00ab On a une triple crise : sanitaire, boursi\u00e8re et \u00e9conomique. \u00bb<br \/>\n\u00ab Il y a deux temporalit\u00e9s pour traiter cette crise : la premi\u00e8re, c\u2019est de faire en sorte que l\u2019\u00e9conomie reparte vite. La deuxi\u00e8me, c\u2019est de s\u2019interroger sur la fragilit\u00e9 de notre mod\u00e8le \u00e9conomique et la mondialisation. \u00bb<br \/>\n\u00ab La crise boursi\u00e8re est li\u00e9e \u00e0 l\u2019incertitude de la propagation du coronavirus. \u00bb<br \/>\n\u00ab Si on endigue la propagation du virus, les bourses vont repartir. \u00bb<br \/>\n\u00ab La crise \u00e9conomique est due au coronavirus et affecte les PME, les restaurateurs, les PME du tourisme, les transports et l\u00e0 il faut trouver des mesures de soutien pour que \u00e7a reparte. \u00bb<br \/>\n\u00ab Le but aujourd\u2019hui, c\u2019est de se concentrer sur la crise sanitaire et d\u2019oublier les d\u00e9ficits. \u00bb<br \/>\n\u00ab Aujourd\u2019hui, la question des d\u00e9ficits doit \u00eatre oubli\u00e9e : la vraie question est sanitaire. Tous les esprits doivent \u00eatre concentr\u00e9s l\u00e0-dessus. \u00bb<br \/>\n\u00ab Le plus important, ce n\u2019est pas la crise \u00e9conomique, c\u2019est la crise sanitaire. \u00bb<\/p>\n<p><em>\u00a0<strong>Sur l\u2019impact \u00e9conomique du virus sur les salari\u00e9s <\/em>\u00a0<\/strong><br \/>\n\u00ab Le probl\u00e8me, c\u2019est que si les PME n\u2019arrivent pas \u00e0 tenir, avant de fermer, elles vont devoir licencier. Et avec les lois travail, on peut licencier plus facilement. \u00bb<br \/>\n\u00ab Il faut des mesures pour que les PME puissent survivre et faire en sorte que la crise boursi\u00e8re ne se propage pas \u00e0 l\u2019\u00e9conomie r\u00e9elle parce que quand vous avez une baisse du profit, on compresse la masse salariale. \u00bb<\/p>\n<p><em>\u00a0<strong>Sur la capacit\u00e9 des \u00ab d\u00e9laiss\u00e9s \u00bb \u00e0 constituer une force majoritaire <\/em>\u00a0<\/strong><br \/>\n\u00ab Sur l\u2019\u00e9conomie, malgr\u00e9 les diff\u00e9rences g\u00e9ographiques, culturelles, sociales, les d\u00e9laiss\u00e9s peuvent se rendre compte qu\u2019il faut un autre mod\u00e8le \u00e9conomique qui les serve tous. \u00bb<br \/>\n\u00ab Si les Italiens n\u2019ont pas la capacit\u00e9 \u00e0 soigner, c\u2019est parce que \u00e7a fait dix ans qu\u2019ils pratiquent une aust\u00e9rit\u00e9 sur les services publics et sur l\u2019h\u00f4pital. Et nous en France, on en est pas loin. \u00bb<br \/>\n\u00ab Il faut r\u00e9unir toutes ces classes, les d\u00e9laiss\u00e9s, autour d\u2019un mod\u00e8le \u00e9conomique qui les serve plut\u00f4t que d\u2019opposer les pauvres. \u00bb<br \/>\n\u00ab On a 85%-90% de personnes qui sont d\u00e9laiss\u00e9es \u00e0 diff\u00e9rents niveaux : des cadres aux gilets jaunes, en passant par les agriculteurs ou les quartiers populaires. \u00bb<br \/>\n\u00ab L\u2019int\u00e9r\u00eat du cadre, m\u00eame si dans son vote il ne le mat\u00e9rialise pas, c\u2019est de ne pas s\u2019identifier aux 1% les plus riches mais plut\u00f4t aux gilets jaunes ou aux habitants des quartiers populaires. \u00bb<br \/>\n\u00ab Il faut faire de ces gens [gilets jaunes, cadres, agriculteurs, quartiers populaires] une force majoritaire. \u00bb<\/p>\n<p><em>\u00a0<strong>Sur l\u2019\u00e9narchie au sommet de l\u2019Etat<\/em>\u00a0<\/strong><br \/>\n\u00ab Aujourd\u2019hui, vous avez des hauts-fonctionnaires qui pondent des rapports pour casser de la cat\u00e9gorie B ou C ; ou pour casser les retraites et flexibiliser le march\u00e9 du travail ? \u00bb<br \/>\n\u00ab Les hauts fonctionnaires sont des lobbys au coeur de l\u2019Etat. \u00bb<br \/>\n\u00ab Il n\u2019y a plus d\u2019Etat strat\u00e8ge aujourd\u2019hui : la seule strat\u00e9gie de l\u2019Etat c\u2019est de casser les entreprises publiques et de les privatiser. \u00bb<br \/>\n\u00ab L\u2019Etat strat\u00e8ge a pour but de d\u00e9truire l\u2019Etat social et de lib\u00e9raliser une grande partie des entreprises publiques. \u00bb<\/p>\n<p><em>\u00a0<strong>Sur la sortie de l\u2019Union europ\u00e9enne<\/em>\u00a0<\/strong><br \/>\n\u00ab Aujourd\u2019hui, on a une matrice qui est pourrie de l\u2019int\u00e9rieur. \u00bb<br \/>\n\u00ab Chez les jeunes, vous avez une majorit\u00e9 de gens qui vous disent que l\u2019Europe n\u2019est plus une d\u00e9mocratie. Sur les questions climatiques, ils vous disent \u00e0 80% que l\u2019Europe n\u2019est pas \u00e0 la hauteur (\u2026). La jeunesse est tr\u00e8s lucide. \u00bb<br \/>\n\u00ab L\u2019Union europ\u00e9enne a pour but de fabriquer de l\u2019aust\u00e9rit\u00e9 budg\u00e9taire, de casser les services publics. \u00bb<br \/>\n\u00ab Pourquoi on ne ferait pas un rapport s\u00e9rieux pour avoir un sc\u00e9nario de sortie de la zone euro ? \u00bb<br \/>\n\u00ab La France a le poids \u00e9conomique pour prendre le lead. \u00bb<\/p>\n<p><em>\u00a0<strong>Sur la financiarisation de l\u2019\u00e9conomie <\/em>\u00a0<\/strong><br \/>\n\u00ab La politique industrielle est soumise \u00e0 la fluctuation des march\u00e9s financiers. \u00bb<br \/>\n\u00ab Le march\u00e9 est une vision \u00e0 court terme (\u2026). On a besoin d\u2019une strat\u00e9gie de long terme. \u00bb<br \/>\n\u00ab Il faudrait s\u00e9parer l\u2019activit\u00e9 des march\u00e9s financiers &#8211; qui pourraient couler sans probl\u00e8me &#8211; de l\u2019activit\u00e9 de financement de l\u2019\u00e9conomie r\u00e9elle dans les banques. \u00bb<br \/>\n\u00ab Il faut mettre dans les conseils d\u2019administration des banques des usagers, des politiques, l\u2019Etat. Dans ceux des entreprises, il faut mettre des salari\u00e9s mais aussi des collectivit\u00e9s locales. La d\u00e9cision ne peut pas \u00eatre seulement dans la main des actionnaires. \u00bb<\/p>\n<p><em>\u00a0<strong>Sur la probabilit\u00e9 de Le Pen en 2022<\/em>\u00a0<\/strong><br \/>\n\u00ab Si on ne change pas de mod\u00e8le \u00e9conomique, on va finir par avoir Le Pen ou quelqu\u2019un d\u2019autre du m\u00eame genre. \u00bb<div id='gallery-1' class='gallery galleryid-12115 gallery-columns-3 gallery-size-thumbnail'><figure class='gallery-item'>\n\t\t\t<div class='gallery-icon landscape'>\n\t\t\t\t<a href='https:\/\/archives.regards.fr\/wp-content\/uploads\/2020\/03\/capture_d_e_cran_2020-03-10_a_12-d15.34.35.png'><img loading=\"lazy\" decoding=\"async\" width=\"150\" height=\"150\" src=\"https:\/\/archives.regards.fr\/wp-content\/uploads\/2020\/03\/capture_d_e_cran_2020-03-10_a_12-d15.34.35-150x150.png\" class=\"attachment-thumbnail size-thumbnail\" alt=\"capture_d_e_cran_2020-03-10_a_12.34.35.png\" \/><\/a>\n\t\t\t<\/div><\/figure>\n\t\t<\/div>\n<\/p>\n","protected":false},"excerpt":{"rendered":"<p>En pleine crise du COVID-19, les places financi\u00e8res vacillent. La Bourse de Paris a chut\u00e9 de 8,39%. Du jamais vu depuis 2008. Thomas Porcher, \u00e9conomiste et auteur de <em>Les D\u00e9laiss\u00e9s<\/em>, est l\u2019invit\u00e9 de #LaMidinale. <\/p>\n","protected":false},"author":1039,"featured_media":28870,"comment_status":"open","ping_status":"open","sticky":false,"template":"","format":"standard","meta":{"_themeisle_gutenberg_block_has_review":false,"footnotes":""},"categories":[238],"tags":[517,293],"class_list":["post-12115","post","type-post","status-publish","format-standard","has-post-thumbnail","hentry","category-la-midinale","tag-covid-19","tag-entretien"],"_links":{"self":[{"href":"https:\/\/archives.regards.fr\/index.php?rest_route=\/wp\/v2\/posts\/12115","targetHints":{"allow":["GET"]}}],"collection":[{"href":"https:\/\/archives.regards.fr\/index.php?rest_route=\/wp\/v2\/posts"}],"about":[{"href":"https:\/\/archives.regards.fr\/index.php?rest_route=\/wp\/v2\/types\/post"}],"author":[{"embeddable":true,"href":"https:\/\/archives.regards.fr\/index.php?rest_route=\/wp\/v2\/users\/1039"}],"replies":[{"embeddable":true,"href":"https:\/\/archives.regards.fr\/index.php?rest_route=%2Fwp%2Fv2%2Fcomments&post=12115"}],"version-history":[{"count":0,"href":"https:\/\/archives.regards.fr\/index.php?rest_route=\/wp\/v2\/posts\/12115\/revisions"}],"wp:featuredmedia":[{"embeddable":true,"href":"https:\/\/archives.regards.fr\/index.php?rest_route=\/wp\/v2\/media\/28870"}],"wp:attachment":[{"href":"https:\/\/archives.regards.fr\/index.php?rest_route=%2Fwp%2Fv2%2Fmedia&parent=12115"}],"wp:term":[{"taxonomy":"category","embeddable":true,"href":"https:\/\/archives.regards.fr\/index.php?rest_route=%2Fwp%2Fv2%2Fcategories&post=12115"},{"taxonomy":"post_tag","embeddable":true,"href":"https:\/\/archives.regards.fr\/index.php?rest_route=%2Fwp%2Fv2%2Ftags&post=12115"}],"curies":[{"name":"wp","href":"https:\/\/api.w.org\/{rel}","templated":true}]}}