{"id":12092,"date":"2020-02-28T09:57:07","date_gmt":"2020-02-28T08:57:07","guid":{"rendered":"https:\/\/wp.muchomaas.com\/article-comment-le-49-3-va-sauver-vos-retraites\/"},"modified":"2020-02-28T09:57:07","modified_gmt":"2020-02-28T08:57:07","slug":"article-comment-le-49-3-va-sauver-vos-retraites","status":"publish","type":"post","link":"https:\/\/archives.regards.fr\/?p=12092","title":{"rendered":"Comment le 49.3 va sauver vos retraites"},"content":{"rendered":"<p class=\"post_excerpt\">L&#8217;ex\u00e9cutif va-t-il tenir sa r\u00e9forme des retraites sans passer par le recours au 49.3 ? Tout semble indiquer le contraire. Une envie de passage en force, au risque de voir ce texte si mal ficel\u00e9 retoqu\u00e9 par la suite.<\/p>\n<p>Depuis l&#8217;arriv\u00e9e du texte de la r\u00e9forme des retraites \u00e0 l&#8217;Assembl\u00e9e nationale la semaine derni\u00e8re, c&#8217;est le bordel, institutionnellement parlant. Il faut dire que l&#8217;opposition a su user de tous les outils \u00e0 sa disposition \u2013 et notamment du fameux droit d&#8217;amendement.<\/p>\n<p>&nbsp;<\/p>\n<p>\n<strong>LIRE AUSSI SUR REGARDS.FR<br \/>\n>><\/strong> <em><a href=\"https:\/\/wp.muchomaas.com\/politique\/article\/retraites-six-mensonges-d-etat\">Retraites : six mensonges d\u2019\u00c9tat<\/a><\/em><\/p>\n<p>&nbsp;<\/p>\n<p>Il n&#8217;est pas nouveau ni \u00e9tonnant de voir <a href=\"https:\/\/wp.muchomaas.com\/politique\/article\/ingerences-de-l-elysee-sur-le-parlement-tout-le-monde-s-en-fout\">la Macronie suer \u00e0 grosses gouttes face aux droits de l&#8217;opposition<\/a>. Au point de ne pas h\u00e9siter \u00e0 r\u00e9pandre quelques <em>fake news<\/em>. Avant la premi\u00e8re lecture du texte, 40.000 amendements ont \u00e9t\u00e9 d\u00e9pos\u00e9s, dont 23.000 uniquement par le groupe La France insoumise. Une \u00ab obstruction \u00bb tout ce qu&#8217;il y a de plus l\u00e9gal, n&#8217;en d\u00e9plaise aux d\u00e9put\u00e9s LREM et \u00e0 leur gouvernement. Agac\u00e9s, ces parlementaires sont all\u00e9s jusqu&#8217;\u00e0 <a href=\"https:\/\/www.liberation.fr\/checknews\/2020\/02\/21\/reforme-des-retraites-la-france-insoumise-a-t-elle-vraiment-depose-700-000-sous-amendements_1779211\">faire circuler aupr\u00e8s des journalistes<\/a> le chiffre de 700.000 sous-amendements, leur permettant de hurler au <em>\u00ab blocage institutionnel de notre pays \u00bb<\/em>. Imaginez ce qu&#8217;il faut de nerfs perdus pour que le <a href=\"https:\/\/www.marianne.net\/politique\/la-republique-c-est-nous-et-vous-vous-n-etes-rien-l-assemblee-la-majorite-bafoue-le\">co-rapporteur du texte \u00e9ructe \u00e0 l&#8217;opposition<\/a> : <em>\u00ab La R\u00e9publique c\u2019est nous, et que vous vous n\u2019\u00eates rien \u00bb<\/em> !<\/p>\n<p>Dommage, LFI n&#8217;a d\u00e9pos\u00e9 que 141 sous-amendements, explique le pr\u00e9sident du groupe Jean-Luc M\u00e9lenchon, ajoutant : <em>\u00ab Je les accuse de vouloir pr\u00e9parer un 49.3 et de vouloir chauffer l\u2019opinion en donnant l\u2019impression du chaos dans l\u2019h\u00e9micycle \u00bb<\/em>.<\/p>\n<p>D&#8217;ailleurs, ce m\u00eame Jean-Luc M\u00e9lenchon a d\u00e9clar\u00e9 sur LCI : <em>\u00ab Je suis plut\u00f4t pour qu&#8217;on fasse baisser le ton, je suis pour un d\u00e9bat avec des normes humaines \u00bb<\/em>. La bataille des amendements est termin\u00e9e. Et pour cause, la strat\u00e9gie de l&#8217;obstruction apr\u00e8s la mobilisation, ce sc\u00e9nario peut-il d\u00e9boucher sur autre chose que l&#8217;adoption du texte, sous quelques formes que ce soit, au risque du 49.3 ?<\/p>\n<h2>Une d\u00e9mocratie \u00e0 la d\u00e9finition mouvante<\/h2>\n<p>Car derri\u00e8re tout le tintamarre parlementaire, une id\u00e9e perce le brouillard de cette r\u00e9forme : le passage en force. \u00c0 vrai dire, tout le monde y pense depuis un moment. L&#8217;opposition accuse. La CFDT le redoute. Mais la nouveaut\u00e9, c&#8217;est cette Macronie qui veut l&#8217;assumer, \u00e0 mots \u00e0 peine couverts. Si l&#8217;opposition a des droits l\u00e9gaux et constitutionnels, l&#8217;ex\u00e9cutif et la majorit\u00e9 aussi. Parmi eux, le 49.3. Pour le coup, la majorit\u00e9 parlementaire s&#8217;offusque nettement moins face \u00e0 cette id\u00e9e. Quoique\u2026 Le patron des d\u00e9put\u00e9s LREM <a href=\"https:\/\/www.lemonde.fr\/politique\/article\/2020\/02\/25\/reforme-des-retraites-la-majorite-veut-modifier-le-texte-meme-en-cas-d-utilisation-du-49-3_6030778_823448.html\">Gilles Le Gendre n&#8217;a rien contre l&#8217;id\u00e9e du 49.3<\/a>, mais il pr\u00e9f\u00e9rerait que <em>\u00ab \u00e7a ne doit pas \u00eatre un 49.3 couperet, b\u00eate et m\u00e9chant, prenant tel quel le texte initial \u00bb<\/em>, comprenez : oui au 49.3, mais en tenant compte des amendements de la majorit\u00e9. Quel syst\u00e8me politique merveilleux o\u00f9 l&#8217;opposition est tout bonnement effac\u00e9e de l&#8217;histoire, o\u00f9 les pouvoirs s\u00e9par\u00e9s s&#8217;\u00e9pousent au grand jour !<\/p>\n<p>LREM joue la carte suivante : si 49.3 il y a, c&#8217;est tout la faute des insoumis et des communistes. Ah bon ? 33 d\u00e9put\u00e9s auraient un tel pouvoir face \u00e0 une confortable majorit\u00e9 absolue \u00e0 l&#8217;Assembl\u00e9e ? Seront dupes ceux qui veulent bien l&#8217;\u00eatre mais m\u00eame pour certains membres de cette majorit\u00e9, <a href=\"https:\/\/www.liberation.fr\/amphtml\/france\/2020\/02\/25\/493-des-insoumis-aux-marcheurs-la-peur-du-pire_1779613?__twitter_impression=true\">la magouille semble un peu grosse<\/a>.<\/p>\n<p>Reste \u00e0 savoir quand Emmanuel Macron \u2013 car il est le seul ma\u00eetre des horloges, n&#8217;oublions pas \u2013 enclenchera la proc\u00e9dure. Il se dit que le Pr\u00e9sident veut faire adopter la r\u00e9forme avant les municipales. Pourquoi donc ? Pour aller vite, tout bonnement ? Il est vrai qu&#8217;\u00e0 ce rythme (un article adopt\u00e9 apr\u00e8s une semaine de d\u00e9bat), l&#8217;Assembl\u00e9e ne finirait l&#8217;examen du texte qu&#8217;\u00e0 l&#8217;automne. Heureusement que la proc\u00e9dure acc\u00e9l\u00e9r\u00e9e est invoqu\u00e9e !<\/p>\n<p>Mais on a vu pire : <a href=\"https:\/\/www.franceinter.fr\/emissions\/questions-politiques\/questions-politiques-23-fevrier-2020\">comme le rappelait Adrien Quatennens dimanche dernier<\/a>, la privatisation d&#8217;EDF en 2006, c&#8217;\u00e9tait 137.000 amendements et la privatisation de TF1 des semaines de d\u00e9bats. La Macronie croit vraiment avoir affaire \u00e0 une s\u00e9quence exceptionnellement dure ? Et depuis quand la vitesse du l\u00e9gislatif est-elle un gage de grandeur ? Sans vouloir d\u00e9fendre la droite gaulliste qui a mis en place cette monarchie parlementaire, Michel Debr\u00e9 lui-m\u00eame vantait le temps long de la cr\u00e9ation de la loi. Ah, l&#8217;Ancien Monde ! Si romantique\u2026 Avec Macron, on va plus vite, plus loin, plus fort !<\/p>\n<h2>Motion de censure = enfin de la politique !<\/h2>\n<p>Il va sans dire que le 49.3, les Fran\u00e7ais n&#8217;aiment pas trop \u00e7a. Mais r\u00e9jouissez-vous, gr\u00e2ce \u00e0 cela, nous allons enfin vivre un moment purement politique ! Qui dit 49.3 dit motion de censure. Toute l&#8217;opposition, de droite comme de gauche, est sur les starting-blocks. Car, qui dit motion de censure \u2013 n&#8217;allez pas croire que l&#8217;Assembl\u00e9e va renverser le gouvernement et faire capoter la loi, oh, l\u00e0, comme vous y allez ! \u2013 dit discours des pr\u00e9sidents de groupe, enfin (mais \u00e0 la fin) des paroles politiques, projet de soci\u00e9t\u00e9 contre projet de soci\u00e9t\u00e9. Car depuis le d\u00e9but, on ne peut pas dire que la politique ait \u00e9t\u00e9 au rendez-vous &#8211; les deux minutes de prise de parole n&#8217;ont pas aid\u00e9, d&#8217;ailleurs. On peut m\u00eame donner raison \u00e0 Laurent Berger qui, sur France Inter, d\u00e9plore que personne n&#8217;ait simplement justifi\u00e9 la raison d&#8217;\u00eatre du projet de r\u00e9forme (\u00e9quilibre financier mis \u00e0 part).<\/p>\n<p>Le d\u00e9bat politique ne peut rester au strict niveau du nombre d\u2019annuit\u00e9s, de l\u2019\u00e2ge-pivot, de la d\u00e9finition de la p\u00e9nibilit\u00e9 et des masses budg\u00e9taires en jeu. Non, il faut que l\u2019on puisse voir, dans les d\u00e9bats, se dessiner les diff\u00e9rentes soci\u00e9t\u00e9s qui sont pr\u00f4n\u00e9es par chacune des forces politiques en pr\u00e9sence. D\u00e9passer le cadre l\u00e9gicentriste impos\u00e9 par la droite macroniste pour v\u00e9ritablement entrer dans la d\u00e9finition de la soci\u00e9t\u00e9 de demain, tel est le v\u00e9ritable enjeu. Car l\u2019Assembl\u00e9e nationale a d\u00e9j\u00e0 \u00e9t\u00e9, de part le pass\u00e9, le lieu de ce type de d\u00e9bats : comme l\u2019a rappel\u00e9 Jean-Luc M\u00e9lenchon lui-m\u00eame en s\u00e9ance, Jean Jaur\u00e8s ne s\u2019est pas g\u00ean\u00e9 lorsqu\u2019\u00e0 la tribune il s\u2019est livr\u00e9 \u00e0 une puissante d\u00e9finition de ce qu\u2019\u00e9tait le socialisme.<\/p>\n<p>En bout de course, \u00c9douard Philippe semble \u00eatre le seul \u00e0 douter de la pertinence du 49.3. C&#8217;est son c\u00f4t\u00e9 jupp\u00e9iste. Il faut reconna\u00eetre au Premier ministre d&#8217;\u00eatre le seul du clan \u00e0 remonter un peu le niveau \u2013 pas pour rien qu&#8217;il est \u00e0 Matignon. H\u00e9las, lui sait ce qui attend la r\u00e9forme : la censure du Conseil constitutionnel. \u00c0 ce jeu-l\u00e0, la figure du Pr\u00e9sident-Prince ne peut pas gagner. C&#8217;est LA bombe \u00e0 retardement qui attend Emmanuel Macron. Le Conseil constitutionnel censurera-t-il tout ou partie de la r\u00e9forme ? Comme le recours \u00e0 29 ordonnances pour combler le \u00ab texte de loi \u00e0 trous \u00bb ou ses innombrables faiblesses comptables ? Ce serait de fait une humiliation sans nom. Deux personnes en d\u00e9tiennent la cl\u00e9 : Laurent Fabius, pr\u00e9sident du Conseil, et Alain Jupp\u00e9, membre si\u00e9geant. Le premier aura-t-il le courage ? Le second aura-t-il la revanche tenace ? Voil\u00e0 tout ce \u00e0 quoi tiennent vos retraites, et surtout celles de vos enfants, si aucun grand r\u00e9cit ne vient les transcender.<\/p>\n<p>&nbsp;<\/p>\n<p>\n<a href=\"https:\/\/wp.muchomaas.com\/auteur\/loic-le-clerc\"><strong>Lo\u00efc Le Clerc<\/strong><\/a> et <a href=\"https:\/\/wp.muchomaas.com\/auteur\/pablo-pillaud-vivien-2445\"><strong>Pablo Pillaud-Vivien<\/strong><\/a><\/p>\n","protected":false},"excerpt":{"rendered":"<p>L&#8217;ex\u00e9cutif va-t-il tenir sa r\u00e9forme des retraites sans passer par le recours au 49.3 ? Tout semble indiquer le contraire. Une envie de passage en force, au risque de voir ce texte si mal ficel\u00e9 retoqu\u00e9 par la suite.<\/p>\n","protected":false},"author":1203,"featured_media":0,"comment_status":"open","ping_status":"open","sticky":false,"template":"","format":"standard","meta":{"_themeisle_gutenberg_block_has_review":false,"footnotes":""},"categories":[6],"tags":[508,505,308],"class_list":["post-12092","post","type-post","status-publish","format-standard","hentry","category-actu","tag-assemblee-nationale","tag-macronie","tag-retraite"],"_links":{"self":[{"href":"https:\/\/archives.regards.fr\/index.php?rest_route=\/wp\/v2\/posts\/12092","targetHints":{"allow":["GET"]}}],"collection":[{"href":"https:\/\/archives.regards.fr\/index.php?rest_route=\/wp\/v2\/posts"}],"about":[{"href":"https:\/\/archives.regards.fr\/index.php?rest_route=\/wp\/v2\/types\/post"}],"author":[{"embeddable":true,"href":"https:\/\/archives.regards.fr\/index.php?rest_route=\/wp\/v2\/users\/1203"}],"replies":[{"embeddable":true,"href":"https:\/\/archives.regards.fr\/index.php?rest_route=%2Fwp%2Fv2%2Fcomments&post=12092"}],"version-history":[{"count":0,"href":"https:\/\/archives.regards.fr\/index.php?rest_route=\/wp\/v2\/posts\/12092\/revisions"}],"wp:attachment":[{"href":"https:\/\/archives.regards.fr\/index.php?rest_route=%2Fwp%2Fv2%2Fmedia&parent=12092"}],"wp:term":[{"taxonomy":"category","embeddable":true,"href":"https:\/\/archives.regards.fr\/index.php?rest_route=%2Fwp%2Fv2%2Fcategories&post=12092"},{"taxonomy":"post_tag","embeddable":true,"href":"https:\/\/archives.regards.fr\/index.php?rest_route=%2Fwp%2Fv2%2Ftags&post=12092"}],"curies":[{"name":"wp","href":"https:\/\/api.w.org\/{rel}","templated":true}]}}