{"id":12067,"date":"2020-02-17T14:30:00","date_gmt":"2020-02-17T13:30:00","guid":{"rendered":"https:\/\/wp.muchomaas.com\/article-retraites-face-aux-paroles-trompeuses-des-personnages-officiels-une-assemblee\/"},"modified":"2023-07-03T14:32:23","modified_gmt":"2023-07-03T12:32:23","slug":"article-retraites-face-aux-paroles-trompeuses-des-personnages-officiels-une-assemblee","status":"publish","type":"post","link":"https:\/\/archives.regards.fr\/?p=12067","title":{"rendered":"Retraites : face aux paroles trompeuses des personnages officiels, une Assembl\u00e9e populaire !"},"content":{"rendered":"<p class=\"post_excerpt\">Ce qui est universel dans la r\u00e9forme des retraites, c\u2019est de faire travailler tout le monde plus longtemps. C&#8217;est la seule v\u00e9rit\u00e9 que l&#8217;ex\u00e9cutif et sa majorit\u00e9 taisent, pr\u00e9f\u00e9rant multiplier les mensonges.<\/p>\n<p>La cr\u00e9ation d\u2019un comit\u00e9 de soutien aux mobilisations sociales et son initiative d\u2019<a href=\"https:\/\/twitter.com\/Regards_fr\/status\/1229333669388656641\">une Assembl\u00e9e populaire contre la r\u00e9forme, ce lundi 17 f\u00e9vrier<\/a>, jour d\u2019ouverture de l\u2019examen du projet \u00e0 l\u2019Assembl\u00e9e nationale, sont particuli\u00e8rement bienvenues. La politique est en crise quand elle n\u2019est plus la sph\u00e8re de la vie commune o\u00f9 les hommes partagent des paroles et des actes. C\u2019est ainsi qu\u2019adviennent <em>\u00ab les temps sombres \u00bb<\/em>, alertait Hannah Arendt dans un propos d\u2019une saisissante actualit\u00e9 :<\/p>\n<p><quote>\u00ab Car, jusqu\u2019au moment pr\u00e9cis o\u00f9 la catastrophe atteignit tout et tout le monde, elle \u00e9tait dissimul\u00e9e non par des r\u00e9alit\u00e9s mais par les paroles, les paroles trompeuses et parfaitement efficaces de presque tous les personnages officiels qui trouvaient continuellement, et dans de nombreuses variantes, une explication satisfaisante des \u00e9v\u00e9nements pr\u00e9occupants et des craintes justifi\u00e9es. Quand nous pensons aux sombres temps et \u00e0 ceux qui y vivent et y \u00e9voluent, il nous faut prendre en compte ce camouflage d\u00fb \u00e0 &#8220;l\u2019establishment&#8221; \u2013 ou au &#8220;syst\u00e8me&#8221; comme on disait alors \u2013 et g\u00e9n\u00e9ralis\u00e9 par lui. S\u2019il appartient au domaine public de faire la lumi\u00e8re sur les affaires des hommes en m\u00e9nageant un espace d\u2019apparition o\u00f9 ils puissent montrer, pour le meilleur et pour le pire, par des actions et des paroles, qui ils sont et ce dont ils sont capables, alors l\u2019obscurit\u00e9 se fait lorsque cette lumi\u00e8re est \u00e9teinte par des &#8220;crises de confiance&#8221; et un &#8220;gouvernement invisible&#8221;, par une parole qui ne d\u00e9voile pas ce qui est mais le recouvre d\u2019exhortations \u2013 morales ou autres \u2013 qui, sous pr\u00e9texte de d\u00e9fendre les vieilles v\u00e9rit\u00e9s, rabaissent toute v\u00e9rit\u00e9 au niveau d\u2019une trivialit\u00e9 d\u00e9nu\u00e9e de sens \u00bb.<\/p>\n<p>Hannah Arendt, <em>Pr\u00e9face \u00e0 Vies politiques<\/em> (janvier 1968)<\/quote><\/p>\n<p>Or c\u2019est bien ainsi que <em>\u00ab les personnages officiels \u00bb<\/em> parlent sur la r\u00e9forme des retraites. <a href=\"https:\/\/wp.muchomaas.com\/politique\/article\/pourquoi-la-reforme-des-retraites-n-est-pas-juste\">Le 11 d\u00e9cembre 2019<\/a>, Edouard Philippe a pr\u00e9sent\u00e9 au nom du gouvernement, la r\u00e9forme des retraites sous le triptyque : <em>\u00ab Plus simple, plus juste, pour tous \u00bb<\/em>. Il a parl\u00e9 <em>\u00ab d\u2019un syst\u00e8me qui prot\u00e8ge mieux face aux al\u00e9as de carri\u00e8re \u00bb<\/em>, <em>\u00ab d\u2019une p\u00e9nibilit\u00e9 mieux prise en compte et \u00e9largie \u00e0 tous les r\u00e9gimes \u00bb<\/em>, <em>\u00ab d\u2019un nouveau mod\u00e8le de gouvernance et de pilotage pour r\u00e9tablir la confiance des Fran\u00e7ais dans notre syst\u00e8me \u00bb<\/em>, <em>\u00ab de garanties pour les enseignants et de droits nouveaux pour les fonctionnaires \u00bb<\/em>, <em>\u00ab de droits familiaux qui b\u00e9n\u00e9ficieront davantage aux femmes \u00bb<\/em>, <em>\u00ab d\u2019un \u00e2ge d\u2019\u00e9quilibre qui favorise les carri\u00e8res courtes et hach\u00e9es \u00bb<\/em>. Autant d\u2019affirmations, autant de paroles trompeuses qui ont produit chez les Fran\u00e7ais la col\u00e8re l\u00e9gitime d\u2019\u00eatre pris pour ce qu\u2019ils ne sont pas.<\/p>\n<p>&nbsp;<\/p>\n<p>\n<strong>LIRE AUSSI SUR REGARDS.FR<br \/>\n>><\/strong> <em><a href=\"https:\/\/wp.muchomaas.com\/politique\/article\/retraites-six-mensonges-d-etat\">Retraites : six mensonges d\u2019\u00c9tat<\/a><\/em><\/p>\n<p>&nbsp;<\/p>\n<p><h2>\u00ab Index\u00e9e sur les salaires \u00bb<\/h2>\n<p>Le Premier ministre avait par exemple affirm\u00e9 ce jour-l\u00e0 que <em>\u00ab la loi pr\u00e9voira une r\u00e8gle d&#8217;or pour que la valeur des points acquis ne puisse pas baisser et avec une indexation non pas sur les prix mais sur les salaires, qui progressent plus vite que l&#8217;inflation en France <\/em>. En r\u00e9alit\u00e9, l\u2019article 9 du projet de loi indique, lui, qu\u2019elle suivra <em>\u00ab l\u2019\u00e9volution annuelle du revenu moyen par t\u00eate \u00bb<\/em>. Un amendement gouvernemental en commission sp\u00e9ciale de l&#8217;Assembl\u00e9e nationale a modifi\u00e9 en <em>\u00ab revenu d\u2019activit\u00e9 moyen par t\u00eate \u00bb<\/em>.<\/p>\n<p>M. Pietraszewski, secr\u00e9taire d\u2019\u00c9tat aux Retraites, a reconnu que cet indicateur <em>\u00ab aujourd\u2019hui n\u2019existe pas \u00bb<\/em> et reste <em>\u00ab \u00e0 cr\u00e9er \u00bb<\/em>. Pourquoi ce changement ? Parce que justifie maintenant le gouvernement, le syst\u00e8me sera universel. Le point ne va pas concerner les seuls salari\u00e9s, mais les revenus des ind\u00e9pendants, des fonctionnaires. Il faut donc constituer un indicateur qui concerne toutes ces populations.<\/p>\n<p>En fait de d\u00e9fense du pouvoir d\u2019achat des retraites des salari\u00e9s, concr\u00e8tement cela donne ceci, expliquent les \u00c9conomistes atterr\u00e9s : en 2019, le salaire moyen par t\u00eate du secteur priv\u00e9 a augment\u00e9 de 2,1% ; celui du secteur public a augment\u00e9 de 1,5% ; le revenu moyen par t\u00eate des non-salari\u00e9s a diminu\u00e9 de 1,1%. Avec une pond\u00e9ration (60% secteur priv\u00e9 ; 28% secteur public ; 12% non-salari\u00e9s), la hausse du revenu moyen d\u2019activit\u00e9 est de 1,4%.<\/p>\n<p>Passer d\u2019une indexation sur le salaire moyen \u00e0 une indexation sur le revenu moyen permet de faire passer la hausse maximale de la valeur du point de 2,1% (1% en pouvoir d\u2019achat) \u00e0 1,4% (0,3% en pouvoir d\u2019achat). Et il ne s\u2019agit pas seulement de 2019. Depuis 2012, les salaires ont augment\u00e9 d&#8217;environ 14%, alors que les ressources des ind\u00e9pendants n&#8217;ont progress\u00e9 que de 4%.<\/p>\n<h2>\u00ab Une r\u00e9forme puissamment redistributive envers les cat\u00e9gories les plus modestes \u00bb<\/h2>\n<p><em>\u00ab Je suis surprise qu\u2019un journaliste ne sache pas qu\u2019il n\u2019y a plus de gr\u00e8ve en France \u00bb<\/em>, pr\u00e9tend le 5 f\u00e9vrier 2020, Nathalie Loiseau, en r\u00e9ponse \u00e0 un journaliste de la BBC. Le 11 f\u00e9vrier 2020 sur Europe 1, Sibeth Ndiaye, porte-parole du gouvernement, affirme : <em>\u00ab C\u2019est la r\u00e9forme la plus \u00e0 gauche du quinquennat, parce que c\u2019est une r\u00e9forme qui est puissamment redistributive envers les cat\u00e9gories de Fran\u00e7ais les plus modestes \u00bb<\/em>. <\/p>\n<p>En r\u00e9alit\u00e9 m\u00eame les chiffres fournis par le gouvernement \u00e9tablissent que <em>\u00ab les cadres sup\u00e9rieurs gagnent \u00e0 la r\u00e9forme des retraites, quel que soit l\u2019\u00e2ge de d\u00e9part \u00bb<\/em>. Et ils sont pratiquement les seuls. C\u2019est inscrit dans les g\u00e8nes de la r\u00e9forme. L\u2019\u00e9conomiste Michael <a href=\"https:\/\/www.lemonde.fr\/idees\/article\/2020\/02\/05\/retraites-les-cadres-superieurs-gagnent-a-la-reforme-quel-que-soit-l-age-de-depart_6028468_3232.html\">Zemmour l\u2019a tr\u00e8s clairement expliqu\u00e9<\/a> :<\/p>\n<blockquote><p>\u00ab Il y a en effet dans le syst\u00e8me actuel un taux de remplacement plus favorable pour la part du salaire inf\u00e9rieure \u00e0 3428 euros (le plafond de la S\u00e9curit\u00e9 sociale) que pour la part du salaire qui d\u00e9passe le plafond de la S\u00e9curit\u00e9 sociale (uniquement concern\u00e9e par l\u2019Agirc Arrco). Ainsi une personne employ\u00e9e \u00e0 carri\u00e8re compl\u00e8te part \u00e0 la retraite avec environ 75% de son dernier salaire net, alors qu\u2019une personne cadre sup\u00e9rieur part avec environ 55%. Cette diff\u00e9rence est en partie li\u00e9e au taux de cotisations actuellement plus faible au-dessus du plafond de la S\u00e9curit\u00e9 sociale, mais aussi \u00e0 des transferts plus importants de l\u2019Etat vers le r\u00e9gime g\u00e9n\u00e9ral. Autrement dit, 1 euro cotis\u00e9 aujourd\u2019hui sur un bas salaire donne plus de droits que sur un haut salaire, ce qui g\u00e9n\u00e8re une forme de redistribution. Mais, avec le passage au syst\u00e8me universel, &#8220;1 euro cotis\u00e9 donne les m\u00eame droits&#8221;, comme le mart\u00e8le le gouvernement : la distinction entre r\u00e9gime g\u00e9n\u00e9ral et retraite compl\u00e9mentaire dispara\u00eet, et avec elle un important facteur de redistribution ! [&#8230;] On peut \u00e9galement s\u2019inqui\u00e9ter d\u2019un second m\u00e9canisme anti-redistributif : l\u2019abandon d\u2019une logique de dur\u00e9e au profit d\u2019une logique d\u2019\u00e2ge d\u2019\u00e9quilibre. Avec le passage \u00e0 l\u2019\u00e2ge d\u2019\u00e9quilibre, une personne ayant commenc\u00e9 \u00e0 travailler \u00e0 25 ans pourrait partir \u00e0 65 ans, apr\u00e8s quarante ans de carri\u00e8re, avec la m\u00eame d\u00e9cote qu\u2019une personne ayant commenc\u00e9 \u00e0 travailler \u00e0 20 ans apr\u00e8s quarante-cinq ans de carri\u00e8re. Ce m\u00e9canisme avantage les personnes ayant fait de longues \u00e9tudes, surtout si celles-ci d\u00e9bouchent sur un emploi bien r\u00e9mun\u00e9r\u00e9. \u00bb<\/p><\/blockquote>\n<h2>\u00ab Instaurer des r\u00e8gles de p\u00e9nibilit\u00e9 universelles \u00bb<\/h2>\n<p><em>\u00ab La r\u00e9mun\u00e9ration des enseignants \u00bb<\/em> doit faire l\u2019objet d\u2019une <em>\u00ab revalorisation massive \u00bb<\/em>, pr\u00e9tend toujours le candidat \u00e0 la mairie du Havre (et Premier ministre) le 13 f\u00e9vrier 2020 \u00e0 l\u2019H\u00f4tel Matignon. Le m\u00eame jour, sur la question de la p\u00e9nibilit\u00e9, il ass\u00e8ne : <em>\u00ab Nous avons ainsi d\u00e9cid\u00e9 de tout remettre \u00e0 plat pour instaurer des r\u00e8gles de p\u00e9nibilit\u00e9 universelles. Ce qui implique de transformer, comme l\u2019a souhait\u00e9 le pr\u00e9sident de la R\u00e9publique, une logique de statut en une prise en compte \u00e9quitable de la p\u00e9nibilit\u00e9. \u00bb<\/em><\/p>\n<p>En r\u00e9alit\u00e9 la sortie d\u2019une logique de statut qu\u2019a souhait\u00e9e le pr\u00e9sident de la R\u00e9publique consiste \u00e0 la maintenir pour les seuls fonctionnaires <em>\u00ab exer\u00e7ant certaines fonctions r\u00e9galiennes [&#8230;] de s\u00e9curit\u00e9, de surveillance ou de contr\u00f4le \u00bb<\/em>.[[Projet de loi section 2 et article 36]] En dehors de ceux-l\u00e0, ce qui est universel dans la r\u00e9forme, c\u2019est de faire travailler tout le monde plus longtemps.<\/p>\n<p>&nbsp;<\/p>\n<p>\n<a href=\"https:\/\/wp.muchomaas.com\/auteur\/bernard-marx\"><strong>Bernard Marx<\/strong><\/a><div id='gallery-1' class='gallery galleryid-12067 gallery-columns-3 gallery-size-thumbnail'><figure class='gallery-item'>\n\t\t\t<div class='gallery-icon landscape'>\n\t\t\t\t<a href='https:\/\/archives.regards.fr\/wp-content\/uploads\/2020\/02\/befunky-collage-184-f46-scaled.jpg'><img loading=\"lazy\" decoding=\"async\" width=\"150\" height=\"150\" src=\"https:\/\/archives.regards.fr\/wp-content\/uploads\/2020\/02\/befunky-collage-184-f46-150x150.jpg\" class=\"attachment-thumbnail size-thumbnail\" alt=\"befunky-collage-184.jpg\" \/><\/a>\n\t\t\t<\/div><\/figure>\n\t\t<\/div>\n<\/p>\n","protected":false},"excerpt":{"rendered":"<p>Ce qui est universel dans la r\u00e9forme des retraites, c\u2019est de faire travailler tout le monde plus longtemps. C&#8217;est la seule v\u00e9rit\u00e9 que l&#8217;ex\u00e9cutif et sa majorit\u00e9 taisent, pr\u00e9f\u00e9rant multiplier les mensonges.<\/p>\n","protected":false},"author":1240,"featured_media":28770,"comment_status":"open","ping_status":"open","sticky":false,"template":"","format":"standard","meta":{"_themeisle_gutenberg_block_has_review":false,"footnotes":""},"categories":[272],"tags":[308],"class_list":["post-12067","post","type-post","status-publish","format-standard","has-post-thumbnail","hentry","category-mad-marx","tag-retraite"],"_links":{"self":[{"href":"https:\/\/archives.regards.fr\/index.php?rest_route=\/wp\/v2\/posts\/12067","targetHints":{"allow":["GET"]}}],"collection":[{"href":"https:\/\/archives.regards.fr\/index.php?rest_route=\/wp\/v2\/posts"}],"about":[{"href":"https:\/\/archives.regards.fr\/index.php?rest_route=\/wp\/v2\/types\/post"}],"author":[{"embeddable":true,"href":"https:\/\/archives.regards.fr\/index.php?rest_route=\/wp\/v2\/users\/1240"}],"replies":[{"embeddable":true,"href":"https:\/\/archives.regards.fr\/index.php?rest_route=%2Fwp%2Fv2%2Fcomments&post=12067"}],"version-history":[{"count":0,"href":"https:\/\/archives.regards.fr\/index.php?rest_route=\/wp\/v2\/posts\/12067\/revisions"}],"wp:featuredmedia":[{"embeddable":true,"href":"https:\/\/archives.regards.fr\/index.php?rest_route=\/wp\/v2\/media\/28770"}],"wp:attachment":[{"href":"https:\/\/archives.regards.fr\/index.php?rest_route=%2Fwp%2Fv2%2Fmedia&parent=12067"}],"wp:term":[{"taxonomy":"category","embeddable":true,"href":"https:\/\/archives.regards.fr\/index.php?rest_route=%2Fwp%2Fv2%2Fcategories&post=12067"},{"taxonomy":"post_tag","embeddable":true,"href":"https:\/\/archives.regards.fr\/index.php?rest_route=%2Fwp%2Fv2%2Ftags&post=12067"}],"curies":[{"name":"wp","href":"https:\/\/api.w.org\/{rel}","templated":true}]}}