{"id":12064,"date":"2020-02-17T06:00:00","date_gmt":"2020-02-17T05:00:00","guid":{"rendered":"https:\/\/wp.muchomaas.com\/article-tribune-apres-avoir-cite-joseph-goebbels-jean-christophe-lagarde-doit-partir\/"},"modified":"2023-06-23T23:51:53","modified_gmt":"2023-06-23T21:51:53","slug":"article-tribune-apres-avoir-cite-joseph-goebbels-jean-christophe-lagarde-doit-partir","status":"publish","type":"post","link":"https:\/\/archives.regards.fr\/?p=12064","title":{"rendered":"TRIBUNE. Apr\u00e8s avoir cit\u00e9 Joseph Goebbels, Jean-Christophe Lagarde doit partir !"},"content":{"rendered":"<p class=\"post_excerpt\">Apr\u00e8s la publication dans <em>Le Point<\/em> d&#8217;un dossier consacr\u00e9 au communautarisme illustr\u00e9 par sa photographie, le d\u00e9put\u00e9 UDI Jean-Christophe Lagarde a publi\u00e9 un communiqu\u00e9 dans lequel il cite explicitement le ministre nazi Joseph Goebbels. Thomas Portes, syndicaliste et auteur de <em>Au coeur de la haine<\/em>, demande sa d\u00e9mission.<\/p>\n<p>Alors que les yeux sont riv\u00e9s sur l\u2019\u00ab affaire \u00bb Benjamin Griveaux, un autre fait politique majeur est totalement pass\u00e9 sous silence. Jeudi 13 f\u00e9vrier, il est tr\u00e8s exactement 9h02 quand Jean-Christophe Lagarde, d\u00e9put\u00e9 UDI de Seine-Saint-Denis, publie un communiqu\u00e9 de presse pour r\u00e9pondre aux accusations du journal <a href=\"https:\/\/boutique.lepoint.fr\/communautarisme-pactes-avec-des-voyous-des-islamistes-ces-elus-qui-ont-vendu-leur-ame-1485\"><em>Le Point<\/em><\/a>. Jusque-l\u00e0, rien de surprenant. La conclusion, elle, sera gla\u00e7ante : <em>\u00ab Plus le mensonge est gros, plus il passe \u00bb<\/em>. Ces mots sont ceux de Joseph Goebbels, ministre de la propagande d\u2019Adolf Hitler. Pour \u00eatre s\u00fbr de bien se faire comprendre, Monsieur Lagarde a clairement pr\u00e9cis\u00e9 dans son communiqu\u00e9 le nom de l\u2019auteur de cette citation. Surr\u00e9aliste.<\/p>\n<p>&nbsp;<\/p>\n<p>\n<strong>LIRE AUSSI SUR REGARDS.FR<br \/>\n>><\/strong> <em><a href=\"https:\/\/wp.muchomaas.com\/politique\/article\/refugies-immigration-faut-il-capituler-devant-marine-le-pen\">Faut-il capituler devant Marine Le Pen ?<\/a><\/em><\/p>\n<p>&nbsp;<\/p>\n<p>Comment peut-on accepter qu\u2019un d\u00e9put\u00e9 de la Nation cite Joseph Goebbels, un fanatique nazi, ardent d\u00e9fenseur de la violence physique, organisateur du boycott g\u00e9n\u00e9ral des magasins juifs le 1er avril 1933 et qui dira, le 10 novembre 1938, lors de la Nuit de Cristal <em>\u00ab des vitres volent en \u00e9clats. Bravo, bravo ! Dans toutes les grandes villes, les synagogues br\u00fblent \u00bb<\/em> ?<\/p>\n<p>Cette nouvelle sortie gravissime s\u2019inscrit dans un contexte politique particuli\u00e8rement naus\u00e9abond. Apr\u00e8s avoir tent\u00e9 de r\u00e9habiliter le Mar\u00e9chal P\u00e9tain en d\u00e9but de quinquennat, Emmanuel Macron a accord\u00e9 le 25 septembre dernier, un entretien exclusif au m\u00e9dia d\u2019extr\u00eame droite <em>Valeurs Actuelles<\/em> \u2013 une premi\u00e8re pour un pr\u00e9sident de la R\u00e9publique en exercice. Le timing de cette interview, quelques jours apr\u00e8s l\u2019attentat de Bayonne, ne doit rien au hasard : il rel\u00e8ve d\u2019une strat\u00e9gie politique extr\u00eamement dangereuse qui vise \u00e0 faire monter l\u2019extr\u00eame droite pour se pr\u00e9senter comme son seul rempart.<\/p>\n<p>Sa nouvelle r\u00e9cidive (il a cit\u00e9 Charles Maurras devant les d\u00e9put\u00e9s LREM il y a quelques jours) doit nous interroger collectivement sur cette banalisation de l\u2019extr\u00eame droite. Tr\u00e8s peu de responsables politiques, associatifs ou syndicaux, et je le regrette, ont r\u00e9agi aux propos de Jean-Christophe Lagarde. Cela en dit long sur l\u2019\u00e9tat des forces progressistes.<\/p>\n<blockquote><p>La bataille id\u00e9ologique doit \u00eatre men\u00e9e avec courage et d\u00e9termination. Accepter qu\u2019un \u00e9lu de la R\u00e9publique fran\u00e7aise cite Joseph Goebbels serait un immense renoncement, et marquerait un point de non-retour. \u00c0 quand la citation d\u2019Hitler ou de Mussolini ?<\/p><\/blockquote>\n<p>Notre responsabilit\u00e9 collective est engag\u00e9e. Nous ne pouvons nous taire. Ne rien dire, c\u2019est cautionner. Ne laissons jamais de tels propos passer sous silence. Non, citer un ministre nazi, comme r\u00e9habiliter un Mar\u00e9chal qui a collabor\u00e9, n\u2019est pas acceptable. Personne ne peut repr\u00e9senter la France, les Fran\u00e7aises et les Fran\u00e7ais, avec de tels propos. Aujourd\u2019hui, Jean-Christophe Lagarde doit d\u00e9missionner.<\/p>\n<p>&nbsp;<\/p>\n<p>\n<a href=\"https:\/\/wp.muchomaas.com\/auteur\/thomas-portes\"><strong>Thomas Portes<\/strong><\/a><div id='gallery-1' class='gallery galleryid-12064 gallery-columns-3 gallery-size-thumbnail'><figure class='gallery-item'>\n\t\t\t<div class='gallery-icon landscape'>\n\t\t\t\t<a href='https:\/\/archives.regards.fr\/wp-content\/uploads\/2020\/02\/lagarde_photo_profil__cropped_-0bf.png'><img loading=\"lazy\" decoding=\"async\" width=\"150\" height=\"150\" src=\"https:\/\/archives.regards.fr\/wp-content\/uploads\/2020\/02\/lagarde_photo_profil__cropped_-0bf-150x150.png\" class=\"attachment-thumbnail size-thumbnail\" alt=\"lagarde_photo_profil__cropped_.png\" \/><\/a>\n\t\t\t<\/div><\/figure>\n\t\t<\/div>\n<\/p>\n","protected":false},"excerpt":{"rendered":"<p>Apr\u00e8s la publication dans <em>Le Point<\/em> d&#8217;un dossier consacr\u00e9 au communautarisme illustr\u00e9 par sa photographie, le d\u00e9put\u00e9 UDI Jean-Christophe Lagarde a publi\u00e9 un communiqu\u00e9 dans lequel il cite explicitement le ministre nazi Joseph Goebbels. Thomas Portes, syndicaliste et auteur de <em>Au coeur de la haine<\/em>, demande sa d\u00e9mission.<\/p>\n","protected":false},"author":1,"featured_media":28766,"comment_status":"open","ping_status":"open","sticky":false,"template":"","format":"standard","meta":{"_themeisle_gutenberg_block_has_review":false,"footnotes":""},"categories":[278],"tags":[355],"class_list":["post-12064","post","type-post","status-publish","format-standard","has-post-thumbnail","hentry","category-tribunes","tag-extreme-droite"],"_links":{"self":[{"href":"https:\/\/archives.regards.fr\/index.php?rest_route=\/wp\/v2\/posts\/12064","targetHints":{"allow":["GET"]}}],"collection":[{"href":"https:\/\/archives.regards.fr\/index.php?rest_route=\/wp\/v2\/posts"}],"about":[{"href":"https:\/\/archives.regards.fr\/index.php?rest_route=\/wp\/v2\/types\/post"}],"author":[{"embeddable":true,"href":"https:\/\/archives.regards.fr\/index.php?rest_route=\/wp\/v2\/users\/1"}],"replies":[{"embeddable":true,"href":"https:\/\/archives.regards.fr\/index.php?rest_route=%2Fwp%2Fv2%2Fcomments&post=12064"}],"version-history":[{"count":0,"href":"https:\/\/archives.regards.fr\/index.php?rest_route=\/wp\/v2\/posts\/12064\/revisions"}],"wp:featuredmedia":[{"embeddable":true,"href":"https:\/\/archives.regards.fr\/index.php?rest_route=\/wp\/v2\/media\/28766"}],"wp:attachment":[{"href":"https:\/\/archives.regards.fr\/index.php?rest_route=%2Fwp%2Fv2%2Fmedia&parent=12064"}],"wp:term":[{"taxonomy":"category","embeddable":true,"href":"https:\/\/archives.regards.fr\/index.php?rest_route=%2Fwp%2Fv2%2Fcategories&post=12064"},{"taxonomy":"post_tag","embeddable":true,"href":"https:\/\/archives.regards.fr\/index.php?rest_route=%2Fwp%2Fv2%2Ftags&post=12064"}],"curies":[{"name":"wp","href":"https:\/\/api.w.org\/{rel}","templated":true}]}}